{"id":66011,"date":"2025-08-11T10:54:22","date_gmt":"2025-08-11T08:54:22","guid":{"rendered":"https:\/\/www.o-p-i.fr\/parlonsen\/?p=66011"},"modified":"2025-08-20T13:57:32","modified_gmt":"2025-08-20T11:57:32","slug":"cochon-a-la-broche-a-puycelsi-81","status":"publish","type":"post","link":"https:\/\/www.o-p-i.fr\/parlonsen\/parlons-en\/loisirs\/cochon-a-la-broche-a-puycelsi-81\/","title":{"rendered":"Cochon \u00e0 la broche &#8230; \u00e0 Puycelsi (81)"},"content":{"rendered":"<p><strong>Le 24 ao\u00fbt 2025 \u00e0 19h30<\/strong><\/p>\n<p><!--more--><\/p>\n<h2><img data-recalc-dims=\"1\" loading=\"lazy\" decoding=\"async\" class=\" wp-image-66014 alignright\" src=\"https:\/\/i0.wp.com\/www.o-p-i.fr\/parlonsen\/wp-content\/uploads\/2025-cochon-broche-makikatas.jpg?resize=317%2C449&#038;ssl=1\" alt=\"Cochon broche 2025 Makis Catas Puycelsi\" width=\"317\" height=\"449\" srcset=\"https:\/\/i0.wp.com\/www.o-p-i.fr\/parlonsen\/wp-content\/uploads\/2025-cochon-broche-makikatas.jpg?resize=212%2C300&amp;ssl=1 212w, https:\/\/i0.wp.com\/www.o-p-i.fr\/parlonsen\/wp-content\/uploads\/2025-cochon-broche-makikatas.jpg?resize=724%2C1024&amp;ssl=1 724w, https:\/\/i0.wp.com\/www.o-p-i.fr\/parlonsen\/wp-content\/uploads\/2025-cochon-broche-makikatas.jpg?resize=768%2C1086&amp;ssl=1 768w, https:\/\/i0.wp.com\/www.o-p-i.fr\/parlonsen\/wp-content\/uploads\/2025-cochon-broche-makikatas.jpg?resize=1086%2C1536&amp;ssl=1 1086w, https:\/\/i0.wp.com\/www.o-p-i.fr\/parlonsen\/wp-content\/uploads\/2025-cochon-broche-makikatas.jpg?w=1448&amp;ssl=1 1448w\" sizes=\"auto, (max-width: 317px) 100vw, 317px\" \/>COCHON A LA BROCHE<\/h2>\n<p>L&rsquo;association Les Makis Cattas de Puycelsi organise pour la 2 \u00e8me ann\u00e9e cons\u00e9cutive un repas dansant dans notre beau village de Puycelsi le samedi 23 aout 2025 \u00e0 19h30.<br \/>\nCe repas sera pr\u00e9c\u00e9d\u00e9 d&rsquo;un concours amical de p\u00e9tanque \u00e0 14h30.<br \/>\nRepas essentiellement compos\u00e9 de produits locaux.<br \/>\nInscriptions repas au 06 60 22 40 70<br \/>\nou via helloasso.<\/p>\n<h3>Adresse de l&rsquo;\u00e9v\u00e8nement<\/h3>\n<p>Promenade des lices \u00e0 Puycelsi<\/p>\n<h3>Lien internet vers votre \u00e9v\u00e8nement<\/h3>\n<p><a href=\"https:\/\/www.helloasso.com\/associations\/les-makis-cattas-de-puycelsi\/evenements\/repas-23-aout\">https:\/\/www.helloasso.com\/associations\/les-makis-cattas-de-puycelsi\/evenements\/repas-23-aout<\/a><\/p>\n<h3>Tarif principal<\/h3>\n<p>26 \u20ac<\/p>\n<h3>Tarif r\u00e9duit<\/h3>\n<p>13 \u20ac enfants moins de 12 ans<\/p>\n<h3>Organisateur de l&rsquo;\u00e9v\u00e8nement<\/h3>\n<p>les makis cattas de Puycelsi<\/p>\n<h3>Personne \/ Organisation \u00e0 contacter :<\/h3>\n<p>Philippe<\/p>\n<h3>T\u00e9l\u00e9phone :<\/h3>\n<p>06 60 22 40 70<\/p>\n<p><em>Information transmise par RIVIERE ERIC, Charg\u00e9 officiel de la communication de l&rsquo;\u00e9v\u00e8nement<\/em><\/p>\n","protected":false},"excerpt":{"rendered":"<div class=\"mh-excerpt\">Le 24 ao\u00fbt 2025 \u00e0 19h30<\/div>\n","protected":false},"author":9,"featured_media":66014,"comment_status":"open","ping_status":"open","sticky":false,"template":"","format":"standard","meta":{"om_disable_all_campaigns":false,"advanced_seo_description":"","jetpack_seo_html_title":"","jetpack_seo_noindex":false,"_jetpack_memberships_contains_paid_content":false,"footnotes":"","_links_to":"","_links_to_target":""},"categories":[54,6290,6375],"tags":[157,4851,6468],"class_list":{"0":"post-66011","1":"post","2":"type-post","3":"status-publish","4":"format-standard","5":"has-post-thumbnail","7":"category-loisirs","8":"category-puycelsi","9":"category-n233-aout-2025","10":"tag-repas","11":"tag-makis-kattas","12":"tag-s3425"},"jetpack_featured_media_url":"https:\/\/i0.wp.com\/www.o-p-i.fr\/parlonsen\/wp-content\/uploads\/2025-cochon-broche-makikatas.jpg?fit=1448%2C2048&ssl=1","views":"","jetpack_likes_enabled":true,"jetpack_sharing_enabled":true,"jetpack_shortlink":"https:\/\/wp.me\/pg7Wxj-haH","jetpack-related-posts":[],"_links":{"self":[{"href":"https:\/\/www.o-p-i.fr\/parlonsen\/wp-json\/wp\/v2\/posts\/66011","targetHints":{"allow":["GET"]}}],"collection":[{"href":"https:\/\/www.o-p-i.fr\/parlonsen\/wp-json\/wp\/v2\/posts"}],"about":[{"href":"https:\/\/www.o-p-i.fr\/parlonsen\/wp-json\/wp\/v2\/types\/post"}],"author":[{"embeddable":true,"href":"https:\/\/www.o-p-i.fr\/parlonsen\/wp-json\/wp\/v2\/users\/9"}],"replies":[{"embeddable":true,"href":"https:\/\/www.o-p-i.fr\/parlonsen\/wp-json\/wp\/v2\/comments?post=66011"}],"version-history":[{"count":0,"href":"https:\/\/www.o-p-i.fr\/parlonsen\/wp-json\/wp\/v2\/posts\/66011\/revisions"}],"wp:featuredmedia":[{"embeddable":true,"href":"https:\/\/www.o-p-i.fr\/parlonsen\/wp-json\/wp\/v2\/media\/66014"}],"wp:attachment":[{"href":"https:\/\/www.o-p-i.fr\/parlonsen\/wp-json\/wp\/v2\/media?parent=66011"}],"wp:term":[{"taxonomy":"category","embeddable":true,"href":"https:\/\/www.o-p-i.fr\/parlonsen\/wp-json\/wp\/v2\/categories?post=66011"},{"taxonomy":"post_tag","embeddable":true,"href":"https:\/\/www.o-p-i.fr\/parlonsen\/wp-json\/wp\/v2\/tags?post=66011"}],"curies":[{"name":"wp","href":"https:\/\/api.w.org\/{rel}","templated":true}]}}