{"id":66026,"date":"2025-08-11T12:23:18","date_gmt":"2025-08-11T10:23:18","guid":{"rendered":"https:\/\/www.o-p-i.fr\/parlonsen\/?p=66026"},"modified":"2025-08-20T13:55:14","modified_gmt":"2025-08-20T11:55:14","slug":"concert-voix-et-orgue-a-st-antonin-noble-val-82","status":"publish","type":"post","link":"https:\/\/www.o-p-i.fr\/parlonsen\/parlons-en\/culture\/concert-voix-et-orgue-a-st-antonin-noble-val-82\/","title":{"rendered":"Concert Voix et orgue &#8230; \u00e0 St Antonin Noble Val (82)"},"content":{"rendered":"<h2><strong>Le 22 ao\u00fbt 2025 \u00e0 20h30<\/strong><br \/>\n<!--more--><br \/>\n<img data-recalc-dims=\"1\" loading=\"lazy\" decoding=\"async\" class=\" wp-image-66028 alignright\" src=\"https:\/\/i0.wp.com\/www.o-p-i.fr\/parlonsen\/wp-content\/uploads\/22-aout-2025-Concert-Voix-et-orgue.jpg?resize=339%2C479&#038;ssl=1\" alt=\"Concert voix et orgue St Antonin 2025\" width=\"339\" height=\"479\" srcset=\"https:\/\/i0.wp.com\/www.o-p-i.fr\/parlonsen\/wp-content\/uploads\/22-aout-2025-Concert-Voix-et-orgue.jpg?resize=212%2C300&amp;ssl=1 212w, https:\/\/i0.wp.com\/www.o-p-i.fr\/parlonsen\/wp-content\/uploads\/22-aout-2025-Concert-Voix-et-orgue.jpg?resize=724%2C1024&amp;ssl=1 724w, https:\/\/i0.wp.com\/www.o-p-i.fr\/parlonsen\/wp-content\/uploads\/22-aout-2025-Concert-Voix-et-orgue.jpg?resize=768%2C1086&amp;ssl=1 768w, https:\/\/i0.wp.com\/www.o-p-i.fr\/parlonsen\/wp-content\/uploads\/22-aout-2025-Concert-Voix-et-orgue.jpg?resize=1086%2C1536&amp;ssl=1 1086w, https:\/\/i0.wp.com\/www.o-p-i.fr\/parlonsen\/wp-content\/uploads\/22-aout-2025-Concert-Voix-et-orgue.jpg?resize=1448%2C2048&amp;ssl=1 1448w, https:\/\/i0.wp.com\/www.o-p-i.fr\/parlonsen\/wp-content\/uploads\/22-aout-2025-Concert-Voix-et-orgue.jpg?w=1587&amp;ssl=1 1587w\" sizes=\"auto, (max-width: 339px) 100vw, 339px\" \/>Concert Voix et orgue<\/h2>\n<p>Deux grands professionnels, Cynthia Bak (soprano) et St\u00e9phane Bois (orgue), proposent un programme d&rsquo;airs autour des oeuvres de JS Bach et F. Mendelssohn, sur l&rsquo;orgue r\u00e9cemment restaur\u00e9 de l&rsquo;\u00e9glise de St Antonin Noble Val. Un concert d&rsquo;exception.<\/p>\n<p>R\u00e9servation recommand\u00e9e<\/p>\n<h3>Adresse de l&rsquo;\u00e9v\u00e8nement<\/h3>\n<p>Eglise de St Antonin<br \/>\n4 rue du pont de l&rsquo;Aveyron<br \/>\n82140 St Antonin Noble Val<\/p>\n<h3>Lien internet vers votre \u00e9v\u00e8nement<\/h3>\n<p><a href=\"https:\/\/www.helloasso.com\/associations\/les-amis-de-l-orgue-puget-de-saint-antonin-noble-val\/evenements\/arias-pour-voix-et-orgue\">https:\/\/www.helloasso.com\/associations\/les-amis-de-l-orgue-puget-de-saint-antonin-noble-val\/evenements\/arias-pour-voix-et-orgue<\/a><\/p>\n<h3>Tarif principal<\/h3>\n<p>15 \u20ac<\/p>\n<h3>Tarif r\u00e9duit &#8211; combien et pour qui ?<\/h3>\n<p>12 \u20ac (moins de 26 ans, demandeurs d&#8217;emploi)<\/p>\n<h3>Organisateur de l&rsquo;\u00e9v\u00e8nement<\/h3>\n<p>Amis de l&rsquo;orgue Puget de St Antonin<\/p>\n<h3>Personne \/ Organisation \u00e0 contacter<\/h3>\n<p>Amis de l&rsquo;orgue Puget de St Antonin<\/p>\n<h3>T\u00e9l\u00e9phone<\/h3>\n<p>0615103062<\/p>\n<h3>Courriel<\/h3>\n<p>orgue.stantonin82@gmail.com<\/p>\n<p><em>Information transmise par Belaygues Isabelle, L&rsquo;organisateur de l&rsquo;\u00e9v\u00e8nement<\/em><\/p>\n","protected":false},"excerpt":{"rendered":"<div class=\"mh-excerpt\">Le 22 ao\u00fbt 2025 \u00e0 20h30<\/div>\n","protected":false},"author":9,"featured_media":66028,"comment_status":"open","ping_status":"open","sticky":false,"template":"","format":"standard","meta":{"om_disable_all_campaigns":false,"advanced_seo_description":"","jetpack_seo_html_title":"","jetpack_seo_noindex":false,"_jetpack_memberships_contains_paid_content":false,"footnotes":"","_links_to":"","_links_to_target":""},"categories":[1,6464,6375],"tags":[43,6468],"class_list":{"0":"post-66026","1":"post","2":"type-post","3":"status-publish","4":"format-standard","5":"has-post-thumbnail","7":"category-culture","8":"category-st-antonin-noble-val","9":"category-n233-aout-2025","10":"tag-concert","11":"tag-s3425"},"jetpack_featured_media_url":"https:\/\/i0.wp.com\/www.o-p-i.fr\/parlonsen\/wp-content\/uploads\/22-aout-2025-Concert-Voix-et-orgue.jpg?fit=1587%2C2245&ssl=1","views":"","jetpack_likes_enabled":true,"jetpack_sharing_enabled":true,"jetpack_shortlink":"https:\/\/wp.me\/pg7Wxj-haW","jetpack-related-posts":[],"_links":{"self":[{"href":"https:\/\/www.o-p-i.fr\/parlonsen\/wp-json\/wp\/v2\/posts\/66026","targetHints":{"allow":["GET"]}}],"collection":[{"href":"https:\/\/www.o-p-i.fr\/parlonsen\/wp-json\/wp\/v2\/posts"}],"about":[{"href":"https:\/\/www.o-p-i.fr\/parlonsen\/wp-json\/wp\/v2\/types\/post"}],"author":[{"embeddable":true,"href":"https:\/\/www.o-p-i.fr\/parlonsen\/wp-json\/wp\/v2\/users\/9"}],"replies":[{"embeddable":true,"href":"https:\/\/www.o-p-i.fr\/parlonsen\/wp-json\/wp\/v2\/comments?post=66026"}],"version-history":[{"count":0,"href":"https:\/\/www.o-p-i.fr\/parlonsen\/wp-json\/wp\/v2\/posts\/66026\/revisions"}],"wp:featuredmedia":[{"embeddable":true,"href":"https:\/\/www.o-p-i.fr\/parlonsen\/wp-json\/wp\/v2\/media\/66028"}],"wp:attachment":[{"href":"https:\/\/www.o-p-i.fr\/parlonsen\/wp-json\/wp\/v2\/media?parent=66026"}],"wp:term":[{"taxonomy":"category","embeddable":true,"href":"https:\/\/www.o-p-i.fr\/parlonsen\/wp-json\/wp\/v2\/categories?post=66026"},{"taxonomy":"post_tag","embeddable":true,"href":"https:\/\/www.o-p-i.fr\/parlonsen\/wp-json\/wp\/v2\/tags?post=66026"}],"curies":[{"name":"wp","href":"https:\/\/api.w.org\/{rel}","templated":true}]}}