{"id":6605,"date":"2011-02-09T19:02:03","date_gmt":"2011-02-09T17:02:03","guid":{"rendered":"\/parlonsen\/?p=6605"},"modified":"2011-02-13T17:07:26","modified_gmt":"2011-02-13T15:07:26","slug":"journee-de-peche-en-famille-a-la-salvetat-belmontet","status":"publish","type":"post","link":"https:\/\/www.o-p-i.fr\/parlonsen\/localisation\/au-pays-des-tescous\/monclar\/journee-de-peche-en-famille-a-la-salvetat-belmontet\/","title":{"rendered":"Journ\u00e9e de p\u00eache en famille &#8230; \u00e0 La Salvetat Belmontet"},"content":{"rendered":"<p><span style=\"color: #003300;\"><strong>L\u2019AAPPMA de Monclar de Quercy<\/strong><\/span> organise une<span style=\"color: #003300;\"><strong> journ\u00e9e familiale de p\u00eache<\/strong><\/span> au bord du plan d\u2019eau de M. B\u00e9theille \u00e0 La Salvetat Belmontet.<!--more--><\/p>\n<p>Les membres de l\u2019AAPPMA  de Monclar de Quer\u00e7y vous invite  \u00e0 venir taquiner la truite le <span style=\"color: #003300;\"><strong>Dimanche 27 F\u00e9vrier 2011<\/strong><\/span><\/p>\n<p>Le permis de p\u00eache n\u2019est pas exig\u00e9 mais chaque participant doit avoir souscrit une assurance responsabilit\u00e9 civile.<br \/>\nUn l\u00e2cher de 100 kq de truites aura \u00e9t\u00e9 effectu\u00e9 quelques jours auparavant.<\/p>\n<p><span style=\"color: #003300;\"><strong>Au programme :<\/strong><\/span><br \/>\n8 h : Inscription pour la p\u00eache et petit d\u00e9j&rsquo;.<br \/>\n9 h : D\u00e9but de la partie de p\u00eache<br \/>\n12 h : Arr\u00eat de la p\u00eache. P\u00eacheurs et sympathisants se retrouvent pour l&rsquo;ap\u00e9ro offert par l&rsquo;AAPPMA.<\/p>\n<p>REPAS: P\u00e2t\u00e9, grillade, moung\u00e9tado, salade, fromage , croustade et caf\u00e9<br \/>\nTirage de la tombola et reprise de la p\u00eache jusqu\u2019\u00e0 18h.<\/p>\n<p>APPORTER VOS COUVERTS !<\/p>\n<p><span style=\"color: #003300;\"><strong>Participation : <\/strong><\/span><\/p>\n<p><span style=\"color: #003300;\">&#8211; P\u00eache :<\/span><br \/>\nAdultes : 10 \u20ac ou carte<br \/>\nEnfants (-18 ans ) : 7 \u20ac ou carte<\/p>\n<p><span style=\"color: #003300;\">&#8211; Repas : <\/span><br \/>\nAdultes : 10 \u20ac<br \/>\nEnfants (- 18 ans ) : 7 \u20ac<br \/>\nEnfants ( &#8211; 8 ans) : Gratuit<\/p>\n<p><em>Communiqu\u00e9 du Bureau de l&rsquo;AAPPMA<\/em><\/p>\n<p><a href=\"https:\/\/www.o-p-i.fr\/parlonsen\/agenda\/\"><strong>Retrouvez tous les \u00e9v\u00e8nements dans l&rsquo;agenda !<\/strong><\/a><\/p>\n","protected":false},"excerpt":{"rendered":"<div class=\"mh-excerpt\">L\u2019AAPPMA de Monclar de Quercy organise une journ\u00e9e familiale de p\u00eache au bord du plan d\u2019eau de M. B\u00e9theille \u00e0 La Salvetat Belmontet.<\/div>\n","protected":false},"author":2,"featured_media":0,"comment_status":"open","ping_status":"open","sticky":false,"template":"","format":"standard","meta":{"om_disable_all_campaigns":false,"advanced_seo_description":"","jetpack_seo_html_title":"","jetpack_seo_noindex":false,"_jetpack_memberships_contains_paid_content":false,"footnotes":"","_links_to":"","_links_to_target":""},"categories":[34,16,54,53,839],"tags":[143,167,181],"class_list":{"0":"post-6605","1":"post","2":"type-post","3":"status-publish","4":"format-standard","6":"category-salvetat","7":"category-monclar","8":"category-loisirs","9":"category-sports","10":"category-n-58-fevrier-2011","11":"tag-monclar-de-quercy","12":"tag-peche","13":"tag-la-salvetat-belmontet"},"jetpack_featured_media_url":"","views":{"total":0,"cached_at":"","cached_date":1738516131},"jetpack_likes_enabled":true,"jetpack_sharing_enabled":true,"jetpack_shortlink":"https:\/\/wp.me\/pg7Wxj-1Ix","jetpack-related-posts":[],"_links":{"self":[{"href":"https:\/\/www.o-p-i.fr\/parlonsen\/wp-json\/wp\/v2\/posts\/6605","targetHints":{"allow":["GET"]}}],"collection":[{"href":"https:\/\/www.o-p-i.fr\/parlonsen\/wp-json\/wp\/v2\/posts"}],"about":[{"href":"https:\/\/www.o-p-i.fr\/parlonsen\/wp-json\/wp\/v2\/types\/post"}],"author":[{"embeddable":true,"href":"https:\/\/www.o-p-i.fr\/parlonsen\/wp-json\/wp\/v2\/users\/2"}],"replies":[{"embeddable":true,"href":"https:\/\/www.o-p-i.fr\/parlonsen\/wp-json\/wp\/v2\/comments?post=6605"}],"version-history":[{"count":0,"href":"https:\/\/www.o-p-i.fr\/parlonsen\/wp-json\/wp\/v2\/posts\/6605\/revisions"}],"wp:attachment":[{"href":"https:\/\/www.o-p-i.fr\/parlonsen\/wp-json\/wp\/v2\/media?parent=6605"}],"wp:term":[{"taxonomy":"category","embeddable":true,"href":"https:\/\/www.o-p-i.fr\/parlonsen\/wp-json\/wp\/v2\/categories?post=6605"},{"taxonomy":"post_tag","embeddable":true,"href":"https:\/\/www.o-p-i.fr\/parlonsen\/wp-json\/wp\/v2\/tags?post=6605"}],"curies":[{"name":"wp","href":"https:\/\/api.w.org\/{rel}","templated":true}]}}