{"id":66100,"date":"2025-08-20T18:45:42","date_gmt":"2025-08-20T16:45:42","guid":{"rendered":"https:\/\/www.o-p-i.fr\/parlonsen\/?p=66100"},"modified":"2025-08-28T12:27:32","modified_gmt":"2025-08-28T10:27:32","slug":"fete-de-la-ruralite-2025-a-monclar-de-quercy-82","status":"publish","type":"post","link":"https:\/\/www.o-p-i.fr\/parlonsen\/parlons-en\/agriculture\/fete-de-la-ruralite-2025-a-monclar-de-quercy-82\/","title":{"rendered":"F\u00eate de la ruralit\u00e9 2025 &#8230;\u00e0 Monclar-de-Quercy (82)"},"content":{"rendered":"<p><strong>Dimanche 31 ao\u00fbt 2025,<\/strong> esplanade des lacs: <!--more--><img data-recalc-dims=\"1\" loading=\"lazy\" decoding=\"async\" class=\" wp-image-66101 alignright\" src=\"https:\/\/i0.wp.com\/www.o-p-i.fr\/parlonsen\/wp-content\/uploads\/Affiche-comice-2025.jpg?resize=353%2C500&#038;ssl=1\" alt=\"\" width=\"353\" height=\"500\" srcset=\"https:\/\/i0.wp.com\/www.o-p-i.fr\/parlonsen\/wp-content\/uploads\/Affiche-comice-2025.jpg?resize=212%2C300&amp;ssl=1 212w, https:\/\/i0.wp.com\/www.o-p-i.fr\/parlonsen\/wp-content\/uploads\/Affiche-comice-2025.jpg?resize=724%2C1024&amp;ssl=1 724w, https:\/\/i0.wp.com\/www.o-p-i.fr\/parlonsen\/wp-content\/uploads\/Affiche-comice-2025.jpg?resize=768%2C1086&amp;ssl=1 768w, https:\/\/i0.wp.com\/www.o-p-i.fr\/parlonsen\/wp-content\/uploads\/Affiche-comice-2025.jpg?resize=1086%2C1536&amp;ssl=1 1086w, https:\/\/i0.wp.com\/www.o-p-i.fr\/parlonsen\/wp-content\/uploads\/Affiche-comice-2025.jpg?w=1169&amp;ssl=1 1169w\" sizes=\"auto, (max-width: 353px) 100vw, 353px\" \/>F\u00eate de la ruralit\u00e9 \u00e0 Monclar-de-Quercy<\/p>\n<p>&nbsp;<\/p>\n<p>&nbsp;<\/p>\n<p><strong>Tarifs :\u00a0<\/strong>Gratuit<\/p>\n<p><strong><b>Renseignements<\/b>\u00a0:\u00a0<\/strong>06 86 08 07 87<\/p>\n<p><em>Information communiqu\u00e9e par R. Arland\u00e8s<\/em><\/p>\n<p><a href=\"https:\/\/www.o-p-i.fr\/aupays\/au-pays\/agenda\/\">Retrouvez tous les \u00e9v\u00e9nements dans l&rsquo;agenda !<\/a><\/p>\n<p>&nbsp;<\/p>\n","protected":false},"excerpt":{"rendered":"<div class=\"mh-excerpt\">Dimanche 31 ao\u00fbt 2025, esplanade des lacs:<\/div>\n","protected":false},"author":9,"featured_media":66101,"comment_status":"open","ping_status":"open","sticky":false,"template":"","format":"standard","meta":{"om_disable_all_campaigns":false,"advanced_seo_description":"","jetpack_seo_html_title":"","jetpack_seo_noindex":false,"_jetpack_memberships_contains_paid_content":false,"footnotes":"","_links_to":"","_links_to_target":""},"categories":[3,16,6375],"tags":[143,1893,6340,6469],"class_list":{"0":"post-66100","1":"post","2":"type-post","3":"status-publish","4":"format-standard","5":"has-post-thumbnail","7":"category-agriculture","8":"category-monclar","9":"category-n233-aout-2025","10":"tag-monclar-de-quercy","11":"tag-fete-de-la-ruralite","12":"tag-a-la-une","13":"tag-s3525"},"jetpack_featured_media_url":"https:\/\/i0.wp.com\/www.o-p-i.fr\/parlonsen\/wp-content\/uploads\/Affiche-comice-2025.jpg?fit=1169%2C1653&ssl=1","views":{"total":0,"cached_at":"","cached_date":1738347279},"jetpack_likes_enabled":true,"jetpack_sharing_enabled":true,"jetpack_shortlink":"https:\/\/wp.me\/pg7Wxj-hc8","jetpack-related-posts":[],"_links":{"self":[{"href":"https:\/\/www.o-p-i.fr\/parlonsen\/wp-json\/wp\/v2\/posts\/66100","targetHints":{"allow":["GET"]}}],"collection":[{"href":"https:\/\/www.o-p-i.fr\/parlonsen\/wp-json\/wp\/v2\/posts"}],"about":[{"href":"https:\/\/www.o-p-i.fr\/parlonsen\/wp-json\/wp\/v2\/types\/post"}],"author":[{"embeddable":true,"href":"https:\/\/www.o-p-i.fr\/parlonsen\/wp-json\/wp\/v2\/users\/9"}],"replies":[{"embeddable":true,"href":"https:\/\/www.o-p-i.fr\/parlonsen\/wp-json\/wp\/v2\/comments?post=66100"}],"version-history":[{"count":0,"href":"https:\/\/www.o-p-i.fr\/parlonsen\/wp-json\/wp\/v2\/posts\/66100\/revisions"}],"wp:featuredmedia":[{"embeddable":true,"href":"https:\/\/www.o-p-i.fr\/parlonsen\/wp-json\/wp\/v2\/media\/66101"}],"wp:attachment":[{"href":"https:\/\/www.o-p-i.fr\/parlonsen\/wp-json\/wp\/v2\/media?parent=66100"}],"wp:term":[{"taxonomy":"category","embeddable":true,"href":"https:\/\/www.o-p-i.fr\/parlonsen\/wp-json\/wp\/v2\/categories?post=66100"},{"taxonomy":"post_tag","embeddable":true,"href":"https:\/\/www.o-p-i.fr\/parlonsen\/wp-json\/wp\/v2\/tags?post=66100"}],"curies":[{"name":"wp","href":"https:\/\/api.w.org\/{rel}","templated":true}]}}