{"id":66130,"date":"2025-08-21T13:06:04","date_gmt":"2025-08-21T11:06:04","guid":{"rendered":"https:\/\/www.o-p-i.fr\/parlonsen\/?p=66130"},"modified":"2025-09-25T11:55:56","modified_gmt":"2025-09-25T09:55:56","slug":"lamichemin-trois-ans-deja-a-monclar-de-quercy-82","status":"publish","type":"post","link":"https:\/\/www.o-p-i.fr\/parlonsen\/localisation\/au-pays-des-tescous\/monclar\/lamichemin-trois-ans-deja-a-monclar-de-quercy-82\/","title":{"rendered":"L&rsquo;aMICHEmin trois ans d\u00e9j\u00e0 ! \u00e0 Monclar de Quercy &#8230; (82)"},"content":{"rendered":"<p><strong>Samedi 27 Septembre 2025<\/strong>, l\u2019aMICHEmin f\u00eate ses 3 ans d\u00e9j\u00e0 !!!!<\/p>\n<p><!--more--><\/p>\n<p class=\"v1text-build-content\"><img data-recalc-dims=\"1\" loading=\"lazy\" decoding=\"async\" class=\" alignright\" src=\"https:\/\/i0.wp.com\/www.lamichemin.fr\/wp-content\/uploads\/2025\/08\/trois-ans-deja-lamiche-2025.jpg?resize=519%2C292&#038;ssl=1\" width=\"519\" height=\"292\" \/><\/p>\n<div class=\"tribe-events-single-event-description tribe-events-content\">\n<p><strong>Samedi 27 Septembre 2025<\/strong>, l\u2019aMICHEmin f\u00eate ses 3 ans d\u00e9j\u00e0 !!!!<\/p>\n<p><strong>18h30 : <\/strong>Ouverture du Bar<\/p>\n<p><strong>D\u00e8s 19h :<\/strong><br \/>\nStand d\u2019infos avec les producteurs et productrices du <a href=\"https:\/\/www.lamichemin.fr\/gac\/\">GAC<\/a><br \/>\nPetite restauration sur place avec le food-truck\u00a0 de ?<\/p>\n<p><strong>20h30 :\u00a0 GoldStandars : <\/strong>\u00a0Le funk, le vrai !<\/p>\n<p>INFOS PRATIQUES<br \/>\n\ud83d\udd96\ud83c\udffc Ouvert \u00e0 tous\u00b7tes<br \/>\n\ud83d\udd0e L\u2019aMICHEmin, ext\u00e9rieur (repli sous le boulodrome en cas d\u2019intemp\u00e9ries)<br \/>\n\ud83d\udcb6 Participation au chapeau<\/p>\n<\/div>\n<p class=\"v1text-build-content\"><em>Information communiqu\u00e9e par la commission communication<br \/>\n<\/em><\/p>\n<p><a href=\"https:\/\/www.o-p-i.fr\/aupays\/au-pays\/agenda\/\">Retrouvez tous les \u00e9v\u00e9nements dans l&rsquo;agenda !<\/a><\/p>\n","protected":false},"excerpt":{"rendered":"<div class=\"mh-excerpt\">Samedi 27 Septembre 2025, l\u2019aMICHEmin f\u00eate ses 3 ans d\u00e9j\u00e0 !!!!<\/div>\n","protected":false},"author":9,"featured_media":56539,"comment_status":"open","ping_status":"open","sticky":false,"template":"","format":"standard","meta":{"om_disable_all_campaigns":false,"advanced_seo_description":"","jetpack_seo_html_title":"","jetpack_seo_noindex":false,"_jetpack_memberships_contains_paid_content":false,"footnotes":"","_links_to":"","_links_to_target":""},"categories":[16,54,6375],"tags":[43,83,143,2020,5164,5557,6340,6478],"class_list":{"0":"post-66130","1":"post","2":"type-post","3":"status-publish","4":"format-standard","5":"has-post-thumbnail","7":"category-monclar","8":"category-loisirs","9":"category-n233-aout-2025","10":"tag-concert","11":"tag-anniversaire","12":"tag-monclar-de-quercy","13":"tag-cafe-concert","14":"tag-lamichemin","15":"tag-festivites","16":"tag-a-la-une","17":"tag-s3925"},"jetpack_featured_media_url":"https:\/\/i0.wp.com\/www.o-p-i.fr\/parlonsen\/wp-content\/uploads\/laMICHEmin.jpg?fit=198%2C120&ssl=1","views":{"total":4,"cached_at":"","cached_date":1738364202},"jetpack_likes_enabled":true,"jetpack_sharing_enabled":true,"jetpack_shortlink":"https:\/\/wp.me\/pg7Wxj-hcC","jetpack-related-posts":[],"_links":{"self":[{"href":"https:\/\/www.o-p-i.fr\/parlonsen\/wp-json\/wp\/v2\/posts\/66130","targetHints":{"allow":["GET"]}}],"collection":[{"href":"https:\/\/www.o-p-i.fr\/parlonsen\/wp-json\/wp\/v2\/posts"}],"about":[{"href":"https:\/\/www.o-p-i.fr\/parlonsen\/wp-json\/wp\/v2\/types\/post"}],"author":[{"embeddable":true,"href":"https:\/\/www.o-p-i.fr\/parlonsen\/wp-json\/wp\/v2\/users\/9"}],"replies":[{"embeddable":true,"href":"https:\/\/www.o-p-i.fr\/parlonsen\/wp-json\/wp\/v2\/comments?post=66130"}],"version-history":[{"count":0,"href":"https:\/\/www.o-p-i.fr\/parlonsen\/wp-json\/wp\/v2\/posts\/66130\/revisions"}],"wp:featuredmedia":[{"embeddable":true,"href":"https:\/\/www.o-p-i.fr\/parlonsen\/wp-json\/wp\/v2\/media\/56539"}],"wp:attachment":[{"href":"https:\/\/www.o-p-i.fr\/parlonsen\/wp-json\/wp\/v2\/media?parent=66130"}],"wp:term":[{"taxonomy":"category","embeddable":true,"href":"https:\/\/www.o-p-i.fr\/parlonsen\/wp-json\/wp\/v2\/categories?post=66130"},{"taxonomy":"post_tag","embeddable":true,"href":"https:\/\/www.o-p-i.fr\/parlonsen\/wp-json\/wp\/v2\/tags?post=66130"}],"curies":[{"name":"wp","href":"https:\/\/api.w.org\/{rel}","templated":true}]}}