{"id":66148,"date":"2025-08-28T12:16:43","date_gmt":"2025-08-28T10:16:43","guid":{"rendered":"https:\/\/www.o-p-i.fr\/parlonsen\/?p=66148"},"modified":"2025-09-11T11:43:33","modified_gmt":"2025-09-11T09:43:33","slug":"la-chicoree-amere-une-force-discrete","status":"publish","type":"post","link":"https:\/\/www.o-p-i.fr\/parlonsen\/parlons-en\/editorial\/la-chicoree-amere-une-force-discrete\/","title":{"rendered":"La Chicor\u00e9e am\u00e8re, une force discr\u00e8te."},"content":{"rendered":"<div>\n<p>&nbsp;<\/p>\n<p><img data-recalc-dims=\"1\" loading=\"lazy\" decoding=\"async\" class=\"size-medium wp-image-66150 alignright\" src=\"https:\/\/i0.wp.com\/www.o-p-i.fr\/parlonsen\/wp-content\/uploads\/2025-08-28-photo-edito-chicoree-amere.jpg?resize=300%2C300&#038;ssl=1\" alt=\"\" width=\"300\" height=\"300\" srcset=\"https:\/\/i0.wp.com\/www.o-p-i.fr\/parlonsen\/wp-content\/uploads\/2025-08-28-photo-edito-chicoree-amere-scaled.jpg?resize=300%2C300&amp;ssl=1 300w, https:\/\/i0.wp.com\/www.o-p-i.fr\/parlonsen\/wp-content\/uploads\/2025-08-28-photo-edito-chicoree-amere-scaled.jpg?resize=1024%2C1024&amp;ssl=1 1024w, https:\/\/i0.wp.com\/www.o-p-i.fr\/parlonsen\/wp-content\/uploads\/2025-08-28-photo-edito-chicoree-amere-scaled.jpg?resize=50%2C50&amp;ssl=1 50w, https:\/\/i0.wp.com\/www.o-p-i.fr\/parlonsen\/wp-content\/uploads\/2025-08-28-photo-edito-chicoree-amere-scaled.jpg?resize=768%2C768&amp;ssl=1 768w, https:\/\/i0.wp.com\/www.o-p-i.fr\/parlonsen\/wp-content\/uploads\/2025-08-28-photo-edito-chicoree-amere-scaled.jpg?resize=1536%2C1536&amp;ssl=1 1536w, https:\/\/i0.wp.com\/www.o-p-i.fr\/parlonsen\/wp-content\/uploads\/2025-08-28-photo-edito-chicoree-amere-scaled.jpg?resize=2048%2C2048&amp;ssl=1 2048w, https:\/\/i0.wp.com\/www.o-p-i.fr\/parlonsen\/wp-content\/uploads\/2025-08-28-photo-edito-chicoree-amere-scaled.jpg?resize=375%2C375&amp;ssl=1 375w\" sizes=\"auto, (max-width: 300px) 100vw, 300px\" \/>Dress\u00e9e sur ses tiges rugueuses, la Chicor\u00e9e am\u00e8re (Cichorium intybus) \u00e9claire les talus de ses corolles bleues. Elles s\u2019ouvrent \u00e0 l\u2019aube et se referment avant midi, fugaces \u00e9clats de ciel dans l\u2019herbe. Ses feuilles dentel\u00e9es dessinent une rosette serr\u00e9e. Sa racine charnue s\u2019enfonce profond\u00e9ment. Son suc amer scelle l\u2019identit\u00e9 d\u2019une plante robuste, h\u00e9riti\u00e8re des pr\u00e9s comme des potagers.<\/p>\n<p>Elle prosp\u00e8re sur les friches s\u00e8ches, les pr\u00e9s et les bords de chemins. Discr\u00e8te mais tenace, elle s\u2019installe dans les terres d\u00e9laiss\u00e9es et rappelle, par sa persistance, la vitalit\u00e9 d\u2019une nature qui s\u2019affirme l\u00e0 o\u00f9 l\u2019homme d\u00e9tourne le regard.<\/p>\n<p>Comestible depuis l\u2019\u00c9gypte antique, elle nourrit et surprend par son amertume. De ses formes cultiv\u00e9es sont n\u00e9es endives, chicor\u00e9es rouges et salades d\u2019hiver. Crue ou cuite, feuille ou racine torr\u00e9fi\u00e9e, elle a marqu\u00e9 la table paysanne autant que l\u2019histoire culinaire.<\/p>\n<p>Tonique amer et d\u00e9purative, la chicor\u00e9e r\u00e9veille la digestion, soutient le foie et apaise le transit. Sa richesse en fibres, en inuline et en antioxydants en fait, encore aujourd\u2019hui, une alli\u00e9e pr\u00e9cieuse de la sant\u00e9.<\/p>\n<p>Plante des chemins et des friches, la chicor\u00e9e transforme l\u2019amertume en ressource. Ses fleurs bleues, br\u00e8ves et lumineuses, rappellent que la vie rena\u00eet chaque fois qu\u2019on laisse \u00e0 la terre l\u2019espace de respirer.<\/p>\n<div>\n<p>\u200c<\/p>\n<p dir=\"ltr\"><div class=\"card\" style=\"width: 350px;\">\r\n<div class=\"card-body\">\r\n<h3 class=\"card-title text-center bg-light\">Fiche Auteur<\/h3>\r\n<a href=\"https:\/\/www.o-p-i.fr\/7alire\/nicolas-duivon\/nicolas-duivon-auteur\/\" target=\"_blank\" rel=\"noopener\">\r\n<img data-recalc-dims=\"1\" decoding=\"async\" class=\"card-img\" src=\"https:\/\/i0.wp.com\/www.o-p-i.fr\/7alire\/wp-content\/uploads\/2025-photo-auteur-nicolas-duivon-scaled-e1765108565599.jpg?ssl=1\" alt=\"Nicolas Duivon\" \/><\/a>\r\n<p class=\"card-text\">Nicolas Duivon<\/p>\r\n<a class=\"btn btn-primary\" href=\"https:\/\/www.o-p-i.fr\/7alire\/nicolas-duivon\/nicolas-duivon-auteur\/\" target=\"_blank\" rel=\"noopener\">Auteur Nicolas Duivon<i class=\"fa-solid fa-arrow-up-right-from-square\"><\/i><\/a>\r\n\r\n<\/div>\r\n<\/div><\/p>\n<p dir=\"ltr\">20 vues<\/p>\n<\/div>\n<\/div>\n","protected":false},"excerpt":{"rendered":"<div class=\"mh-excerpt\">&nbsp; Dress\u00e9e sur ses tiges rugueuses, la Chicor\u00e9e am\u00e8re (Cichorium intybus) \u00e9claire les talus de ses corolles bleues. Elles s\u2019ouvrent \u00e0 l\u2019aube et se referment avant midi, fugaces \u00e9clats de ciel dans l\u2019herbe. Ses feuilles <a class=\"mh-excerpt-more\" href=\"https:\/\/www.o-p-i.fr\/parlonsen\/parlons-en\/editorial\/la-chicoree-amere-une-force-discrete\/\" title=\"La Chicor\u00e9e am\u00e8re, une force discr\u00e8te.\">[&#8230;]<\/a><\/div>\n","protected":false},"author":9,"featured_media":66150,"comment_status":"open","ping_status":"open","sticky":false,"template":"","format":"standard","meta":{"om_disable_all_campaigns":false,"advanced_seo_description":"","jetpack_seo_html_title":"","jetpack_seo_noindex":false,"_jetpack_memberships_contains_paid_content":false,"footnotes":"","_links_to":"","_links_to_target":""},"categories":[36,6375],"tags":[105,2944],"class_list":{"0":"post-66148","1":"post","2":"type-post","3":"status-publish","4":"format-standard","5":"has-post-thumbnail","7":"category-editorial","8":"category-n233-aout-2025","9":"tag-nature","10":"tag-pantes-sauvages"},"jetpack_featured_media_url":"https:\/\/i0.wp.com\/www.o-p-i.fr\/parlonsen\/wp-content\/uploads\/2025-08-28-photo-edito-chicoree-amere-scaled.jpg?fit=2560%2C2560&ssl=1","views":{"total":20,"cached_at":"","cached_date":1777575460},"jetpack_likes_enabled":true,"jetpack_sharing_enabled":true,"jetpack_shortlink":"https:\/\/wp.me\/pg7Wxj-hcU","jetpack-related-posts":[],"_links":{"self":[{"href":"https:\/\/www.o-p-i.fr\/parlonsen\/wp-json\/wp\/v2\/posts\/66148","targetHints":{"allow":["GET"]}}],"collection":[{"href":"https:\/\/www.o-p-i.fr\/parlonsen\/wp-json\/wp\/v2\/posts"}],"about":[{"href":"https:\/\/www.o-p-i.fr\/parlonsen\/wp-json\/wp\/v2\/types\/post"}],"author":[{"embeddable":true,"href":"https:\/\/www.o-p-i.fr\/parlonsen\/wp-json\/wp\/v2\/users\/9"}],"replies":[{"embeddable":true,"href":"https:\/\/www.o-p-i.fr\/parlonsen\/wp-json\/wp\/v2\/comments?post=66148"}],"version-history":[{"count":0,"href":"https:\/\/www.o-p-i.fr\/parlonsen\/wp-json\/wp\/v2\/posts\/66148\/revisions"}],"wp:featuredmedia":[{"embeddable":true,"href":"https:\/\/www.o-p-i.fr\/parlonsen\/wp-json\/wp\/v2\/media\/66150"}],"wp:attachment":[{"href":"https:\/\/www.o-p-i.fr\/parlonsen\/wp-json\/wp\/v2\/media?parent=66148"}],"wp:term":[{"taxonomy":"category","embeddable":true,"href":"https:\/\/www.o-p-i.fr\/parlonsen\/wp-json\/wp\/v2\/categories?post=66148"},{"taxonomy":"post_tag","embeddable":true,"href":"https:\/\/www.o-p-i.fr\/parlonsen\/wp-json\/wp\/v2\/tags?post=66148"}],"curies":[{"name":"wp","href":"https:\/\/api.w.org\/{rel}","templated":true}]}}