{"id":66175,"date":"2025-08-29T18:36:26","date_gmt":"2025-08-29T16:36:26","guid":{"rendered":"https:\/\/www.o-p-i.fr\/parlonsen\/?p=66175"},"modified":"2025-09-04T13:22:47","modified_gmt":"2025-09-04T11:22:47","slug":"grand-concours-departemental-de-creation-de-confitures-a-negrepelisse-82","status":"publish","type":"post","link":"https:\/\/www.o-p-i.fr\/parlonsen\/parlons-en\/pratique\/grand-concours-departemental-de-creation-de-confitures-a-negrepelisse-82\/","title":{"rendered":"Grand concours d\u00e9partemental de cr\u00e9ation de confitures &#8230; \u00e0 N\u00e8grepelisse (82)"},"content":{"rendered":"<p><strong>Du 10 septembre au 19 octobre 2025<\/strong><\/p>\n<p><!--more--><\/p>\n<div><img data-recalc-dims=\"1\" loading=\"lazy\" decoding=\"async\" class=\" wp-image-66176 alignright\" src=\"https:\/\/i0.wp.com\/www.o-p-i.fr\/parlonsen\/wp-content\/uploads\/affiche-confituriale.jpg?resize=336%2C475&#038;ssl=1\" alt=\"\" width=\"336\" height=\"475\" srcset=\"https:\/\/i0.wp.com\/www.o-p-i.fr\/parlonsen\/wp-content\/uploads\/affiche-confituriale.jpg?resize=212%2C300&amp;ssl=1 212w, https:\/\/i0.wp.com\/www.o-p-i.fr\/parlonsen\/wp-content\/uploads\/affiche-confituriale.jpg?resize=724%2C1024&amp;ssl=1 724w, https:\/\/i0.wp.com\/www.o-p-i.fr\/parlonsen\/wp-content\/uploads\/affiche-confituriale.jpg?resize=768%2C1086&amp;ssl=1 768w, https:\/\/i0.wp.com\/www.o-p-i.fr\/parlonsen\/wp-content\/uploads\/affiche-confituriale.jpg?resize=1086%2C1536&amp;ssl=1 1086w, https:\/\/i0.wp.com\/www.o-p-i.fr\/parlonsen\/wp-content\/uploads\/affiche-confituriale.jpg?w=1273&amp;ssl=1 1273w\" sizes=\"auto, (max-width: 336px) 100vw, 336px\" \/>Avec un \u00e9t\u00e9 propice aux fruits, le grand concours d\u00e9partemental de cr\u00e9ation de confitures \u00e0 N\u00e8grepelisse est relanc\u00e9.<\/div>\n<div><\/div>\n<div>Comme l\u2019an dernier, deux pots de confitures de fruits ou l\u00e9gumes peuvent \u00eatre d\u00e9pos\u00e9s par candidat au bureau des associations (au ch\u00e2teau, 82800 N\u00e8grepelisse, sous les arcades). La r\u00e9ception des \u00e9chantillons de confitures est fix\u00e9e entre le 10 septembre et le 16 octobre .<\/div>\n<div><\/div>\n<div>Ce concours amateur est gratuit et ouvert aux Tarn-et-Garonnais.<\/div>\n<div><\/div>\n<div>Les r\u00e9sultats seront proclam\u00e9s par le pr\u00e9sident du Concours D\u00e9partemental des Confitures lors du Grand March\u00e9 d\u2019Automne de N\u00e8grepelisse, Dimanche 19 octobre 2025 \u00e0 16 heures Place Nationale de N\u00e8grepelisse.<\/div>\n<div>L\u2019animateur de Tel\u00e9shopping sur TF1, G\u00e9rard Baud sera \u00e9galement pr\u00e9sent pour remettre des cadeaux inattendus !<\/div>\n<div>La pr\u00e9sence des candidats est souhaitable.<\/div>\n<div><\/div>\n<div>Alors \u00e0 vos chaudrons !<\/div>\n<div><\/div>\n<div>Contact :<\/div>\n<div>Aurore Deffr\u00e8ne<br \/>\nResponsable du service Associations<br \/>\nR\u00e9servation des salles et du mat\u00e9riel municipal<br \/>\nFestivit\u00e9s &#8211; Camping municipal Le Colombier<br \/>\n14 A Place Nationale &#8211; 82800 N\u00e8grepelisse<br \/>\n05 63 64 26 21 &#8211; 07 85 54 69 49<br \/>\na.deffrene@ville-negrepelisse.fr<br \/>\nAccueil<br \/>\nLundi, mardi, jeudi et vendredi de 8h \u00e0 12h et de 13h \u00e0 17h<br \/>\nMercredi 8h-12h<\/div>\n","protected":false},"excerpt":{"rendered":"<div class=\"mh-excerpt\">Du 10 septembre au 19 octobre 2025<\/div>\n","protected":false},"author":9,"featured_media":66176,"comment_status":"open","ping_status":"open","sticky":false,"template":"","format":"standard","meta":{"om_disable_all_campaigns":false,"advanced_seo_description":"","jetpack_seo_html_title":"","jetpack_seo_noindex":false,"_jetpack_memberships_contains_paid_content":false,"footnotes":"","_links_to":"","_links_to_target":""},"categories":[6,6418,6376],"tags":[5705,6471],"class_list":{"0":"post-66175","1":"post","2":"type-post","3":"status-publish","4":"format-standard","5":"has-post-thumbnail","7":"category-pratique","8":"category-negrepelisse","9":"category-n234-septembre-2025","10":"tag-concours-de-confiture","11":"tag-s3625"},"jetpack_featured_media_url":"https:\/\/i0.wp.com\/www.o-p-i.fr\/parlonsen\/wp-content\/uploads\/affiche-confituriale.jpg?fit=1273%2C1800&ssl=1","views":"","jetpack_likes_enabled":true,"jetpack_sharing_enabled":true,"jetpack_shortlink":"https:\/\/wp.me\/pg7Wxj-hdl","jetpack-related-posts":[],"_links":{"self":[{"href":"https:\/\/www.o-p-i.fr\/parlonsen\/wp-json\/wp\/v2\/posts\/66175","targetHints":{"allow":["GET"]}}],"collection":[{"href":"https:\/\/www.o-p-i.fr\/parlonsen\/wp-json\/wp\/v2\/posts"}],"about":[{"href":"https:\/\/www.o-p-i.fr\/parlonsen\/wp-json\/wp\/v2\/types\/post"}],"author":[{"embeddable":true,"href":"https:\/\/www.o-p-i.fr\/parlonsen\/wp-json\/wp\/v2\/users\/9"}],"replies":[{"embeddable":true,"href":"https:\/\/www.o-p-i.fr\/parlonsen\/wp-json\/wp\/v2\/comments?post=66175"}],"version-history":[{"count":0,"href":"https:\/\/www.o-p-i.fr\/parlonsen\/wp-json\/wp\/v2\/posts\/66175\/revisions"}],"wp:featuredmedia":[{"embeddable":true,"href":"https:\/\/www.o-p-i.fr\/parlonsen\/wp-json\/wp\/v2\/media\/66176"}],"wp:attachment":[{"href":"https:\/\/www.o-p-i.fr\/parlonsen\/wp-json\/wp\/v2\/media?parent=66175"}],"wp:term":[{"taxonomy":"category","embeddable":true,"href":"https:\/\/www.o-p-i.fr\/parlonsen\/wp-json\/wp\/v2\/categories?post=66175"},{"taxonomy":"post_tag","embeddable":true,"href":"https:\/\/www.o-p-i.fr\/parlonsen\/wp-json\/wp\/v2\/tags?post=66175"}],"curies":[{"name":"wp","href":"https:\/\/api.w.org\/{rel}","templated":true}]}}