{"id":66200,"date":"2025-08-31T02:38:46","date_gmt":"2025-08-31T00:38:46","guid":{"rendered":"https:\/\/www.o-p-i.fr\/parlonsen\/?p=66200"},"modified":"2025-08-31T02:38:46","modified_gmt":"2025-08-31T00:38:46","slug":"banc-sonore-film-documentaire-imagine-on-gagne-a-rabastens-81","status":"publish","type":"post","link":"https:\/\/www.o-p-i.fr\/parlonsen\/parlons-en\/culture\/banc-sonore-film-documentaire-imagine-on-gagne-a-rabastens-81\/","title":{"rendered":"Banc Sonore &#8211; Film documentaire : Imagine on gagne &#8230; \u00e0 Rabastens (81)"},"content":{"rendered":"<p><strong>Mercredi 03 septembre \u00e0 20h00<!--more--><\/strong><\/p>\n<p><img data-recalc-dims=\"1\" loading=\"lazy\" decoding=\"async\" class=\" wp-image-66201 alignright\" src=\"https:\/\/i0.wp.com\/www.o-p-i.fr\/parlonsen\/wp-content\/uploads\/2025-film-imagine-on-gagne-banc-sonore.png?resize=386%2C273&#038;ssl=1\" alt=\"\" width=\"386\" height=\"273\" srcset=\"https:\/\/i0.wp.com\/www.o-p-i.fr\/parlonsen\/wp-content\/uploads\/2025-film-imagine-on-gagne-banc-sonore.png?resize=300%2C212&amp;ssl=1 300w, https:\/\/i0.wp.com\/www.o-p-i.fr\/parlonsen\/wp-content\/uploads\/2025-film-imagine-on-gagne-banc-sonore.png?resize=1024%2C724&amp;ssl=1 1024w, https:\/\/i0.wp.com\/www.o-p-i.fr\/parlonsen\/wp-content\/uploads\/2025-film-imagine-on-gagne-banc-sonore.png?resize=768%2C543&amp;ssl=1 768w, https:\/\/i0.wp.com\/www.o-p-i.fr\/parlonsen\/wp-content\/uploads\/2025-film-imagine-on-gagne-banc-sonore.png?resize=1536%2C1087&amp;ssl=1 1536w, https:\/\/i0.wp.com\/www.o-p-i.fr\/parlonsen\/wp-content\/uploads\/2025-film-imagine-on-gagne-banc-sonore.png?resize=2048%2C1449&amp;ssl=1 2048w\" sizes=\"auto, (max-width: 386px) 100vw, 386px\" \/>PROJECTION du film documentaire d&rsquo;Arthur Thouvenin et Fran\u00e7ois Langlais, 2020, 80 min.<\/p>\n<p>Killyan, 14 ans, est arriv\u00e9 l\u00e0 par curiosit\u00e9. Il s\u00e8che parfois le coll\u00e8ge car il en apprend plus ici, avec \u00ab les anciens \u00bb. Esperenza est ouvri\u00e8re, en arr\u00eat pour maladie professionnelle. Syndicaliste, elle trouve dans les \u00ab gilets jaunes \u00bb le mouvement de masse qui lui manquait.<\/p>\n<p>Et autour d\u2019eux, dans cette Maison du peuple, se dessine un monde peupl\u00e9 de beaucoup de femmes, de jeunes ouvriers sans h\u00e9ritage politique, d\u2019adolescents un peu paum\u00e9s et d\u2019autres tr\u00e8s d\u00e9termin\u00e9s, de ch\u00f4meurs, de salari\u00e9s, de routards du syndicalisme\u2026<\/p>\n<p>Ensemble, ils s\u2019organisent, inventent de nouvelles formes de lutte, et s\u2019ils ne sont pas toujours d\u2019accord, une v\u00e9ritable solidarit\u00e9 les r\u00e9unit.<\/p>\n<p>Suivie d\u2019un espace de discussion, et d\u2019\u00e9change d\u2019informations concernant l\u2019appel du 10 SEPTEMBRE 2025.<\/p>\n<p>Information transmise par le <em>Banc Sonore<\/em><\/p>\n","protected":false},"excerpt":{"rendered":"<div class=\"mh-excerpt\">Mercredi 03 septembre \u00e0 20h00<\/div>\n","protected":false},"author":9,"featured_media":48776,"comment_status":"open","ping_status":"open","sticky":false,"template":"","format":"standard","meta":{"om_disable_all_campaigns":false,"advanced_seo_description":"","jetpack_seo_html_title":"","jetpack_seo_noindex":false,"_jetpack_memberships_contains_paid_content":false,"footnotes":"","_links_to":"","_links_to_target":""},"categories":[1,6411,6375],"tags":[5764,6469],"class_list":{"0":"post-66200","1":"post","2":"type-post","3":"status-publish","4":"format-standard","5":"has-post-thumbnail","7":"category-culture","8":"category-rabastens","9":"category-n233-aout-2025","10":"tag-cine-documentaire","11":"tag-s3525"},"jetpack_featured_media_url":"https:\/\/i0.wp.com\/www.o-p-i.fr\/parlonsen\/wp-content\/uploads\/Banc-Sonore-logo.jpg?fit=142%2C145&ssl=1","views":"","jetpack_likes_enabled":true,"jetpack_sharing_enabled":true,"jetpack_shortlink":"https:\/\/wp.me\/pg7Wxj-hdK","jetpack-related-posts":[],"_links":{"self":[{"href":"https:\/\/www.o-p-i.fr\/parlonsen\/wp-json\/wp\/v2\/posts\/66200","targetHints":{"allow":["GET"]}}],"collection":[{"href":"https:\/\/www.o-p-i.fr\/parlonsen\/wp-json\/wp\/v2\/posts"}],"about":[{"href":"https:\/\/www.o-p-i.fr\/parlonsen\/wp-json\/wp\/v2\/types\/post"}],"author":[{"embeddable":true,"href":"https:\/\/www.o-p-i.fr\/parlonsen\/wp-json\/wp\/v2\/users\/9"}],"replies":[{"embeddable":true,"href":"https:\/\/www.o-p-i.fr\/parlonsen\/wp-json\/wp\/v2\/comments?post=66200"}],"version-history":[{"count":0,"href":"https:\/\/www.o-p-i.fr\/parlonsen\/wp-json\/wp\/v2\/posts\/66200\/revisions"}],"wp:featuredmedia":[{"embeddable":true,"href":"https:\/\/www.o-p-i.fr\/parlonsen\/wp-json\/wp\/v2\/media\/48776"}],"wp:attachment":[{"href":"https:\/\/www.o-p-i.fr\/parlonsen\/wp-json\/wp\/v2\/media?parent=66200"}],"wp:term":[{"taxonomy":"category","embeddable":true,"href":"https:\/\/www.o-p-i.fr\/parlonsen\/wp-json\/wp\/v2\/categories?post=66200"},{"taxonomy":"post_tag","embeddable":true,"href":"https:\/\/www.o-p-i.fr\/parlonsen\/wp-json\/wp\/v2\/tags?post=66200"}],"curies":[{"name":"wp","href":"https:\/\/api.w.org\/{rel}","templated":true}]}}