{"id":66213,"date":"2025-08-31T03:20:10","date_gmt":"2025-08-31T01:20:10","guid":{"rendered":"https:\/\/www.o-p-i.fr\/parlonsen\/?p=66213"},"modified":"2025-09-18T14:10:50","modified_gmt":"2025-09-18T12:10:50","slug":"barbecue-partage-et-bal-musette-a-saint-urcisse-81","status":"publish","type":"post","link":"https:\/\/www.o-p-i.fr\/parlonsen\/localisation\/au-pays-des-tescous\/saint-urcisse\/barbecue-partage-et-bal-musette-a-saint-urcisse-81\/","title":{"rendered":"Barbecue partag\u00e9 et Bal musette &#8230; \u00e0 Saint-Urcisse (81)"},"content":{"rendered":"<p><b>Samedi 20 Septembre 2025 \u00e0 partir de 12h00<\/b>\u00a0<!--more--><\/p>\n<div class=\"elementToProof\"><img data-recalc-dims=\"1\" loading=\"lazy\" decoding=\"async\" class=\"wp-image-66214 alignright\" src=\"https:\/\/i0.wp.com\/www.o-p-i.fr\/parlonsen\/wp-content\/uploads\/2025-Affiche-fete-de-rentree-st-urcisse.png?resize=360%2C509&#038;ssl=1\" alt=\"\" width=\"360\" height=\"509\" srcset=\"https:\/\/i0.wp.com\/www.o-p-i.fr\/parlonsen\/wp-content\/uploads\/2025-Affiche-fete-de-rentree-st-urcisse.png?resize=212%2C300&amp;ssl=1 212w, https:\/\/i0.wp.com\/www.o-p-i.fr\/parlonsen\/wp-content\/uploads\/2025-Affiche-fete-de-rentree-st-urcisse.png?resize=724%2C1024&amp;ssl=1 724w, https:\/\/i0.wp.com\/www.o-p-i.fr\/parlonsen\/wp-content\/uploads\/2025-Affiche-fete-de-rentree-st-urcisse.png?resize=768%2C1086&amp;ssl=1 768w, https:\/\/i0.wp.com\/www.o-p-i.fr\/parlonsen\/wp-content\/uploads\/2025-Affiche-fete-de-rentree-st-urcisse.png?resize=1086%2C1536&amp;ssl=1 1086w, https:\/\/i0.wp.com\/www.o-p-i.fr\/parlonsen\/wp-content\/uploads\/2025-Affiche-fete-de-rentree-st-urcisse.png?resize=1448%2C2048&amp;ssl=1 1448w, https:\/\/i0.wp.com\/www.o-p-i.fr\/parlonsen\/wp-content\/uploads\/2025-Affiche-fete-de-rentree-st-urcisse.png?w=1587&amp;ssl=1 1587w\" sizes=\"auto, (max-width: 360px) 100vw, 360px\" \/>\u00ab\u00a0Bonjour \u00e0 toutes et tous !<\/div>\n<div class=\"elementToProof\"><\/div>\n<div class=\"elementToProof\">Le Comit\u00e9 des f\u00eates de Saint-Urcisse vous convie, le <b>Samedi 20 Septembre 2025<\/b><\/div>\n<ul data-editing-info=\"{&quot;applyListStyleFromLevel&quot;:false,&quot;unorderedStyleType&quot;:2}\">\n<li>\n<div class=\"elementToProof\" role=\"presentation\"><b>A 12h : barbecue partag\u00e9 <\/b>sur la place du village, apportez vos couverts et assiettes, vos meilleurs morceaux de viandes et l\u00e9gumes \u00e0 griller. Barbecue \u00e0 disposition. Buvette tenue par le comit\u00e9 des f\u00eates !<\/div>\n<\/li>\n<li>\n<div class=\"elementToProof\" role=\"presentation\"><b>A partir de 14h30 : bal musette <\/b>\u00e0 la salle des f\u00eates de Saint urcisse avec l&rsquo;orchestre Florence Olivier. Entr\u00e9e libre, th\u00e9\/caf\u00e9 offert par le Comit\u00e9. Un transport solidaire peut \u00eatre organis\u00e9 sur demande, merci de contacter Louise 06.23.63.28.83 !<\/div>\n<\/li>\n<\/ul>\n<div class=\"elementToProof\"><\/div>\n<div class=\"elementToProof\">A tr\u00e8s bient\u00f4t,<\/div>\n<div class=\"elementToProof\">Louise, pour le Comit\u00e9 des f\u00eates de Saint-Urcisse\u00a0\u00bb<\/div>\n","protected":false},"excerpt":{"rendered":"<div class=\"mh-excerpt\">Samedi 20 Septembre 2025 \u00e0 partir de 12h00\u00a0<\/div>\n","protected":false},"author":9,"featured_media":66214,"comment_status":"open","ping_status":"open","sticky":false,"template":"","format":"standard","meta":{"om_disable_all_campaigns":false,"advanced_seo_description":"","jetpack_seo_html_title":"","jetpack_seo_noindex":false,"_jetpack_memberships_contains_paid_content":false,"footnotes":"","_links_to":"","_links_to_target":""},"categories":[291,18,6376],"tags":[1763,3674,6477],"class_list":{"0":"post-66213","1":"post","2":"type-post","3":"status-publish","4":"format-standard","5":"has-post-thumbnail","7":"category-solidarite","8":"category-saint-urcisse","9":"category-n234-septembre-2025","10":"tag-bal-musette","11":"tag-barbecue","12":"tag-s3825"},"jetpack_featured_media_url":"https:\/\/i0.wp.com\/www.o-p-i.fr\/parlonsen\/wp-content\/uploads\/2025-Affiche-fete-de-rentree-st-urcisse.png?fit=1587%2C2245&ssl=1","views":"","jetpack_likes_enabled":true,"jetpack_sharing_enabled":true,"jetpack_shortlink":"https:\/\/wp.me\/pg7Wxj-hdX","jetpack-related-posts":[],"_links":{"self":[{"href":"https:\/\/www.o-p-i.fr\/parlonsen\/wp-json\/wp\/v2\/posts\/66213","targetHints":{"allow":["GET"]}}],"collection":[{"href":"https:\/\/www.o-p-i.fr\/parlonsen\/wp-json\/wp\/v2\/posts"}],"about":[{"href":"https:\/\/www.o-p-i.fr\/parlonsen\/wp-json\/wp\/v2\/types\/post"}],"author":[{"embeddable":true,"href":"https:\/\/www.o-p-i.fr\/parlonsen\/wp-json\/wp\/v2\/users\/9"}],"replies":[{"embeddable":true,"href":"https:\/\/www.o-p-i.fr\/parlonsen\/wp-json\/wp\/v2\/comments?post=66213"}],"version-history":[{"count":0,"href":"https:\/\/www.o-p-i.fr\/parlonsen\/wp-json\/wp\/v2\/posts\/66213\/revisions"}],"wp:featuredmedia":[{"embeddable":true,"href":"https:\/\/www.o-p-i.fr\/parlonsen\/wp-json\/wp\/v2\/media\/66214"}],"wp:attachment":[{"href":"https:\/\/www.o-p-i.fr\/parlonsen\/wp-json\/wp\/v2\/media?parent=66213"}],"wp:term":[{"taxonomy":"category","embeddable":true,"href":"https:\/\/www.o-p-i.fr\/parlonsen\/wp-json\/wp\/v2\/categories?post=66213"},{"taxonomy":"post_tag","embeddable":true,"href":"https:\/\/www.o-p-i.fr\/parlonsen\/wp-json\/wp\/v2\/tags?post=66213"}],"curies":[{"name":"wp","href":"https:\/\/api.w.org\/{rel}","templated":true}]}}