{"id":66227,"date":"2025-08-31T19:00:46","date_gmt":"2025-08-31T17:00:46","guid":{"rendered":"https:\/\/www.o-p-i.fr\/parlonsen\/?p=66227"},"modified":"2025-09-18T14:15:32","modified_gmt":"2025-09-18T12:15:32","slug":"journee-du-patrimoine-concert-du-petit-choeur-de-mondelle-a-gaillac-81","status":"publish","type":"post","link":"https:\/\/www.o-p-i.fr\/parlonsen\/parlons-en\/culture\/journee-du-patrimoine-concert-du-petit-choeur-de-mondelle-a-gaillac-81\/","title":{"rendered":"Journ\u00e9e du patrimoine &#8211; Concert du Petit Choeur De Mondelle &#8230; \u00e0 Gaillac (81)"},"content":{"rendered":"<p><strong>Dimanche 21 septembre \u00e0 17h<\/strong><!--more--><\/p>\n<p><img data-recalc-dims=\"1\" loading=\"lazy\" decoding=\"async\" class=\" wp-image-66229 alignright\" src=\"https:\/\/i0.wp.com\/www.o-p-i.fr\/parlonsen\/wp-content\/uploads\/2025-gaillac-21-septembre-patrimoine.jpg?resize=432%2C611&#038;ssl=1\" alt=\"\" width=\"432\" height=\"611\" srcset=\"https:\/\/i0.wp.com\/www.o-p-i.fr\/parlonsen\/wp-content\/uploads\/2025-gaillac-21-septembre-patrimoine.jpg?resize=212%2C300&amp;ssl=1 212w, https:\/\/i0.wp.com\/www.o-p-i.fr\/parlonsen\/wp-content\/uploads\/2025-gaillac-21-septembre-patrimoine.jpg?resize=724%2C1024&amp;ssl=1 724w, https:\/\/i0.wp.com\/www.o-p-i.fr\/parlonsen\/wp-content\/uploads\/2025-gaillac-21-septembre-patrimoine.jpg?resize=768%2C1086&amp;ssl=1 768w, https:\/\/i0.wp.com\/www.o-p-i.fr\/parlonsen\/wp-content\/uploads\/2025-gaillac-21-septembre-patrimoine.jpg?resize=1086%2C1536&amp;ssl=1 1086w, https:\/\/i0.wp.com\/www.o-p-i.fr\/parlonsen\/wp-content\/uploads\/2025-gaillac-21-septembre-patrimoine.jpg?w=1414&amp;ssl=1 1414w\" sizes=\"auto, (max-width: 432px) 100vw, 432px\" \/>Dans le cadre des journ\u00e9es du patrimoine, le Petit Choeur De Mondelle donnera un concert \u00e0 Gaillac le dimanche 21 septembre \u00e0 17h \u00e0 l\u2019\u00e9glise St Pierre \u00e0 Gaillac. Un repr\u00e9sentation sera donn\u00e9e la veille, le samedi 20 septembre \u00e0 20h30 \u00e0 l\u2019\u00e9glise St Fran\u00e7ois de Lavaur.<\/p>\n<p>Le Petit Choeur De Mondelle est bas\u00e9 \u00e0 St Sulpice. Dirig\u00e9 par St\u00e9phane Berrone c\u2019est un ensemble vocal Tarnais compos\u00e9 d\u2019une trentaine de chanteurs venant de toute<br \/>\nl\u2019Occitanie r\u00e9unis par la passion du chant choral .Ils se produisent depuis maintenant presque dix dans la r\u00e9gion et \u00e0 l\u2019\u00e9tranger . Ils ont particip\u00e9 en 2024 \u00e0 un festival de chant choral \u00e0 Milan en Italie.<\/p>\n<p>Leur chef St\u00e9phane Berrone dirige deux chorales et l\u2019orchestre de mandolines et guitares<br \/>\n\u2018Ensemble A Plectre \u00bb de Toulouse. A l\u2019occasion de ces journ\u00e9es du Patrimoine vous pourrez<br \/>\nadmirer des lieux charg\u00e9s d\u2019histoire tout en \u00e9coutant leur nouveau r\u00e9pertoire . Le concert s\u2019intitule<br \/>\n\u00ab D\u00e9clinaison sur le th\u00e8me : Gloria et Cantate Domino \u00bb , vous y entendrez des \u0153uvres sacr\u00e9es de<br \/>\nMonteverdi \u00e0 Miskinis qui reprennent ce th\u00e8me \u00e0 travers l\u2019histoire , des pi\u00e8ces jubilatoires<br \/>\ncontrast\u00e9es par d\u2019autres \u0153uvres plus intimistes tel le magnifique Lacrimosa de Callixto Alvarez ,<br \/>\nune vrai d\u00e9couverte .L\u2019entr\u00e9e sera \u00e0 libre participation.<\/p>\n<p>Contacts pour les r\u00e9servations :<br \/>\nSt\u00e9phane Berrone<br \/>\nt\u00e9l : 06 14 31 78 80<br \/>\nmail : stephaneberrone@orange.fr<br \/>\nsite : <a href=\"http:\/\/www.stephane-berrone.fr\">www.stephane-berrone.fr<\/a><\/p>\n","protected":false},"excerpt":{"rendered":"<div class=\"mh-excerpt\">Dimanche 21 septembre \u00e0 17h<\/div>\n","protected":false},"author":9,"featured_media":66229,"comment_status":"open","ping_status":"open","sticky":false,"template":"","format":"standard","meta":{"om_disable_all_campaigns":false,"advanced_seo_description":"","jetpack_seo_html_title":"","jetpack_seo_noindex":false,"_jetpack_memberships_contains_paid_content":false,"footnotes":"","_links_to":"","_links_to_target":""},"categories":[1,6419,6376],"tags":[43,3238,6472,6477],"class_list":{"0":"post-66227","1":"post","2":"type-post","3":"status-publish","4":"format-standard","5":"has-post-thumbnail","7":"category-culture","8":"category-gaillac","9":"category-n234-septembre-2025","10":"tag-concert","11":"tag-journee-du-patrimoine","12":"tag-petit-choeur-de-mondelle","13":"tag-s3825"},"jetpack_featured_media_url":"https:\/\/i0.wp.com\/www.o-p-i.fr\/parlonsen\/wp-content\/uploads\/2025-gaillac-21-septembre-patrimoine.jpg?fit=1414%2C2000&ssl=1","views":"","jetpack_likes_enabled":true,"jetpack_sharing_enabled":true,"jetpack_shortlink":"https:\/\/wp.me\/pg7Wxj-heb","jetpack-related-posts":[],"_links":{"self":[{"href":"https:\/\/www.o-p-i.fr\/parlonsen\/wp-json\/wp\/v2\/posts\/66227","targetHints":{"allow":["GET"]}}],"collection":[{"href":"https:\/\/www.o-p-i.fr\/parlonsen\/wp-json\/wp\/v2\/posts"}],"about":[{"href":"https:\/\/www.o-p-i.fr\/parlonsen\/wp-json\/wp\/v2\/types\/post"}],"author":[{"embeddable":true,"href":"https:\/\/www.o-p-i.fr\/parlonsen\/wp-json\/wp\/v2\/users\/9"}],"replies":[{"embeddable":true,"href":"https:\/\/www.o-p-i.fr\/parlonsen\/wp-json\/wp\/v2\/comments?post=66227"}],"version-history":[{"count":0,"href":"https:\/\/www.o-p-i.fr\/parlonsen\/wp-json\/wp\/v2\/posts\/66227\/revisions"}],"wp:featuredmedia":[{"embeddable":true,"href":"https:\/\/www.o-p-i.fr\/parlonsen\/wp-json\/wp\/v2\/media\/66229"}],"wp:attachment":[{"href":"https:\/\/www.o-p-i.fr\/parlonsen\/wp-json\/wp\/v2\/media?parent=66227"}],"wp:term":[{"taxonomy":"category","embeddable":true,"href":"https:\/\/www.o-p-i.fr\/parlonsen\/wp-json\/wp\/v2\/categories?post=66227"},{"taxonomy":"post_tag","embeddable":true,"href":"https:\/\/www.o-p-i.fr\/parlonsen\/wp-json\/wp\/v2\/tags?post=66227"}],"curies":[{"name":"wp","href":"https:\/\/api.w.org\/{rel}","templated":true}]}}