{"id":66232,"date":"2025-09-01T13:21:16","date_gmt":"2025-09-01T11:21:16","guid":{"rendered":"https:\/\/www.o-p-i.fr\/parlonsen\/?p=66232"},"modified":"2025-09-04T13:21:50","modified_gmt":"2025-09-04T11:21:50","slug":"electro-petanque-a-salvagnac-81","status":"publish","type":"post","link":"https:\/\/www.o-p-i.fr\/parlonsen\/localisation\/au-pays-des-tescous\/salvagnac\/electro-petanque-a-salvagnac-81\/","title":{"rendered":"ABDM &#8211; \u00ab\u00a0Electro P\u00e9tanque\u00a0\u00bb #02 &#8230;\u00e0 Salvagnac (81)"},"content":{"rendered":"<p><strong>Dimanche 07 septembre 2025<\/strong> \u00e0 14h, Caf\u00e9 Au bord du Monde.<!--more--><\/p>\n<h3 style=\"text-align: center;\"><img data-recalc-dims=\"1\" loading=\"lazy\" decoding=\"async\" class=\" wp-image-66247 alignright\" src=\"https:\/\/i0.wp.com\/www.o-p-i.fr\/parlonsen\/wp-content\/uploads\/2025-ABDM-electro-petanque-edition-2-.jpg?resize=451%2C236&#038;ssl=1\" alt=\"\" width=\"451\" height=\"236\" srcset=\"https:\/\/i0.wp.com\/www.o-p-i.fr\/parlonsen\/wp-content\/uploads\/2025-ABDM-electro-petanque-edition-2-.jpg?resize=300%2C157&amp;ssl=1 300w, https:\/\/i0.wp.com\/www.o-p-i.fr\/parlonsen\/wp-content\/uploads\/2025-ABDM-electro-petanque-edition-2-.jpg?resize=768%2C402&amp;ssl=1 768w, https:\/\/i0.wp.com\/www.o-p-i.fr\/parlonsen\/wp-content\/uploads\/2025-ABDM-electro-petanque-edition-2-.jpg?w=1024&amp;ssl=1 1024w\" sizes=\"auto, (max-width: 451px) 100vw, 451px\" \/>\u00c9LECTRO P\u00c9TANQUE sur les All\u00e9es&#8230;<\/h3>\n<p>2i\u00e8me rencontre \u00c9LECTRO P\u00c9TANQUE pour les amateur-trices sur les All\u00e9es&#8230;<\/p>\n<p>Amateur-trices ou licenci\u00e9-es, les All\u00e9es Jean Jaur\u00e8s de Salvagnac sont grandes, belles et bien calmes&#8230; Venez jeter le cochonnet sur le fin gravier.<br \/>\nUn concours pourrait s&rsquo;improviser, avec une bouteille de bulles \u00e0 la cl\u00e9 !<\/p>\n<p>1\u00e8re initiative de voisin-es, organis\u00e9e par Sol\u00e8n et Luc \u00e0 la cr\u00e9ation musicale.<br \/>\n______________________<br \/>\nINFOS PRATIQUES<br \/>\n\u25bc Ouvert \u00e0 tous les \u00e2ges<br \/>\n\ud83d\udccd Exterieur, sur les All\u00e9es de Salvagnac, Tarn<br \/>\n\ud83d\udcde Inscription: 05 63 55 14 52<\/p>\n<p>Lieu:<br \/>\nCaf\u00e9 Au Bord du Monde<br \/>\n12, all\u00e9es Jean Jaur\u00e8s<br \/>\n81630 Salvagnac<\/p>\n<p><em>Information communiqu\u00e9e par Sol\u00e8n<\/em><\/p>\n<p><a href=\"http:\/\/www.o-p-i.fr\/parlonsen\/agenda\/\">Retrouvez tous les \u00e9v\u00e9nements dans l&rsquo;agenda !<\/a><\/p>\n","protected":false},"excerpt":{"rendered":"<div class=\"mh-excerpt\">Dimanche 07 septembre 2025 \u00e0 14h, Caf\u00e9 Au bord du Monde.<\/div>\n","protected":false},"author":9,"featured_media":46799,"comment_status":"open","ping_status":"open","sticky":false,"template":"","format":"standard","meta":{"om_disable_all_campaigns":false,"advanced_seo_description":"","jetpack_seo_html_title":"","jetpack_seo_noindex":false,"_jetpack_memberships_contains_paid_content":false,"footnotes":"","_links_to":"","_links_to_target":""},"categories":[54,25,6376],"tags":[2548,353,3830,6471],"class_list":{"0":"post-66232","1":"post","2":"type-post","3":"status-publish","4":"format-standard","5":"has-post-thumbnail","7":"category-loisirs","8":"category-salvagnac","9":"category-n234-septembre-2025","10":"tag-salvagnac","11":"tag-petanque","12":"tag-cafe-au-bord-du-monde","13":"tag-s3625"},"jetpack_featured_media_url":"https:\/\/i0.wp.com\/www.o-p-i.fr\/parlonsen\/wp-content\/uploads\/Bord-monde.jpg?fit=227%2C226&ssl=1","views":"","jetpack_likes_enabled":true,"jetpack_sharing_enabled":true,"jetpack_shortlink":"https:\/\/wp.me\/pg7Wxj-heg","jetpack-related-posts":[],"_links":{"self":[{"href":"https:\/\/www.o-p-i.fr\/parlonsen\/wp-json\/wp\/v2\/posts\/66232","targetHints":{"allow":["GET"]}}],"collection":[{"href":"https:\/\/www.o-p-i.fr\/parlonsen\/wp-json\/wp\/v2\/posts"}],"about":[{"href":"https:\/\/www.o-p-i.fr\/parlonsen\/wp-json\/wp\/v2\/types\/post"}],"author":[{"embeddable":true,"href":"https:\/\/www.o-p-i.fr\/parlonsen\/wp-json\/wp\/v2\/users\/9"}],"replies":[{"embeddable":true,"href":"https:\/\/www.o-p-i.fr\/parlonsen\/wp-json\/wp\/v2\/comments?post=66232"}],"version-history":[{"count":0,"href":"https:\/\/www.o-p-i.fr\/parlonsen\/wp-json\/wp\/v2\/posts\/66232\/revisions"}],"wp:featuredmedia":[{"embeddable":true,"href":"https:\/\/www.o-p-i.fr\/parlonsen\/wp-json\/wp\/v2\/media\/46799"}],"wp:attachment":[{"href":"https:\/\/www.o-p-i.fr\/parlonsen\/wp-json\/wp\/v2\/media?parent=66232"}],"wp:term":[{"taxonomy":"category","embeddable":true,"href":"https:\/\/www.o-p-i.fr\/parlonsen\/wp-json\/wp\/v2\/categories?post=66232"},{"taxonomy":"post_tag","embeddable":true,"href":"https:\/\/www.o-p-i.fr\/parlonsen\/wp-json\/wp\/v2\/tags?post=66232"}],"curies":[{"name":"wp","href":"https:\/\/api.w.org\/{rel}","templated":true}]}}