{"id":66235,"date":"2025-09-01T14:35:45","date_gmt":"2025-09-01T12:35:45","guid":{"rendered":"https:\/\/www.o-p-i.fr\/parlonsen\/?p=66235"},"modified":"2025-11-05T00:18:22","modified_gmt":"2025-11-04T23:18:22","slug":"abdm-les-6-ans-anniversaire-du-cafe-abdm-karavane-a-salvagnac-81","status":"publish","type":"post","link":"https:\/\/www.o-p-i.fr\/parlonsen\/localisation\/au-pays-des-tescous\/salvagnac\/abdm-les-6-ans-anniversaire-du-cafe-abdm-karavane-a-salvagnac-81\/","title":{"rendered":"ABDM &#8211; Les 6 ans ! Anniversaire du Caf\u00e9 ABDM &#038; KARAVANE&#8230;\u00e0 Salvagnac (81)"},"content":{"rendered":"<p><span dir=\"auto\"><strong>Samedi 13 septembre 2025<\/strong>, d\u00e8s 18h30 !<\/span><br \/>\n<!--more--><\/p>\n<h2 style=\"text-align: center;\"><strong><img data-recalc-dims=\"1\" loading=\"lazy\" decoding=\"async\" class=\" wp-image-66236 alignright\" src=\"https:\/\/i0.wp.com\/www.o-p-i.fr\/parlonsen\/wp-content\/uploads\/Cafe-ABDM-Karavane-Les-6-ans.jpg?resize=350%2C495&#038;ssl=1\" alt=\"\" width=\"350\" height=\"495\" srcset=\"https:\/\/i0.wp.com\/www.o-p-i.fr\/parlonsen\/wp-content\/uploads\/Cafe-ABDM-Karavane-Les-6-ans-scaled.jpg?resize=212%2C300&amp;ssl=1 212w, https:\/\/i0.wp.com\/www.o-p-i.fr\/parlonsen\/wp-content\/uploads\/Cafe-ABDM-Karavane-Les-6-ans-scaled.jpg?resize=724%2C1024&amp;ssl=1 724w, https:\/\/i0.wp.com\/www.o-p-i.fr\/parlonsen\/wp-content\/uploads\/Cafe-ABDM-Karavane-Les-6-ans-scaled.jpg?resize=768%2C1086&amp;ssl=1 768w, https:\/\/i0.wp.com\/www.o-p-i.fr\/parlonsen\/wp-content\/uploads\/Cafe-ABDM-Karavane-Les-6-ans-scaled.jpg?resize=1087%2C1536&amp;ssl=1 1087w, https:\/\/i0.wp.com\/www.o-p-i.fr\/parlonsen\/wp-content\/uploads\/Cafe-ABDM-Karavane-Les-6-ans-scaled.jpg?resize=1449%2C2048&amp;ssl=1 1449w, https:\/\/i0.wp.com\/www.o-p-i.fr\/parlonsen\/wp-content\/uploads\/Cafe-ABDM-Karavane-Les-6-ans-scaled.jpg?w=1811&amp;ssl=1 1811w\" sizes=\"auto, (max-width: 350px) 100vw, 350px\" \/>BOOM BOOM, c&rsquo;est nos 6 ans !<\/strong><\/h2>\n<h3 style=\"text-align: center;\">&#8230;<\/h3>\n<div dir=\"ltr\">\n<div>Voil\u00e0 6 ann\u00e9es que l&rsquo;asso KARAVANE et le CAF\u00c9 se lient d&rsquo;amour culturel &#8230; <img loading=\"lazy\" decoding=\"async\" class=\"gmail-CToWUd\" src=\"https:\/\/static.xx.fbcdn.net\/images\/emoji.php\/v9\/tac\/1\/16\/2665.png\" alt=\"\u2665\" width=\"16\" height=\"16\" \/><img loading=\"lazy\" decoding=\"async\" class=\"gmail-CToWUd\" src=\"https:\/\/static.xx.fbcdn.net\/images\/emoji.php\/v9\/tac\/1\/16\/2665.png\" alt=\"\u2665\" width=\"16\" height=\"16\" \/><img loading=\"lazy\" decoding=\"async\" class=\"gmail-CToWUd\" src=\"https:\/\/static.xx.fbcdn.net\/images\/emoji.php\/v9\/tac\/1\/16\/2665.png\" alt=\"\u2665\" width=\"16\" height=\"16\" \/>&#8230;<\/div>\n<div>Alors le13 septembre, venez festoyer avec nous sur les All\u00e9es Jean Jaur\u00e8s de Salvagnac&#8230;<\/div>\n<div><\/div>\n<div>Une f\u00eate encore bien encr\u00e9e sur son territoire puisque tous les intervenants sont majoritairement locaux de 20 kms !!<\/div>\n<div><\/div>\n<div>\u2192 C\u00f4t\u00e9 MIAM MIAM<br \/>\nPour la premi\u00e8re fois, toute l&rsquo;\u00e9quipe de Karavane sera derri\u00e8re les fourneaux avec ZUB le bo\u00fbcher, pour pr\u00e9parer les cochons \u00e0 la broche et la ratatouille !<\/div>\n<div>&#8212; APPORTEZ VOS COUVERTS&#8212;<\/div>\n<div><\/div>\n<div>Pour le dessert il y aura les fameuses glaces salvagnacoises (trop bonnes je te jure) de Laure Petit de \u00ab\u00a0LA PETITE GRIVR\u00c9E\u00a0\u00bb<\/div>\n<div><\/div>\n<div>\u2192 C\u00f4t\u00e9 GLOU GLOU<br \/>\nUne \u00e9quipe de choc accompagnera Kelu &amp; Yvan pour vous servir des boissons bien fra\u00eeches et des cocktails \u00e0 tir-larigot&#8230;<\/div>\n<div><\/div>\n<div>\u2192 C\u00f4t\u00e9 JEUX,<br \/>\nLo\u00efc vous accompagnera avec des jeux en bois pour toute la famille&#8230;<\/div>\n<div><\/div>\n<div>\u2192 C\u00f4t\u00e9 CONCERTS<br \/>\n\u2022 ALICE \u00c0 L\u2019ACCORD\u00c9ON \/\/ Karaok\u00e9 acoustique<br \/>\nAlice et son accord\u00e9on c&rsquo;est un esp\u00e8ce de karaok\u00e9 acoustique de proximit\u00e9. Equip\u00e9\u00e9 de son soufflet \u00e0 bretelles et de ses carnets de chants, elle viendra \u00e0 vous et proposera de se mettre \u00e0 votre service pour pousser la chansonnette.<br \/>\nEntre r\u00e9pertoire populaire fran\u00e7ais ou moments improvis\u00e9s au gr\u00e8s des envies des convives, l&rsquo;objectif principale reste la convivialit\u00e9.<\/div>\n<div><\/div>\n<div>\u2022 LES COUSINS LAFLEUR \/\/ Musique Tzigane dansant<br \/>\nLes cousins c de la tr\u00e9 bell music tzigane et manouche mai tavu en mode dancefloor pour fair danser le gens<\/div>\n<div>Guitares : Gino &amp; Bronson Lafleur<br \/>\nBatterie : Franckie Lafleur<br \/>\nContrebasse : Rocky Lafleur<br \/>\nClarinette : Stivi Lafleur<br \/>\nAccord\u00e9on : Aka Boulou Lafleur<\/div>\n<div><\/div>\n<div><a role=\"link\" href=\"https:\/\/l.facebook.com\/l.php?u=https%3A%2F%2Fsoundcloud.com%2Fles-cousins-lafleur%3Ffbclid%3DIwZXh0bgNhZW0CMTAAAR6D_Hw6GoZ8n_pBYasjmpqkgGD__IAvtzDyDL8RbfT_4tTEd9oq-um910LnJQ_aem_Rr_HADv_1DSUF2m8g1tuiQ&amp;h=AT1baPcv1ljVutaJPDW_qH1CCS2lWFkyN2PViSPZ8jOV4Dui9oLqiehJoAXcmKHrp79tJ8aKnG4jRxycmUg0eqRcRgIpFOY3HQXIZQIoTttLTnaFjwnPKCB2Jl7wjwreXMlTdqt4oFyn4rRx&amp;__tn__=q&amp;c[0]=AT0KKyVUMnTcq8TSuF5mMdYmMqiQGOPL9_AUc3myqgLyc6cKnWFaU3IDBfHyMGyV-gGgBBw1Cvi90v7tmCF2ehEGNJS6VeBQnR5QM1utPjl0vhTkR6I3GWHv-R6HdGGHaZ9-mwXoevqb7FMt20Cyx0rB7Qt3ggYLb1w\" target=\"_blank\" rel=\"nofollow noopener noreferrer\">soundcloud.com\/les-cousins-lafleur<\/a><br \/>\n<a role=\"link\" href=\"https:\/\/www.facebook.com\/lescousinslafleur?__cft__[0]=AZWtuVw4EQY0iiIWztVfXHybpnkl7PiuRH7H7uDrqqRHmgcpos4ggq2cRJGuDg8-tTlPqTf-oRqhrggIZtE4YpgNi3aNZo6Xo3Trz23EEUbV5x6SdbtYx825U00nqixDnFU1uUW2yJnBRLR3-7zc38y9&amp;__tn__=q\" target=\"_blank\" rel=\"noopener\">https:\/\/www.facebook.com\/lescousinslafleur\/<\/a><\/div>\n<div><\/div>\n<div>\u2022 DJ SET M\u00c9LANIAK<br \/>\n<img loading=\"lazy\" decoding=\"async\" class=\"gmail-CToWUd\" src=\"https:\/\/static.xx.fbcdn.net\/images\/emoji.php\/v9\/tf4\/1\/16\/2728.png\" alt=\"\u2728\" width=\"16\" height=\"16\" \/> DJ Melaniak <img loading=\"lazy\" decoding=\"async\" class=\"gmail-CToWUd\" src=\"https:\/\/static.xx.fbcdn.net\/images\/emoji.php\/v9\/tf4\/1\/16\/2728.png\" alt=\"\u2728\" width=\"16\" height=\"16\" \/> vous embarque dans un voyage unique au c\u0153ur des sonorit\u00e9s turcs. Des rythmes traditionnels revisit\u00e9s aux beats modernes, pr\u00e9parez-vous \u00e0 danser toute la nuit !<\/div>\n<div>______________________<br \/>\nINFOS PRATIQUES<br \/>\n\u25bc Tout public<br \/>\n<img loading=\"lazy\" decoding=\"async\" class=\"gmail-CToWUd\" src=\"https:\/\/static.xx.fbcdn.net\/images\/emoji.php\/v9\/t2d\/1\/16\/1f4cd.png\" alt=\"\ud83d\udccd\" width=\"16\" height=\"16\" \/> Caf\u00e9 Au bord du monde, Salvagnac, Tarn<br \/>\n\u20ac Participation libre &amp; militante bienvenue pour nous aider \u00e0 financer cet \u00e9v\u00e8nement<br \/>\n<img loading=\"lazy\" decoding=\"async\" class=\"gmail-CToWUd\" src=\"https:\/\/static.xx.fbcdn.net\/images\/emoji.php\/v9\/t4d\/1\/16\/1f4de.png\" alt=\"\ud83d\udcde\" width=\"16\" height=\"16\" \/> Pas de r\u00e9sa, mais vous pouvez nous faire des bisous au 05 63 55 14 52<\/div>\n<\/div>\n<p><em>Information communiqu\u00e9e par Yvan<\/em><\/p>\n<p><a href=\"http:\/\/www.o-p-i.fr\/parlonsen\/agenda\/\">Retrouvez tous les \u00e9v\u00e9nements dans l&rsquo;agenda !<\/a><\/p>\n","protected":false},"excerpt":{"rendered":"<div class=\"mh-excerpt\">Samedi 13 septembre 2025, d\u00e8s 18h30 !<\/div>\n","protected":false},"author":9,"featured_media":46799,"comment_status":"open","ping_status":"open","sticky":false,"template":"","format":"standard","meta":{"om_disable_all_campaigns":false,"advanced_seo_description":"","jetpack_seo_html_title":"","jetpack_seo_noindex":false,"_jetpack_memberships_contains_paid_content":false,"footnotes":"","_links_to":"","_links_to_target":""},"categories":[54,25,6376],"tags":[43,2548,3267,3830,3903,6340,6475],"class_list":{"0":"post-66235","1":"post","2":"type-post","3":"status-publish","4":"format-standard","5":"has-post-thumbnail","7":"category-loisirs","8":"category-salvagnac","9":"category-n234-septembre-2025","10":"tag-concert","11":"tag-salvagnac","12":"tag-cochon-grille","13":"tag-cafe-au-bord-du-monde","14":"tag-karavane","15":"tag-a-la-une","16":"tag-s3725"},"jetpack_featured_media_url":"https:\/\/i0.wp.com\/www.o-p-i.fr\/parlonsen\/wp-content\/uploads\/Bord-monde.jpg?fit=227%2C226&ssl=1","views":"","jetpack_likes_enabled":true,"jetpack_sharing_enabled":true,"jetpack_shortlink":"https:\/\/wp.me\/pg7Wxj-hej","jetpack-related-posts":[],"_links":{"self":[{"href":"https:\/\/www.o-p-i.fr\/parlonsen\/wp-json\/wp\/v2\/posts\/66235","targetHints":{"allow":["GET"]}}],"collection":[{"href":"https:\/\/www.o-p-i.fr\/parlonsen\/wp-json\/wp\/v2\/posts"}],"about":[{"href":"https:\/\/www.o-p-i.fr\/parlonsen\/wp-json\/wp\/v2\/types\/post"}],"author":[{"embeddable":true,"href":"https:\/\/www.o-p-i.fr\/parlonsen\/wp-json\/wp\/v2\/users\/9"}],"replies":[{"embeddable":true,"href":"https:\/\/www.o-p-i.fr\/parlonsen\/wp-json\/wp\/v2\/comments?post=66235"}],"version-history":[{"count":1,"href":"https:\/\/www.o-p-i.fr\/parlonsen\/wp-json\/wp\/v2\/posts\/66235\/revisions"}],"predecessor-version":[{"id":66865,"href":"https:\/\/www.o-p-i.fr\/parlonsen\/wp-json\/wp\/v2\/posts\/66235\/revisions\/66865"}],"wp:featuredmedia":[{"embeddable":true,"href":"https:\/\/www.o-p-i.fr\/parlonsen\/wp-json\/wp\/v2\/media\/46799"}],"wp:attachment":[{"href":"https:\/\/www.o-p-i.fr\/parlonsen\/wp-json\/wp\/v2\/media?parent=66235"}],"wp:term":[{"taxonomy":"category","embeddable":true,"href":"https:\/\/www.o-p-i.fr\/parlonsen\/wp-json\/wp\/v2\/categories?post=66235"},{"taxonomy":"post_tag","embeddable":true,"href":"https:\/\/www.o-p-i.fr\/parlonsen\/wp-json\/wp\/v2\/tags?post=66235"}],"curies":[{"name":"wp","href":"https:\/\/api.w.org\/{rel}","templated":true}]}}