{"id":66249,"date":"2025-09-03T13:37:14","date_gmt":"2025-09-03T11:37:14","guid":{"rendered":"https:\/\/www.o-p-i.fr\/parlonsen\/?p=66249"},"modified":"2025-09-04T13:19:07","modified_gmt":"2025-09-04T11:19:07","slug":"forum-des-associations-a-salvagnac-81-7","status":"publish","type":"post","link":"https:\/\/www.o-p-i.fr\/parlonsen\/localisation\/au-pays-des-tescous\/salvagnac\/forum-des-associations-a-salvagnac-81-7\/","title":{"rendered":"FORUM DES ASSOCIATIONS &#8230; \u00e0 Salvagnac (81)"},"content":{"rendered":"<p><strong>samedi 6 septembre 2025 \u00e0 partir de 15h00<\/strong><!--more--><\/p>\n<div data-v-cd4f75c7=\"\">\n<div data-v-cd4f75c7=\"\">\n<p data-v-cd4f75c7=\"\"><img data-recalc-dims=\"1\" loading=\"lazy\" decoding=\"async\" class=\" wp-image-66250 alignright\" src=\"https:\/\/i0.wp.com\/www.o-p-i.fr\/parlonsen\/wp-content\/uploads\/2025-forum-associations-salvagnac.jpg?resize=420%2C541&#038;ssl=1\" alt=\"\" width=\"420\" height=\"541\" srcset=\"https:\/\/i0.wp.com\/www.o-p-i.fr\/parlonsen\/wp-content\/uploads\/2025-forum-associations-salvagnac.jpg?resize=233%2C300&amp;ssl=1 233w, https:\/\/i0.wp.com\/www.o-p-i.fr\/parlonsen\/wp-content\/uploads\/2025-forum-associations-salvagnac.jpg?w=620&amp;ssl=1 620w\" sizes=\"auto, (max-width: 420px) 100vw, 420px\" \/>FORUM DES ASSOCIATIONS de Salvagnac, ce samedi 6 septembre 2025, sur les grandes all\u00e9es Jean Jaur\u00e8s !<\/p>\n<p data-v-cd4f75c7=\"\">15h \u2192 Ouverture du forum des associations<br data-v-cd4f75c7=\"\" \/>19h \u2192 Repas Mairie 7\u20ac (R\u00e9sa au 06 82 01 07 53)<br data-v-cd4f75c7=\"\" \/>21h30 \u2192 Cin\u00e9 plein air LES ENFANTS DU MARAIS, au square de la R\u00e9publique (au bout des All\u00e9es) \u00e0<\/p>\n<p data-v-cd4f75c7=\"\">[Repli salle omnisports en cas de mauvais temps]<\/p>\n<\/div>\n<\/div>\n","protected":false},"excerpt":{"rendered":"<div class=\"mh-excerpt\">samedi 6 septembre 2025 \u00e0 partir de 15h00<\/div>\n","protected":false},"author":9,"featured_media":66250,"comment_status":"open","ping_status":"open","sticky":false,"template":"","format":"standard","meta":{"om_disable_all_campaigns":false,"advanced_seo_description":"","jetpack_seo_html_title":"","jetpack_seo_noindex":false,"_jetpack_memberships_contains_paid_content":false,"footnotes":"","_links_to":"","_links_to_target":""},"categories":[290,291,25,6376],"tags":[1851,6471],"class_list":{"0":"post-66249","1":"post","2":"type-post","3":"status-publish","4":"format-standard","5":"has-post-thumbnail","7":"category-entraide","8":"category-solidarite","9":"category-salvagnac","10":"category-n234-septembre-2025","11":"tag-forum-des-associations","12":"tag-s3625"},"jetpack_featured_media_url":"https:\/\/i0.wp.com\/www.o-p-i.fr\/parlonsen\/wp-content\/uploads\/2025-forum-associations-salvagnac.jpg?fit=620%2C800&ssl=1","views":"","jetpack_likes_enabled":true,"jetpack_sharing_enabled":true,"jetpack_shortlink":"https:\/\/wp.me\/pg7Wxj-hex","jetpack-related-posts":[],"_links":{"self":[{"href":"https:\/\/www.o-p-i.fr\/parlonsen\/wp-json\/wp\/v2\/posts\/66249","targetHints":{"allow":["GET"]}}],"collection":[{"href":"https:\/\/www.o-p-i.fr\/parlonsen\/wp-json\/wp\/v2\/posts"}],"about":[{"href":"https:\/\/www.o-p-i.fr\/parlonsen\/wp-json\/wp\/v2\/types\/post"}],"author":[{"embeddable":true,"href":"https:\/\/www.o-p-i.fr\/parlonsen\/wp-json\/wp\/v2\/users\/9"}],"replies":[{"embeddable":true,"href":"https:\/\/www.o-p-i.fr\/parlonsen\/wp-json\/wp\/v2\/comments?post=66249"}],"version-history":[{"count":0,"href":"https:\/\/www.o-p-i.fr\/parlonsen\/wp-json\/wp\/v2\/posts\/66249\/revisions"}],"wp:featuredmedia":[{"embeddable":true,"href":"https:\/\/www.o-p-i.fr\/parlonsen\/wp-json\/wp\/v2\/media\/66250"}],"wp:attachment":[{"href":"https:\/\/www.o-p-i.fr\/parlonsen\/wp-json\/wp\/v2\/media?parent=66249"}],"wp:term":[{"taxonomy":"category","embeddable":true,"href":"https:\/\/www.o-p-i.fr\/parlonsen\/wp-json\/wp\/v2\/categories?post=66249"},{"taxonomy":"post_tag","embeddable":true,"href":"https:\/\/www.o-p-i.fr\/parlonsen\/wp-json\/wp\/v2\/tags?post=66249"}],"curies":[{"name":"wp","href":"https:\/\/api.w.org\/{rel}","templated":true}]}}