{"id":66253,"date":"2025-09-03T15:07:55","date_gmt":"2025-09-03T13:07:55","guid":{"rendered":"https:\/\/www.o-p-i.fr\/parlonsen\/?p=66253"},"modified":"2025-09-11T11:44:14","modified_gmt":"2025-09-11T09:44:14","slug":"la-spiranthe-dautomne-lelegance-secrete-dune-orchidee-miniature","status":"publish","type":"post","link":"https:\/\/www.o-p-i.fr\/parlonsen\/parlons-en\/editorial\/la-spiranthe-dautomne-lelegance-secrete-dune-orchidee-miniature\/","title":{"rendered":"La spiranthe d\u2019automne : l\u2019\u00e9l\u00e9gance secr\u00e8te d\u2019une orchid\u00e9e miniature."},"content":{"rendered":"<div>\n<p>&nbsp;<\/p>\n<p><img data-recalc-dims=\"1\" loading=\"lazy\" decoding=\"async\" class=\" wp-image-66254 alignright\" src=\"https:\/\/i0.wp.com\/www.o-p-i.fr\/parlonsen\/wp-content\/uploads\/2025-09-04-photo-edito-spiranthe-automne.jpg?resize=427%2C427&#038;ssl=1\" alt=\"\" width=\"427\" height=\"427\" srcset=\"https:\/\/i0.wp.com\/www.o-p-i.fr\/parlonsen\/wp-content\/uploads\/2025-09-04-photo-edito-spiranthe-automne-scaled.jpg?resize=300%2C300&amp;ssl=1 300w, https:\/\/i0.wp.com\/www.o-p-i.fr\/parlonsen\/wp-content\/uploads\/2025-09-04-photo-edito-spiranthe-automne-scaled.jpg?resize=1024%2C1024&amp;ssl=1 1024w, https:\/\/i0.wp.com\/www.o-p-i.fr\/parlonsen\/wp-content\/uploads\/2025-09-04-photo-edito-spiranthe-automne-scaled.jpg?resize=50%2C50&amp;ssl=1 50w, https:\/\/i0.wp.com\/www.o-p-i.fr\/parlonsen\/wp-content\/uploads\/2025-09-04-photo-edito-spiranthe-automne-scaled.jpg?resize=768%2C768&amp;ssl=1 768w, https:\/\/i0.wp.com\/www.o-p-i.fr\/parlonsen\/wp-content\/uploads\/2025-09-04-photo-edito-spiranthe-automne-scaled.jpg?resize=1536%2C1536&amp;ssl=1 1536w, https:\/\/i0.wp.com\/www.o-p-i.fr\/parlonsen\/wp-content\/uploads\/2025-09-04-photo-edito-spiranthe-automne-scaled.jpg?resize=2048%2C2048&amp;ssl=1 2048w, https:\/\/i0.wp.com\/www.o-p-i.fr\/parlonsen\/wp-content\/uploads\/2025-09-04-photo-edito-spiranthe-automne-scaled.jpg?resize=375%2C375&amp;ssl=1 375w\" sizes=\"auto, (max-width: 427px) 100vw, 427px\" \/><\/p>\n<p>C\u2019est la derni\u00e8re \u00e0 saluer la belle saison. La spiranthe d\u2019automne (Spiranthes spiralis), orchid\u00e9e discr\u00e8te et d\u00e9licate, fleurit alors que la nature commence \u00e0 ralentir. De la fin ao\u00fbt jusqu\u2019en octobre, elle dresse ses hampes gracieuses dans la lumi\u00e8re dor\u00e9e de fin d\u2019\u00e9t\u00e9, sur les pelouses rases, les prairies abandonn\u00e9es et parfois \u00e0 l\u2019ombre l\u00e9g\u00e8re des pin\u00e8des claires.<\/p>\n<p>Difficile \u00e0 rep\u00e9rer du premier coup d\u2019\u0153il : haute de quelques centim\u00e8tres \u00e0 peine, cette plante se confond avec les herbes qui l\u2019entourent. Et pourtant, pour peu que l\u2019on se penche avec une loupe, un objectif macro, ou simplement un regard attentif, elle se r\u00e9v\u00e8le. Ses minuscules fleurs blanches ourl\u00e9es de vert, s\u2019enroulent en spirale le long de la tige, comme une broderie v\u00e9g\u00e9tale. Une architecture subtile, presque invisible, qui \u00e9voque la gr\u00e2ce d\u2019un flocon ou le fil d\u2019un r\u00eave.<\/p>\n<p>Un l\u00e9ger parfum vanill\u00e9 compl\u00e8te cette apparition fugace. Fragile, \u00e9ph\u00e9m\u00e8re, la spiranthe d\u2019automne n\u2019est pas de celles qui cherchent \u00e0 s\u00e9duire le regard distrait : elle se m\u00e9rite. Et c\u2019est peut-\u00eatre l\u00e0 tout son charme, celui des merveilles silencieuses que la nature r\u00e9serve aux \u00e2mes curieuses et attentives.<br \/>\n\u200c\u200c<\/p>\n<div>\n<p dir=\"ltr\"><div class=\"card\" style=\"width: 350px;\">\r\n<div class=\"card-body\">\r\n<h3 class=\"card-title text-center bg-light\">Fiche Auteur<\/h3>\r\n<a href=\"https:\/\/www.o-p-i.fr\/7alire\/nicolas-duivon\/nicolas-duivon-auteur\/\" target=\"_blank\" rel=\"noopener\">\r\n<img data-recalc-dims=\"1\" decoding=\"async\" class=\"card-img\" src=\"https:\/\/i0.wp.com\/www.o-p-i.fr\/7alire\/wp-content\/uploads\/2025-photo-auteur-nicolas-duivon-scaled-e1765108565599.jpg?ssl=1\" alt=\"Nicolas Duivon\" \/><\/a>\r\n<p class=\"card-text\">Nicolas Duivon<\/p>\r\n<a class=\"btn btn-primary\" href=\"https:\/\/www.o-p-i.fr\/7alire\/nicolas-duivon\/nicolas-duivon-auteur\/\" target=\"_blank\" rel=\"noopener\">Auteur Nicolas Duivon<i class=\"fa-solid fa-arrow-up-right-from-square\"><\/i><\/a>\r\n\r\n<\/div>\r\n<\/div><\/p>\n<p dir=\"ltr\">37 vues<\/p>\n<\/div>\n<\/div>\n","protected":false},"excerpt":{"rendered":"<div class=\"mh-excerpt\">&nbsp; C\u2019est la derni\u00e8re \u00e0 saluer la belle saison. La spiranthe d\u2019automne (Spiranthes spiralis), orchid\u00e9e discr\u00e8te et d\u00e9licate, fleurit alors que la nature commence \u00e0 ralentir. De la fin ao\u00fbt jusqu\u2019en octobre, elle dresse ses <a class=\"mh-excerpt-more\" href=\"https:\/\/www.o-p-i.fr\/parlonsen\/parlons-en\/editorial\/la-spiranthe-dautomne-lelegance-secrete-dune-orchidee-miniature\/\" title=\"La spiranthe d\u2019automne : l\u2019\u00e9l\u00e9gance secr\u00e8te d\u2019une orchid\u00e9e miniature.\">[&#8230;]<\/a><\/div>\n","protected":false},"author":9,"featured_media":66254,"comment_status":"open","ping_status":"open","sticky":false,"template":"","format":"standard","meta":{"om_disable_all_campaigns":false,"advanced_seo_description":"","jetpack_seo_html_title":"","jetpack_seo_noindex":false,"_jetpack_memberships_contains_paid_content":false,"footnotes":"","_links_to":"","_links_to_target":""},"categories":[36,6376],"tags":[105,2944],"class_list":{"0":"post-66253","1":"post","2":"type-post","3":"status-publish","4":"format-standard","5":"has-post-thumbnail","7":"category-editorial","8":"category-n234-septembre-2025","9":"tag-nature","10":"tag-pantes-sauvages"},"jetpack_featured_media_url":"https:\/\/i0.wp.com\/www.o-p-i.fr\/parlonsen\/wp-content\/uploads\/2025-09-04-photo-edito-spiranthe-automne-scaled.jpg?fit=2560%2C2560&ssl=1","views":{"total":37,"cached_at":"","cached_date":1777674098},"jetpack_likes_enabled":true,"jetpack_sharing_enabled":true,"jetpack_shortlink":"https:\/\/wp.me\/pg7Wxj-heB","jetpack-related-posts":[],"_links":{"self":[{"href":"https:\/\/www.o-p-i.fr\/parlonsen\/wp-json\/wp\/v2\/posts\/66253","targetHints":{"allow":["GET"]}}],"collection":[{"href":"https:\/\/www.o-p-i.fr\/parlonsen\/wp-json\/wp\/v2\/posts"}],"about":[{"href":"https:\/\/www.o-p-i.fr\/parlonsen\/wp-json\/wp\/v2\/types\/post"}],"author":[{"embeddable":true,"href":"https:\/\/www.o-p-i.fr\/parlonsen\/wp-json\/wp\/v2\/users\/9"}],"replies":[{"embeddable":true,"href":"https:\/\/www.o-p-i.fr\/parlonsen\/wp-json\/wp\/v2\/comments?post=66253"}],"version-history":[{"count":0,"href":"https:\/\/www.o-p-i.fr\/parlonsen\/wp-json\/wp\/v2\/posts\/66253\/revisions"}],"wp:featuredmedia":[{"embeddable":true,"href":"https:\/\/www.o-p-i.fr\/parlonsen\/wp-json\/wp\/v2\/media\/66254"}],"wp:attachment":[{"href":"https:\/\/www.o-p-i.fr\/parlonsen\/wp-json\/wp\/v2\/media?parent=66253"}],"wp:term":[{"taxonomy":"category","embeddable":true,"href":"https:\/\/www.o-p-i.fr\/parlonsen\/wp-json\/wp\/v2\/categories?post=66253"},{"taxonomy":"post_tag","embeddable":true,"href":"https:\/\/www.o-p-i.fr\/parlonsen\/wp-json\/wp\/v2\/tags?post=66253"}],"curies":[{"name":"wp","href":"https:\/\/api.w.org\/{rel}","templated":true}]}}