{"id":66256,"date":"2025-09-03T15:20:06","date_gmt":"2025-09-03T13:20:06","guid":{"rendered":"https:\/\/www.o-p-i.fr\/parlonsen\/?p=66256"},"modified":"2025-09-18T14:13:17","modified_gmt":"2025-09-18T12:13:17","slug":"journees-du-patrimoine-balade-dun-chateau-a-lautre-a-salvagnac-81","status":"publish","type":"post","link":"https:\/\/www.o-p-i.fr\/parlonsen\/parlons-en\/culture\/journees-du-patrimoine-balade-dun-chateau-a-lautre-a-salvagnac-81\/","title":{"rendered":"Journ\u00e9es du patrimoine &#8211; Balade &#8211; D&rsquo;un ch\u00e2teau \u00e0 l&rsquo;autre &#8230; \u00e0 Salvagnac (81)"},"content":{"rendered":"<p><strong>Dimanche 21 septembre 2025 \u00e0 partir de 9h30<\/strong><!--more--><\/p>\n<div data-v-cd4f75c7=\"\">\n<div data-v-cd4f75c7=\"\">\n<p data-v-cd4f75c7=\"\"><img data-recalc-dims=\"1\" loading=\"lazy\" decoding=\"async\" class=\"wp-image-66257 aligncenter\" src=\"https:\/\/i0.wp.com\/www.o-p-i.fr\/parlonsen\/wp-content\/uploads\/2025-journee-patrimoine-salvagnac-circuit-un-chateau-a-autre.jpg?resize=737%2C1043&#038;ssl=1\" alt=\"\" width=\"737\" height=\"1043\" srcset=\"https:\/\/i0.wp.com\/www.o-p-i.fr\/parlonsen\/wp-content\/uploads\/2025-journee-patrimoine-salvagnac-circuit-un-chateau-a-autre.jpg?resize=212%2C300&amp;ssl=1 212w, https:\/\/i0.wp.com\/www.o-p-i.fr\/parlonsen\/wp-content\/uploads\/2025-journee-patrimoine-salvagnac-circuit-un-chateau-a-autre.jpg?resize=724%2C1024&amp;ssl=1 724w, https:\/\/i0.wp.com\/www.o-p-i.fr\/parlonsen\/wp-content\/uploads\/2025-journee-patrimoine-salvagnac-circuit-un-chateau-a-autre.jpg?resize=768%2C1086&amp;ssl=1 768w, https:\/\/i0.wp.com\/www.o-p-i.fr\/parlonsen\/wp-content\/uploads\/2025-journee-patrimoine-salvagnac-circuit-un-chateau-a-autre.jpg?w=827&amp;ssl=1 827w\" sizes=\"auto, (max-width: 737px) 100vw, 737px\" \/><em>Information communiqu\u00e9e par Michel Darios<\/em><\/p>\n<\/div>\n<\/div>\n","protected":false},"excerpt":{"rendered":"<div class=\"mh-excerpt\">Dimanche 21 septembre 2025 \u00e0 partir de 9h30<\/div>\n","protected":false},"author":9,"featured_media":66257,"comment_status":"open","ping_status":"open","sticky":false,"template":"","format":"standard","meta":{"om_disable_all_campaigns":false,"advanced_seo_description":"","jetpack_seo_html_title":"","jetpack_seo_noindex":false,"_jetpack_memberships_contains_paid_content":false,"footnotes":"","_links_to":"","_links_to_target":""},"categories":[1,25,6376],"tags":[5636,6477],"class_list":{"0":"post-66256","1":"post","2":"type-post","3":"status-publish","4":"format-standard","5":"has-post-thumbnail","7":"category-culture","8":"category-salvagnac","9":"category-n234-septembre-2025","10":"tag-journee-europeenne-du-patrimoine","11":"tag-s3825"},"jetpack_featured_media_url":"https:\/\/i0.wp.com\/www.o-p-i.fr\/parlonsen\/wp-content\/uploads\/2025-journee-patrimoine-salvagnac-circuit-un-chateau-a-autre.jpg?fit=827%2C1169&ssl=1","views":"","jetpack_likes_enabled":true,"jetpack_sharing_enabled":true,"jetpack_shortlink":"https:\/\/wp.me\/pg7Wxj-heE","jetpack-related-posts":[],"_links":{"self":[{"href":"https:\/\/www.o-p-i.fr\/parlonsen\/wp-json\/wp\/v2\/posts\/66256","targetHints":{"allow":["GET"]}}],"collection":[{"href":"https:\/\/www.o-p-i.fr\/parlonsen\/wp-json\/wp\/v2\/posts"}],"about":[{"href":"https:\/\/www.o-p-i.fr\/parlonsen\/wp-json\/wp\/v2\/types\/post"}],"author":[{"embeddable":true,"href":"https:\/\/www.o-p-i.fr\/parlonsen\/wp-json\/wp\/v2\/users\/9"}],"replies":[{"embeddable":true,"href":"https:\/\/www.o-p-i.fr\/parlonsen\/wp-json\/wp\/v2\/comments?post=66256"}],"version-history":[{"count":0,"href":"https:\/\/www.o-p-i.fr\/parlonsen\/wp-json\/wp\/v2\/posts\/66256\/revisions"}],"wp:featuredmedia":[{"embeddable":true,"href":"https:\/\/www.o-p-i.fr\/parlonsen\/wp-json\/wp\/v2\/media\/66257"}],"wp:attachment":[{"href":"https:\/\/www.o-p-i.fr\/parlonsen\/wp-json\/wp\/v2\/media?parent=66256"}],"wp:term":[{"taxonomy":"category","embeddable":true,"href":"https:\/\/www.o-p-i.fr\/parlonsen\/wp-json\/wp\/v2\/categories?post=66256"},{"taxonomy":"post_tag","embeddable":true,"href":"https:\/\/www.o-p-i.fr\/parlonsen\/wp-json\/wp\/v2\/tags?post=66256"}],"curies":[{"name":"wp","href":"https:\/\/api.w.org\/{rel}","templated":true}]}}