{"id":66259,"date":"2025-09-03T15:45:24","date_gmt":"2025-09-03T13:45:24","guid":{"rendered":"https:\/\/www.o-p-i.fr\/parlonsen\/?p=66259"},"modified":"2025-09-18T14:13:46","modified_gmt":"2025-09-18T12:13:46","slug":"journees-du-patrimoine-a-la-chapelle-de-la-bouysse-a-salvagnac-81","status":"publish","type":"post","link":"https:\/\/www.o-p-i.fr\/parlonsen\/parlons-en\/culture\/journees-du-patrimoine-a-la-chapelle-de-la-bouysse-a-salvagnac-81\/","title":{"rendered":"JOURNEES DU PATRIMOINE A LA CHAPELLE DE LA BOUYSSE &#8230; \u00e0 Salvagnac (81)"},"content":{"rendered":"<p><strong>Dimanche 21 septembre 2025 \u00e0 partir de 10h00<\/strong><!--more--><\/p>\n<p><img data-recalc-dims=\"1\" loading=\"lazy\" decoding=\"async\" class=\" wp-image-66260 alignright\" src=\"https:\/\/i0.wp.com\/www.o-p-i.fr\/parlonsen\/wp-content\/uploads\/2025-fete-du-patrimoine-chapelle-de-La-Bouysse.jpg?resize=411%2C308&#038;ssl=1\" alt=\"\" width=\"411\" height=\"308\" srcset=\"https:\/\/i0.wp.com\/www.o-p-i.fr\/parlonsen\/wp-content\/uploads\/2025-fete-du-patrimoine-chapelle-de-La-Bouysse-scaled.jpg?resize=300%2C225&amp;ssl=1 300w, https:\/\/i0.wp.com\/www.o-p-i.fr\/parlonsen\/wp-content\/uploads\/2025-fete-du-patrimoine-chapelle-de-La-Bouysse-scaled.jpg?resize=1024%2C768&amp;ssl=1 1024w, https:\/\/i0.wp.com\/www.o-p-i.fr\/parlonsen\/wp-content\/uploads\/2025-fete-du-patrimoine-chapelle-de-La-Bouysse-scaled.jpg?resize=768%2C576&amp;ssl=1 768w, https:\/\/i0.wp.com\/www.o-p-i.fr\/parlonsen\/wp-content\/uploads\/2025-fete-du-patrimoine-chapelle-de-La-Bouysse-scaled.jpg?resize=1536%2C1152&amp;ssl=1 1536w, https:\/\/i0.wp.com\/www.o-p-i.fr\/parlonsen\/wp-content\/uploads\/2025-fete-du-patrimoine-chapelle-de-La-Bouysse-scaled.jpg?resize=2048%2C1536&amp;ssl=1 2048w, https:\/\/i0.wp.com\/www.o-p-i.fr\/parlonsen\/wp-content\/uploads\/2025-fete-du-patrimoine-chapelle-de-La-Bouysse-scaled.jpg?resize=678%2C509&amp;ssl=1 678w, https:\/\/i0.wp.com\/www.o-p-i.fr\/parlonsen\/wp-content\/uploads\/2025-fete-du-patrimoine-chapelle-de-La-Bouysse-scaled.jpg?resize=326%2C245&amp;ssl=1 326w, https:\/\/i0.wp.com\/www.o-p-i.fr\/parlonsen\/wp-content\/uploads\/2025-fete-du-patrimoine-chapelle-de-La-Bouysse-scaled.jpg?resize=80%2C60&amp;ssl=1 80w\" sizes=\"auto, (max-width: 411px) 100vw, 411px\" \/>L\u2019Association des Amis de La Bouysse est heureuse de vous accueillir \u00e0 la chapelle de La Bouysse \u00e0 l\u2019occasion des journ\u00e9es du patrimoine des samedi 20 et dimanche 21 septembre 2025 de 10 heures \u00e0 17 heures.<\/p>\n<p>Le site offre un magnifique panorama sur la Gr\u00e9signe.<\/p>\n<p>L\u2019int\u00e9rieur, vous pourrez admirer un tr\u00e8s beau tableau repr\u00e9sentant la crucifixion, le ma\u00eetre-autel, la cuve baptismale du XVI\u00e8me si\u00e8cle ainsi que la sculpture en bois de Pierre Darios artiste local, repr\u00e9sentant un p\u00e8lerin de Saint-Jacques. Cette chapelle en effet d\u00e9di\u00e9e \u00e0 Saint-Jacques, \u00e9tait jadis une \u00e9tape sur les chemins de Saint-Jacques et le si\u00e8ge d\u2019une pr\u00e9ceptorerie de l\u2019Ordre des Hospitaliers de Saint-Jean de J\u00e9rusalem.<\/p>\n<p>Jean-Claude Hennebert, peintre paysagiste gaillacois, accrochera ses toiles dans la chapelle durant ces deux journ\u00e9es et sera pr\u00e9sent pour pr\u00e9senter ses \u0153uvres.<\/p>\n<p>Bonne visite\u00a0!<\/p>\n<div data-v-cd4f75c7=\"\">\n<div data-v-cd4f75c7=\"\">\n<p data-v-cd4f75c7=\"\"><em>Information communiqu\u00e9e par Michel Darios<\/em><\/p>\n<\/div>\n<\/div>\n","protected":false},"excerpt":{"rendered":"<div class=\"mh-excerpt\">Dimanche 21 septembre 2025 \u00e0 partir de 10h00<\/div>\n","protected":false},"author":9,"featured_media":66260,"comment_status":"open","ping_status":"open","sticky":false,"template":"","format":"standard","meta":{"om_disable_all_campaigns":false,"advanced_seo_description":"","jetpack_seo_html_title":"","jetpack_seo_noindex":false,"_jetpack_memberships_contains_paid_content":false,"footnotes":"","_links_to":"","_links_to_target":""},"categories":[1,25,6376],"tags":[5636,6477],"class_list":{"0":"post-66259","1":"post","2":"type-post","3":"status-publish","4":"format-standard","5":"has-post-thumbnail","7":"category-culture","8":"category-salvagnac","9":"category-n234-septembre-2025","10":"tag-journee-europeenne-du-patrimoine","11":"tag-s3825"},"jetpack_featured_media_url":"https:\/\/i0.wp.com\/www.o-p-i.fr\/parlonsen\/wp-content\/uploads\/2025-fete-du-patrimoine-chapelle-de-La-Bouysse-scaled.jpg?fit=2560%2C1920&ssl=1","views":"","jetpack_likes_enabled":true,"jetpack_sharing_enabled":true,"jetpack_shortlink":"https:\/\/wp.me\/pg7Wxj-heH","jetpack-related-posts":[],"_links":{"self":[{"href":"https:\/\/www.o-p-i.fr\/parlonsen\/wp-json\/wp\/v2\/posts\/66259","targetHints":{"allow":["GET"]}}],"collection":[{"href":"https:\/\/www.o-p-i.fr\/parlonsen\/wp-json\/wp\/v2\/posts"}],"about":[{"href":"https:\/\/www.o-p-i.fr\/parlonsen\/wp-json\/wp\/v2\/types\/post"}],"author":[{"embeddable":true,"href":"https:\/\/www.o-p-i.fr\/parlonsen\/wp-json\/wp\/v2\/users\/9"}],"replies":[{"embeddable":true,"href":"https:\/\/www.o-p-i.fr\/parlonsen\/wp-json\/wp\/v2\/comments?post=66259"}],"version-history":[{"count":0,"href":"https:\/\/www.o-p-i.fr\/parlonsen\/wp-json\/wp\/v2\/posts\/66259\/revisions"}],"wp:featuredmedia":[{"embeddable":true,"href":"https:\/\/www.o-p-i.fr\/parlonsen\/wp-json\/wp\/v2\/media\/66260"}],"wp:attachment":[{"href":"https:\/\/www.o-p-i.fr\/parlonsen\/wp-json\/wp\/v2\/media?parent=66259"}],"wp:term":[{"taxonomy":"category","embeddable":true,"href":"https:\/\/www.o-p-i.fr\/parlonsen\/wp-json\/wp\/v2\/categories?post=66259"},{"taxonomy":"post_tag","embeddable":true,"href":"https:\/\/www.o-p-i.fr\/parlonsen\/wp-json\/wp\/v2\/tags?post=66259"}],"curies":[{"name":"wp","href":"https:\/\/api.w.org\/{rel}","templated":true}]}}