{"id":66269,"date":"2025-09-04T12:57:25","date_gmt":"2025-09-04T10:57:25","guid":{"rendered":"https:\/\/www.o-p-i.fr\/parlonsen\/?p=66269"},"modified":"2025-09-18T14:11:27","modified_gmt":"2025-09-18T12:11:27","slug":"fete-du-patrimoine-occitan-a-st-etienne-de-tulmont-82","status":"publish","type":"post","link":"https:\/\/www.o-p-i.fr\/parlonsen\/parlons-en\/culture\/fete-du-patrimoine-occitan-a-st-etienne-de-tulmont-82\/","title":{"rendered":"F\u00eate du patrimoine occitan &#8230; \u00e0 St Etienne de Tulmont (82)"},"content":{"rendered":"<p><strong>samedi 20 septembre de 14h30 \u00e0 23h30<\/strong><!--more--><\/p>\n<p><img data-recalc-dims=\"1\" loading=\"lazy\" decoding=\"async\" class=\" wp-image-66270 alignright\" src=\"https:\/\/i0.wp.com\/www.o-p-i.fr\/parlonsen\/wp-content\/uploads\/2025-fete-patrimoine-occitan-st-etienne-tulmont.png?resize=440%2C620&#038;ssl=1\" alt=\"\" width=\"440\" height=\"620\" srcset=\"https:\/\/i0.wp.com\/www.o-p-i.fr\/parlonsen\/wp-content\/uploads\/2025-fete-patrimoine-occitan-st-etienne-tulmont.png?resize=213%2C300&amp;ssl=1 213w, https:\/\/i0.wp.com\/www.o-p-i.fr\/parlonsen\/wp-content\/uploads\/2025-fete-patrimoine-occitan-st-etienne-tulmont.png?resize=728%2C1024&amp;ssl=1 728w, https:\/\/i0.wp.com\/www.o-p-i.fr\/parlonsen\/wp-content\/uploads\/2025-fete-patrimoine-occitan-st-etienne-tulmont.png?resize=768%2C1080&amp;ssl=1 768w, https:\/\/i0.wp.com\/www.o-p-i.fr\/parlonsen\/wp-content\/uploads\/2025-fete-patrimoine-occitan-st-etienne-tulmont.png?resize=1092%2C1536&amp;ssl=1 1092w, https:\/\/i0.wp.com\/www.o-p-i.fr\/parlonsen\/wp-content\/uploads\/2025-fete-patrimoine-occitan-st-etienne-tulmont.png?w=1276&amp;ssl=1 1276w\" sizes=\"auto, (max-width: 440px) 100vw, 440px\" \/>4\u00e8me \u00e9dition de la F\u00eate du patrimoine Occitan avec la participation de I.E.O. de Montauban et du R\u00e9veil Occitan. De nombreuses animations gratuites. Cl\u00f4ture avec un Bal Trad&rsquo; (participation au chapeau).<br \/>\nNous organisons le 1er concours de Badinades ouvert \u00e0 toutes les personnes \u00e0 l&rsquo;aise pour raconter des blagues en occitan\/fran\u00e7ais.<br \/>\nUn prix r\u00e9compensera le meilleur\/la meilleure.<\/p>\n<h2>Adresse de l&rsquo;\u00e9v\u00e8nement<\/h2>\n<p>Salle des f\u00eates de Saint-Etienne de Tulmont<br \/>\nRue du Stade<\/p>\n<h2>Organisateur de l&rsquo;\u00e9v\u00e8nement<\/h2>\n<p>Association LES BORDS DE TAUGE<\/p>\n<h2>Personne \/ Organisation \u00e0 contacter<\/h2>\n<p>Christine Cabot, pr\u00e9sidente<\/p>\n<h2>Adresse<\/h2>\n<p>Mairie &#8211; le Bourg<br \/>\n82410 SAINT ETIENNE DE TULMONT<\/p>\n<h2>T\u00e9l\u00e9phone<\/h2>\n<p>0681607356<\/p>\n<h2>Courriel<\/h2>\n<p>lesbordsdetauge@gmail.com<\/p>\n<p><em>Information transmise par Christine Cabot, pr\u00e9sidente.<\/em><\/p>\n","protected":false},"excerpt":{"rendered":"<div class=\"mh-excerpt\">samedi 20 septembre de 14h30 \u00e0 23h30<\/div>\n","protected":false},"author":9,"featured_media":66270,"comment_status":"open","ping_status":"open","sticky":false,"template":"","format":"standard","meta":{"om_disable_all_campaigns":false,"advanced_seo_description":"","jetpack_seo_html_title":"","jetpack_seo_noindex":false,"_jetpack_memberships_contains_paid_content":false,"footnotes":"","_links_to":"","_links_to_target":""},"categories":[1,54,6473,6376],"tags":[1802,6477],"class_list":{"0":"post-66269","1":"post","2":"type-post","3":"status-publish","4":"format-standard","5":"has-post-thumbnail","7":"category-culture","8":"category-loisirs","9":"category-st-etienne-de-tulmont","10":"category-n234-septembre-2025","11":"tag-fete-occitane","12":"tag-s3825"},"jetpack_featured_media_url":"https:\/\/i0.wp.com\/www.o-p-i.fr\/parlonsen\/wp-content\/uploads\/2025-fete-patrimoine-occitan-st-etienne-tulmont.png?fit=1276%2C1795&ssl=1","views":"","jetpack_likes_enabled":true,"jetpack_sharing_enabled":true,"jetpack_shortlink":"https:\/\/wp.me\/pg7Wxj-heR","jetpack-related-posts":[],"_links":{"self":[{"href":"https:\/\/www.o-p-i.fr\/parlonsen\/wp-json\/wp\/v2\/posts\/66269","targetHints":{"allow":["GET"]}}],"collection":[{"href":"https:\/\/www.o-p-i.fr\/parlonsen\/wp-json\/wp\/v2\/posts"}],"about":[{"href":"https:\/\/www.o-p-i.fr\/parlonsen\/wp-json\/wp\/v2\/types\/post"}],"author":[{"embeddable":true,"href":"https:\/\/www.o-p-i.fr\/parlonsen\/wp-json\/wp\/v2\/users\/9"}],"replies":[{"embeddable":true,"href":"https:\/\/www.o-p-i.fr\/parlonsen\/wp-json\/wp\/v2\/comments?post=66269"}],"version-history":[{"count":0,"href":"https:\/\/www.o-p-i.fr\/parlonsen\/wp-json\/wp\/v2\/posts\/66269\/revisions"}],"wp:featuredmedia":[{"embeddable":true,"href":"https:\/\/www.o-p-i.fr\/parlonsen\/wp-json\/wp\/v2\/media\/66270"}],"wp:attachment":[{"href":"https:\/\/www.o-p-i.fr\/parlonsen\/wp-json\/wp\/v2\/media?parent=66269"}],"wp:term":[{"taxonomy":"category","embeddable":true,"href":"https:\/\/www.o-p-i.fr\/parlonsen\/wp-json\/wp\/v2\/categories?post=66269"},{"taxonomy":"post_tag","embeddable":true,"href":"https:\/\/www.o-p-i.fr\/parlonsen\/wp-json\/wp\/v2\/tags?post=66269"}],"curies":[{"name":"wp","href":"https:\/\/api.w.org\/{rel}","templated":true}]}}