{"id":66339,"date":"2025-09-11T11:52:11","date_gmt":"2025-09-11T09:52:11","guid":{"rendered":"https:\/\/www.o-p-i.fr\/parlonsen\/?p=66339"},"modified":"2025-09-11T11:57:46","modified_gmt":"2025-09-11T09:57:46","slug":"lortie-dioique-piquante-mais-si-genereuse","status":"publish","type":"post","link":"https:\/\/www.o-p-i.fr\/parlonsen\/parlons-en\/editorial\/lortie-dioique-piquante-mais-si-genereuse\/","title":{"rendered":"L\u2019ortie dio\u00efque, piquante mais si g\u00e9n\u00e9reuse."},"content":{"rendered":"<div>\n<p><img data-recalc-dims=\"1\" loading=\"lazy\" decoding=\"async\" class=\" wp-image-66341 alignright\" src=\"https:\/\/i0.wp.com\/www.o-p-i.fr\/parlonsen\/wp-content\/uploads\/2025-09-11-photo-edito-Ortie-dioique.jpg?resize=459%2C459&#038;ssl=1\" alt=\"\" width=\"459\" height=\"459\" srcset=\"https:\/\/i0.wp.com\/www.o-p-i.fr\/parlonsen\/wp-content\/uploads\/2025-09-11-photo-edito-Ortie-dioique-scaled.jpg?resize=300%2C300&amp;ssl=1 300w, https:\/\/i0.wp.com\/www.o-p-i.fr\/parlonsen\/wp-content\/uploads\/2025-09-11-photo-edito-Ortie-dioique-scaled.jpg?resize=1024%2C1024&amp;ssl=1 1024w, https:\/\/i0.wp.com\/www.o-p-i.fr\/parlonsen\/wp-content\/uploads\/2025-09-11-photo-edito-Ortie-dioique-scaled.jpg?resize=50%2C50&amp;ssl=1 50w, https:\/\/i0.wp.com\/www.o-p-i.fr\/parlonsen\/wp-content\/uploads\/2025-09-11-photo-edito-Ortie-dioique-scaled.jpg?resize=768%2C768&amp;ssl=1 768w, https:\/\/i0.wp.com\/www.o-p-i.fr\/parlonsen\/wp-content\/uploads\/2025-09-11-photo-edito-Ortie-dioique-scaled.jpg?resize=1536%2C1536&amp;ssl=1 1536w, https:\/\/i0.wp.com\/www.o-p-i.fr\/parlonsen\/wp-content\/uploads\/2025-09-11-photo-edito-Ortie-dioique-scaled.jpg?resize=2048%2C2048&amp;ssl=1 2048w, https:\/\/i0.wp.com\/www.o-p-i.fr\/parlonsen\/wp-content\/uploads\/2025-09-11-photo-edito-Ortie-dioique-scaled.jpg?resize=375%2C375&amp;ssl=1 375w\" sizes=\"auto, (max-width: 459px) 100vw, 459px\" \/><\/p>\n<p>Dans l\u2019ombre fra\u00eeche des haies, au d\u00e9tour d\u2019un sentier humide, s\u2019\u00e9l\u00e8ve fi\u00e8rement la grande ortie. Vivace et vigoureuse, elle d\u00e9ploie jusqu\u2019\u00e0 deux m\u00e8tres ses tiges anguleuses, h\u00e9riss\u00e9es de poils piquants qui repoussent la main trop audacieuse.<\/p>\n<p>Ses feuilles, d\u2019un vert profond et finement dentel\u00e9es, se parent d\u2019aiguillons de silice, porteurs d\u2019un s\u00e9rum urticant pr\u00eat \u00e0 piquer au moindre effleurement. Discr\u00e8tes, ses fleurs m\u00e2les dress\u00e9es et femelles pendantes poussent sur des pieds distincts, particularit\u00e9 rare dans le monde v\u00e9g\u00e9tal.<\/p>\n<p>Sous son masque aust\u00e8re se cache un tr\u00e9sor insoup\u00e7onn\u00e9: fer, vitamines, min\u00e9raux. L\u2019ortie renforce le corps, soutient reins et articulations, apaise goutte et rhumatismes. Jadis fouet vert pour d\u00e9lier jambes lourdes et membres endoloris, elle s\u2019invite aujourd\u2019hui en tisanes, velout\u00e9s et pestos. Sa chlorophylle r\u00e9\u00e9quilibre la flore intestinale, ses prot\u00e9ines surpassent celles du soja, et ses graines concentrent l\u2019\u00e9nergie d\u2019une saison enti\u00e8re.<\/p>\n<p>Chaque printemps, elle offre sa cure r\u00e9g\u00e9n\u00e9rante, fra\u00eeche ou s\u00e9ch\u00e9e, pr\u00eate \u00e0 relever bouillons, gratins ou pains. Celle que l\u2019on redoute au premier contact devient, au fil du temps, une alli\u00e9e pr\u00e9cieuse.<\/p>\n<p>Paradoxe v\u00e9g\u00e9tal, barri\u00e8re et offrande, morsure et baume, elle murmure que parfois, c\u2019est en acceptant l\u2019\u00e9preuve que l\u2019on cueille le vrai cadeau de la nature.<\/p>\n<p>\u200c\u200c<\/p>\n<div>\n<p dir=\"ltr\"><div class=\"card\" style=\"width: 350px;\">\r\n<div class=\"card-body\">\r\n<h3 class=\"card-title text-center bg-light\">Fiche Auteur<\/h3>\r\n<a href=\"https:\/\/www.o-p-i.fr\/7alire\/nicolas-duivon\/nicolas-duivon-auteur\/\" target=\"_blank\" rel=\"noopener\">\r\n<img data-recalc-dims=\"1\" decoding=\"async\" class=\"card-img\" src=\"https:\/\/i0.wp.com\/www.o-p-i.fr\/7alire\/wp-content\/uploads\/2025-photo-auteur-nicolas-duivon-scaled-e1765108565599.jpg?ssl=1\" alt=\"Nicolas Duivon\" \/><\/a>\r\n<p class=\"card-text\">Nicolas Duivon<\/p>\r\n<a class=\"btn btn-primary\" href=\"https:\/\/www.o-p-i.fr\/7alire\/nicolas-duivon\/nicolas-duivon-auteur\/\" target=\"_blank\" rel=\"noopener\">Auteur Nicolas Duivon<i class=\"fa-solid fa-arrow-up-right-from-square\"><\/i><\/a>\r\n\r\n<\/div>\r\n<\/div><\/p>\n<p dir=\"ltr\">6 vues<\/p>\n<\/div>\n<\/div>\n","protected":false},"excerpt":{"rendered":"<div class=\"mh-excerpt\">Dans l\u2019ombre fra\u00eeche des haies, au d\u00e9tour d\u2019un sentier humide, s\u2019\u00e9l\u00e8ve fi\u00e8rement la grande ortie. Vivace et vigoureuse, elle d\u00e9ploie jusqu\u2019\u00e0 deux m\u00e8tres ses tiges anguleuses, h\u00e9riss\u00e9es de poils piquants qui repoussent la main trop <a class=\"mh-excerpt-more\" href=\"https:\/\/www.o-p-i.fr\/parlonsen\/parlons-en\/editorial\/lortie-dioique-piquante-mais-si-genereuse\/\" title=\"L\u2019ortie dio\u00efque, piquante mais si g\u00e9n\u00e9reuse.\">[&#8230;]<\/a><\/div>\n","protected":false},"author":9,"featured_media":66341,"comment_status":"open","ping_status":"open","sticky":false,"template":"","format":"standard","meta":{"om_disable_all_campaigns":false,"advanced_seo_description":"","jetpack_seo_html_title":"","jetpack_seo_noindex":false,"_jetpack_memberships_contains_paid_content":false,"footnotes":"","_links_to":"","_links_to_target":""},"categories":[36,6376],"tags":[105,2944],"class_list":{"0":"post-66339","1":"post","2":"type-post","3":"status-publish","4":"format-standard","5":"has-post-thumbnail","7":"category-editorial","8":"category-n234-septembre-2025","9":"tag-nature","10":"tag-pantes-sauvages"},"jetpack_featured_media_url":"https:\/\/i0.wp.com\/www.o-p-i.fr\/parlonsen\/wp-content\/uploads\/2025-09-11-photo-edito-Ortie-dioique-scaled.jpg?fit=2560%2C2560&ssl=1","views":{"total":6,"cached_at":"","cached_date":1777670643},"jetpack_likes_enabled":true,"jetpack_sharing_enabled":true,"jetpack_shortlink":"https:\/\/wp.me\/pg7Wxj-hfZ","jetpack-related-posts":[],"_links":{"self":[{"href":"https:\/\/www.o-p-i.fr\/parlonsen\/wp-json\/wp\/v2\/posts\/66339","targetHints":{"allow":["GET"]}}],"collection":[{"href":"https:\/\/www.o-p-i.fr\/parlonsen\/wp-json\/wp\/v2\/posts"}],"about":[{"href":"https:\/\/www.o-p-i.fr\/parlonsen\/wp-json\/wp\/v2\/types\/post"}],"author":[{"embeddable":true,"href":"https:\/\/www.o-p-i.fr\/parlonsen\/wp-json\/wp\/v2\/users\/9"}],"replies":[{"embeddable":true,"href":"https:\/\/www.o-p-i.fr\/parlonsen\/wp-json\/wp\/v2\/comments?post=66339"}],"version-history":[{"count":0,"href":"https:\/\/www.o-p-i.fr\/parlonsen\/wp-json\/wp\/v2\/posts\/66339\/revisions"}],"wp:featuredmedia":[{"embeddable":true,"href":"https:\/\/www.o-p-i.fr\/parlonsen\/wp-json\/wp\/v2\/media\/66341"}],"wp:attachment":[{"href":"https:\/\/www.o-p-i.fr\/parlonsen\/wp-json\/wp\/v2\/media?parent=66339"}],"wp:term":[{"taxonomy":"category","embeddable":true,"href":"https:\/\/www.o-p-i.fr\/parlonsen\/wp-json\/wp\/v2\/categories?post=66339"},{"taxonomy":"post_tag","embeddable":true,"href":"https:\/\/www.o-p-i.fr\/parlonsen\/wp-json\/wp\/v2\/tags?post=66339"}],"curies":[{"name":"wp","href":"https:\/\/api.w.org\/{rel}","templated":true}]}}