{"id":66368,"date":"2025-09-11T14:14:14","date_gmt":"2025-09-11T12:14:14","guid":{"rendered":"https:\/\/www.o-p-i.fr\/parlonsen\/?p=66368"},"modified":"2025-09-11T14:14:14","modified_gmt":"2025-09-11T12:14:14","slug":"lamichemin-cours-de-theatre-enfants-a-monclar-de-quercy-82","status":"publish","type":"post","link":"https:\/\/www.o-p-i.fr\/parlonsen\/localisation\/au-pays-des-tescous\/monclar\/lamichemin-cours-de-theatre-enfants-a-monclar-de-quercy-82\/","title":{"rendered":"LaMICHEmin &#8211; Cours de th\u00e9\u00e2tre enfants &#8230; \u00e0 Monclar de Quercy (82)"},"content":{"rendered":"<h1><strong><img data-recalc-dims=\"1\" loading=\"lazy\" decoding=\"async\" class=\" wp-image-66369 alignright\" src=\"https:\/\/i0.wp.com\/www.o-p-i.fr\/parlonsen\/wp-content\/uploads\/2025-Affiche-A4-theatre-enfant2_page-0001-3bea32a5ee11c32f25a33627a79a348a.jpg?resize=407%2C573&#038;ssl=1\" alt=\"\" width=\"407\" height=\"573\" srcset=\"https:\/\/i0.wp.com\/www.o-p-i.fr\/parlonsen\/wp-content\/uploads\/2025-Affiche-A4-theatre-enfant2_page-0001-3bea32a5ee11c32f25a33627a79a348a.jpg?resize=213%2C300&amp;ssl=1 213w, https:\/\/i0.wp.com\/www.o-p-i.fr\/parlonsen\/wp-content\/uploads\/2025-Affiche-A4-theatre-enfant2_page-0001-3bea32a5ee11c32f25a33627a79a348a.jpg?w=621&amp;ssl=1 621w\" sizes=\"auto, (max-width: 407px) 100vw, 407px\" \/>Cours de th\u00e9\u00e2tre \u00e0 Monclar<\/strong><\/h1>\n<p class=\"western\"><i><b>Pour<\/b><\/i><i><b> <\/b><\/i><i><b>les<\/b><\/i><i><b> <\/b><\/i><i><b>6<\/b><\/i><i><b> <\/b><\/i><i><b>\u00e0 <\/b><\/i><i><b>9<\/b><\/i><i><b> ans<\/b><\/i><i><b> <\/b><\/i><i><b>de <\/b><\/i><i><b>17 <\/b><\/i><i><b>\u00e0 <\/b><\/i><i><b>18h<\/b><\/i><\/p>\n<p class=\"western\"><i><b>P<\/b><\/i><i><b>our les <\/b><\/i><i><b>10<\/b><\/i><i><b> <\/b><\/i><i><b>\u00e0<\/b><\/i><i><b> <\/b><\/i><i><b>13 ans <\/b><\/i><i><b>de<\/b><\/i><i><b> <\/b><\/i><i><b>18h15 <\/b><\/i><i><b>\u00e0 <\/b><\/i><i><b>19h30<\/b><\/i><\/p>\n<h2 class=\"western\"><i><b>1er C<\/b><\/i><i><b>ours d\u00e9couverte <\/b><\/i><i><b>offert<\/b><\/i><i><b> <\/b><\/i><i><b>\u00e0 partir du <\/b><\/i><i><b>Mardi<\/b><\/i><i><b> 16 <\/b><\/i><i><b>S<\/b><\/i><i><b>ept et tout au long de l&rsquo;ann\u00e9e pour le 1er cours<\/b><\/i><\/h2>\n<p><strong>Des stages seront \u00e9galement organis\u00e9s pendant les vacances<\/strong><\/p>\n<ul>\n<li>\n<p class=\"western\"><i><b>Expression corporelle<\/b><\/i><\/p>\n<\/li>\n<\/ul>\n<ul>\n<li>\n<p class=\"western\"><i><b>Improvisations<\/b><\/i><\/p>\n<\/li>\n<li>\n<p class=\"western\"><i><b>Explorations Sensorielles <\/b><\/i><\/p>\n<\/li>\n<li>\n<p class=\"western\"><i><b>E<\/b><\/i><i><b>motions <\/b><\/i><b> <\/b><i><b>seront nos instruments pour inventer notre univers de jeu<\/b><\/i><b> <\/b><b>Sensations assur\u00e9es\u00a0<\/b><b>! <\/b><\/p>\n<\/li>\n<\/ul>\n<p class=\"western\"><i><b>Au fil du temps, nous deviendrons des h\u00e9ros de la Cr\u00e9ation \u2026<\/b><\/i><\/p>\n<p>&nbsp;<\/p>\n","protected":false},"excerpt":{"rendered":"<div class=\"mh-excerpt\">Cours de th\u00e9\u00e2tre \u00e0 Monclar Pour les 6 \u00e0 9 ans de 17 \u00e0 18h Pour les 10 \u00e0 13 ans de 18h15 \u00e0 19h30 1er Cours d\u00e9couverte offert \u00e0 partir du Mardi 16 Sept <a class=\"mh-excerpt-more\" href=\"https:\/\/www.o-p-i.fr\/parlonsen\/localisation\/au-pays-des-tescous\/monclar\/lamichemin-cours-de-theatre-enfants-a-monclar-de-quercy-82\/\" title=\"LaMICHEmin &#8211; Cours de th\u00e9\u00e2tre enfants &#8230; \u00e0 Monclar de Quercy (82)\">[&#8230;]<\/a><\/div>\n","protected":false},"author":9,"featured_media":55823,"comment_status":"open","ping_status":"open","sticky":false,"template":"","format":"standard","meta":{"om_disable_all_campaigns":false,"advanced_seo_description":"","jetpack_seo_html_title":"","jetpack_seo_noindex":false,"_jetpack_memberships_contains_paid_content":false,"footnotes":"","_links_to":"","_links_to_target":""},"categories":[16,54,6376],"tags":[5164,6475,6476],"class_list":{"0":"post-66368","1":"post","2":"type-post","3":"status-publish","4":"format-standard","5":"has-post-thumbnail","7":"category-monclar","8":"category-loisirs","9":"category-n234-septembre-2025","10":"tag-lamichemin","11":"tag-s3725","12":"tag-cours-de-theatre"},"jetpack_featured_media_url":"https:\/\/i0.wp.com\/www.o-p-i.fr\/parlonsen\/wp-content\/uploads\/lamichemin-en-tete.jpeg?fit=836%2C448&ssl=1","views":{"total":10,"cached_at":"","cached_date":1738509369},"jetpack_likes_enabled":true,"jetpack_sharing_enabled":true,"jetpack_shortlink":"https:\/\/wp.me\/pg7Wxj-hgs","jetpack-related-posts":[],"_links":{"self":[{"href":"https:\/\/www.o-p-i.fr\/parlonsen\/wp-json\/wp\/v2\/posts\/66368","targetHints":{"allow":["GET"]}}],"collection":[{"href":"https:\/\/www.o-p-i.fr\/parlonsen\/wp-json\/wp\/v2\/posts"}],"about":[{"href":"https:\/\/www.o-p-i.fr\/parlonsen\/wp-json\/wp\/v2\/types\/post"}],"author":[{"embeddable":true,"href":"https:\/\/www.o-p-i.fr\/parlonsen\/wp-json\/wp\/v2\/users\/9"}],"replies":[{"embeddable":true,"href":"https:\/\/www.o-p-i.fr\/parlonsen\/wp-json\/wp\/v2\/comments?post=66368"}],"version-history":[{"count":0,"href":"https:\/\/www.o-p-i.fr\/parlonsen\/wp-json\/wp\/v2\/posts\/66368\/revisions"}],"wp:featuredmedia":[{"embeddable":true,"href":"https:\/\/www.o-p-i.fr\/parlonsen\/wp-json\/wp\/v2\/media\/55823"}],"wp:attachment":[{"href":"https:\/\/www.o-p-i.fr\/parlonsen\/wp-json\/wp\/v2\/media?parent=66368"}],"wp:term":[{"taxonomy":"category","embeddable":true,"href":"https:\/\/www.o-p-i.fr\/parlonsen\/wp-json\/wp\/v2\/categories?post=66368"},{"taxonomy":"post_tag","embeddable":true,"href":"https:\/\/www.o-p-i.fr\/parlonsen\/wp-json\/wp\/v2\/tags?post=66368"}],"curies":[{"name":"wp","href":"https:\/\/api.w.org\/{rel}","templated":true}]}}