{"id":66389,"date":"2025-09-18T14:20:50","date_gmt":"2025-09-18T12:20:50","guid":{"rendered":"https:\/\/www.o-p-i.fr\/parlonsen\/?p=66389"},"modified":"2025-09-18T17:37:17","modified_gmt":"2025-09-18T15:37:17","slug":"laubepine-a-un-style-memoire-vivante-du-bocage","status":"publish","type":"post","link":"https:\/\/www.o-p-i.fr\/parlonsen\/parlons-en\/editorial\/laubepine-a-un-style-memoire-vivante-du-bocage\/","title":{"rendered":"L\u2019Aub\u00e9pine \u00e0 un style, m\u00e9moire vivante du bocage."},"content":{"rendered":"<div>\n<p><img data-recalc-dims=\"1\" loading=\"lazy\" decoding=\"async\" class=\" wp-image-66391 alignright\" src=\"https:\/\/i0.wp.com\/www.o-p-i.fr\/parlonsen\/wp-content\/uploads\/2025-09-18-photo-edito-Aubepine.jpg?resize=443%2C443&#038;ssl=1\" alt=\"\" width=\"443\" height=\"443\" srcset=\"https:\/\/i0.wp.com\/www.o-p-i.fr\/parlonsen\/wp-content\/uploads\/2025-09-18-photo-edito-Aubepine-scaled.jpg?resize=300%2C300&amp;ssl=1 300w, https:\/\/i0.wp.com\/www.o-p-i.fr\/parlonsen\/wp-content\/uploads\/2025-09-18-photo-edito-Aubepine-scaled.jpg?resize=1024%2C1024&amp;ssl=1 1024w, https:\/\/i0.wp.com\/www.o-p-i.fr\/parlonsen\/wp-content\/uploads\/2025-09-18-photo-edito-Aubepine-scaled.jpg?resize=50%2C50&amp;ssl=1 50w, https:\/\/i0.wp.com\/www.o-p-i.fr\/parlonsen\/wp-content\/uploads\/2025-09-18-photo-edito-Aubepine-scaled.jpg?resize=768%2C768&amp;ssl=1 768w, https:\/\/i0.wp.com\/www.o-p-i.fr\/parlonsen\/wp-content\/uploads\/2025-09-18-photo-edito-Aubepine-scaled.jpg?resize=1536%2C1536&amp;ssl=1 1536w, https:\/\/i0.wp.com\/www.o-p-i.fr\/parlonsen\/wp-content\/uploads\/2025-09-18-photo-edito-Aubepine-scaled.jpg?resize=2048%2C2048&amp;ssl=1 2048w, https:\/\/i0.wp.com\/www.o-p-i.fr\/parlonsen\/wp-content\/uploads\/2025-09-18-photo-edito-Aubepine-scaled.jpg?resize=375%2C375&amp;ssl=1 375w\" sizes=\"auto, (max-width: 443px) 100vw, 443px\" \/>V\u00e9n\u00e9rable arbuste des haies et des lisi\u00e8res, l\u2019aub\u00e9pine monogyne peut vivre plus d\u2019un mill\u00e9naire. Au printemps, ses rameaux h\u00e9riss\u00e9s d\u2019\u00e9pines se couvrent de fleurs blanches au parfum d\u00e9licat, port\u00e9es par un feuillage finement d\u00e9coup\u00e9 d\u2019un vert tendre.<\/p>\n<p>De la M\u00e9diterran\u00e9e aux campagnes temp\u00e9r\u00e9es, elle s\u2019enracine dans des sols secs ou frais, acides ou calcaires. L\u2019aub\u00e9pine relie les champs aux for\u00eats, abrite les oiseaux, nourrit les insectes et demeure un maillon vital du bocage.<\/p>\n<p>Ses cenelles rouges, farineuses lorsqu\u2019elles sont crues, r\u00e9v\u00e8lent cuites un ar\u00f4me de pomme. Elles parfument sirops, gel\u00e9es, tartes ou liqueurs, et peuvent m\u00eame \u00eatre torr\u00e9fi\u00e9es pour remplacer le caf\u00e9.<\/p>\n<p>Depuis le dix-huiti\u00e8me si\u00e8cle, l\u2019aub\u00e9pine est honor\u00e9e comme la plante du c\u0153ur: ses fleurs et ses fruits apaisent les palpitations, r\u00e9gulent la tension et soulagent l\u2019hypertension l\u00e9g\u00e8re. Fid\u00e8le et patiente, elle calme aussi les angoisses et veille sur le sommeil.<\/p>\n<p>Plus qu\u2019un arbuste, l\u2019aub\u00e9pine est une m\u00e9moire vivante, alli\u00e9e silencieuse des oiseaux, des insectes et des sols. L\u00e0 o\u00f9 les haies s\u2019effacent, c\u2019est tout un monde discret qui s\u2019\u00e9teint. Pr\u00e9server l\u2019aub\u00e9pine, c\u2019est pr\u00e9server la beaut\u00e9 des saisons, la force des paysages et ce souffle de vie dont nous faisons partie.<\/p>\n<div>\n<p dir=\"ltr\"><div class=\"card\" style=\"width: 350px;\">\r\n<div class=\"card-body\">\r\n<h3 class=\"card-title text-center bg-light\">Fiche Auteur<\/h3>\r\n<a href=\"https:\/\/www.o-p-i.fr\/7alire\/nicolas-duivon\/nicolas-duivon-auteur\/\" target=\"_blank\" rel=\"noopener\">\r\n<img data-recalc-dims=\"1\" decoding=\"async\" class=\"card-img\" src=\"https:\/\/i0.wp.com\/www.o-p-i.fr\/7alire\/wp-content\/uploads\/2025-photo-auteur-nicolas-duivon-scaled-e1765108565599.jpg?ssl=1\" alt=\"Nicolas Duivon\" \/><\/a>\r\n<p class=\"card-text\">Nicolas Duivon<\/p>\r\n<a class=\"btn btn-primary\" href=\"https:\/\/www.o-p-i.fr\/7alire\/nicolas-duivon\/nicolas-duivon-auteur\/\" target=\"_blank\" rel=\"noopener\">Auteur Nicolas Duivon<i class=\"fa-solid fa-arrow-up-right-from-square\"><\/i><\/a>\r\n\r\n<\/div>\r\n<\/div><\/p>\n<p dir=\"ltr\">19 vues<\/p>\n<\/div>\n<\/div>\n","protected":false},"excerpt":{"rendered":"<div class=\"mh-excerpt\">V\u00e9n\u00e9rable arbuste des haies et des lisi\u00e8res, l\u2019aub\u00e9pine monogyne peut vivre plus d\u2019un mill\u00e9naire. Au printemps, ses rameaux h\u00e9riss\u00e9s d\u2019\u00e9pines se couvrent de fleurs blanches au parfum d\u00e9licat, port\u00e9es par un feuillage finement d\u00e9coup\u00e9 d\u2019un <a class=\"mh-excerpt-more\" href=\"https:\/\/www.o-p-i.fr\/parlonsen\/parlons-en\/editorial\/laubepine-a-un-style-memoire-vivante-du-bocage\/\" title=\"L\u2019Aub\u00e9pine \u00e0 un style, m\u00e9moire vivante du bocage.\">[&#8230;]<\/a><\/div>\n","protected":false},"author":9,"featured_media":66391,"comment_status":"open","ping_status":"open","sticky":false,"template":"","format":"standard","meta":{"om_disable_all_campaigns":false,"advanced_seo_description":"","jetpack_seo_html_title":"","jetpack_seo_noindex":false,"_jetpack_memberships_contains_paid_content":false,"footnotes":"","_links_to":"","_links_to_target":""},"categories":[36,6376],"tags":[105,2944],"class_list":{"0":"post-66389","1":"post","2":"type-post","3":"status-publish","4":"format-standard","5":"has-post-thumbnail","7":"category-editorial","8":"category-n234-septembre-2025","9":"tag-nature","10":"tag-pantes-sauvages"},"jetpack_featured_media_url":"https:\/\/i0.wp.com\/www.o-p-i.fr\/parlonsen\/wp-content\/uploads\/2025-09-18-photo-edito-Aubepine-scaled.jpg?fit=2560%2C2560&ssl=1","views":{"total":19,"cached_at":"","cached_date":1777656890},"jetpack_likes_enabled":true,"jetpack_sharing_enabled":true,"jetpack_shortlink":"https:\/\/wp.me\/pg7Wxj-hgN","jetpack-related-posts":[],"_links":{"self":[{"href":"https:\/\/www.o-p-i.fr\/parlonsen\/wp-json\/wp\/v2\/posts\/66389","targetHints":{"allow":["GET"]}}],"collection":[{"href":"https:\/\/www.o-p-i.fr\/parlonsen\/wp-json\/wp\/v2\/posts"}],"about":[{"href":"https:\/\/www.o-p-i.fr\/parlonsen\/wp-json\/wp\/v2\/types\/post"}],"author":[{"embeddable":true,"href":"https:\/\/www.o-p-i.fr\/parlonsen\/wp-json\/wp\/v2\/users\/9"}],"replies":[{"embeddable":true,"href":"https:\/\/www.o-p-i.fr\/parlonsen\/wp-json\/wp\/v2\/comments?post=66389"}],"version-history":[{"count":0,"href":"https:\/\/www.o-p-i.fr\/parlonsen\/wp-json\/wp\/v2\/posts\/66389\/revisions"}],"wp:featuredmedia":[{"embeddable":true,"href":"https:\/\/www.o-p-i.fr\/parlonsen\/wp-json\/wp\/v2\/media\/66391"}],"wp:attachment":[{"href":"https:\/\/www.o-p-i.fr\/parlonsen\/wp-json\/wp\/v2\/media?parent=66389"}],"wp:term":[{"taxonomy":"category","embeddable":true,"href":"https:\/\/www.o-p-i.fr\/parlonsen\/wp-json\/wp\/v2\/categories?post=66389"},{"taxonomy":"post_tag","embeddable":true,"href":"https:\/\/www.o-p-i.fr\/parlonsen\/wp-json\/wp\/v2\/tags?post=66389"}],"curies":[{"name":"wp","href":"https:\/\/api.w.org\/{rel}","templated":true}]}}