{"id":66399,"date":"2025-09-18T15:18:13","date_gmt":"2025-09-18T13:18:13","guid":{"rendered":"https:\/\/www.o-p-i.fr\/parlonsen\/?p=66399"},"modified":"2025-09-25T11:56:41","modified_gmt":"2025-09-25T09:56:41","slug":"fete-de-la-st-michel-au-hameau-les-lials-a-monclar-de-quercy-82","status":"publish","type":"post","link":"https:\/\/www.o-p-i.fr\/parlonsen\/localisation\/au-pays-des-tescous\/monclar\/fete-de-la-st-michel-au-hameau-les-lials-a-monclar-de-quercy-82\/","title":{"rendered":"F\u00eate de la St Michel au Hameau \u00ab\u00a0Les Lials\u00a0\u00bb\u2026 \u00e0 Monclar-de-Quercy (82)"},"content":{"rendered":"<p><strong>Samedi 27 et dimanche 28 septembre 2025<\/strong><!--more--><\/p>\n<p><img data-recalc-dims=\"1\" loading=\"lazy\" decoding=\"async\" class=\" wp-image-66401 alignright\" src=\"https:\/\/i0.wp.com\/www.o-p-i.fr\/parlonsen\/wp-content\/uploads\/AFFICHE-2025-7705401bb819707f82157bfcbb5abad6.png?resize=428%2C606&#038;ssl=1\" alt=\"\" width=\"428\" height=\"606\" srcset=\"https:\/\/i0.wp.com\/www.o-p-i.fr\/parlonsen\/wp-content\/uploads\/AFFICHE-2025-7705401bb819707f82157bfcbb5abad6.png?resize=212%2C300&amp;ssl=1 212w, https:\/\/i0.wp.com\/www.o-p-i.fr\/parlonsen\/wp-content\/uploads\/AFFICHE-2025-7705401bb819707f82157bfcbb5abad6.png?resize=724%2C1024&amp;ssl=1 724w, https:\/\/i0.wp.com\/www.o-p-i.fr\/parlonsen\/wp-content\/uploads\/AFFICHE-2025-7705401bb819707f82157bfcbb5abad6.png?resize=768%2C1086&amp;ssl=1 768w, https:\/\/i0.wp.com\/www.o-p-i.fr\/parlonsen\/wp-content\/uploads\/AFFICHE-2025-7705401bb819707f82157bfcbb5abad6.png?resize=1086%2C1536&amp;ssl=1 1086w, https:\/\/i0.wp.com\/www.o-p-i.fr\/parlonsen\/wp-content\/uploads\/AFFICHE-2025-7705401bb819707f82157bfcbb5abad6.png?resize=1448%2C2048&amp;ssl=1 1448w, https:\/\/i0.wp.com\/www.o-p-i.fr\/parlonsen\/wp-content\/uploads\/AFFICHE-2025-7705401bb819707f82157bfcbb5abad6.png?w=1587&amp;ssl=1 1587w\" sizes=\"auto, (max-width: 428px) 100vw, 428px\" \/>Los Amics dels Lials vous attendent les samedi 27 et dimanche 28 septembre 2025<br \/>\nAu programme :<\/p>\n<p>\u2013 Samedi 27 septembre 2025 :<\/p>\n<p>\u00e0 14h30 : concours amical de p\u00e9tanque doublettes 4 parties (en cas de pluie, repli au boulodrome Esplanade des Lacs \u00e0 Monclar-de-Quercy)<\/p>\n<p>\u2013 Dimanche 28 septembre 2025 :<\/p>\n<p>\u00e0 11h : messe dans l\u2019\u00e9glise des Lials<br \/>\n\u00e0 12h : d\u00e9p\u00f4t de gerbe au monument aux morts et verre de l\u2019amiti\u00e9<br \/>\n\u00e0 13h : repas 25 \u20ac, inscription obligatoire 06 84 88 91 73<br \/>\nMenu : assiette de charcuterie, flageolets, m\u00e9choui, salade, fromage, dessert, (vin, caf\u00e9 compris)<\/p>\n<h2>Adresse de l&rsquo;\u00e9v\u00e8nement<\/h2>\n<p>Hameau \u00ab\u00a0Les Lials\u00a0\u00bb<br \/>\n82230-MONCLAR-DE-QUERCY<\/p>\n<h2>Organisateur de l&rsquo;\u00e9v\u00e8nement<\/h2>\n<p>Association Los Amics dels Lials<\/p>\n<h2>Personne \/ Organisation \u00e0 contacter<\/h2>\n<p>LINAS Yves<\/p>\n<h2>T\u00e9l\u00e9phone<\/h2>\n<p>06 84 88 91 73<\/p>\n<h2>Courriel<\/h2>\n<p>yves.linas@orange.fr<\/p>\n<p><em>Information transmise par Yves Linas, organisateur de l&rsquo;\u00e9v\u00e8nement.<\/em><\/p>\n","protected":false},"excerpt":{"rendered":"<div class=\"mh-excerpt\">Samedi 27 et dimanche 28 septembre 2025<\/div>\n","protected":false},"author":9,"featured_media":66401,"comment_status":"open","ping_status":"open","sticky":false,"template":"","format":"standard","meta":{"om_disable_all_campaigns":false,"advanced_seo_description":"","jetpack_seo_html_title":"","jetpack_seo_noindex":false,"_jetpack_memberships_contains_paid_content":false,"footnotes":"","_links_to":"","_links_to_target":""},"categories":[16,54,6376],"tags":[3764,6478],"class_list":{"0":"post-66399","1":"post","2":"type-post","3":"status-publish","4":"format-standard","5":"has-post-thumbnail","7":"category-monclar","8":"category-loisirs","9":"category-n234-septembre-2025","10":"tag-fete-de-la-saint-michel","11":"tag-s3925"},"jetpack_featured_media_url":"https:\/\/i0.wp.com\/www.o-p-i.fr\/parlonsen\/wp-content\/uploads\/AFFICHE-2025-7705401bb819707f82157bfcbb5abad6.png?fit=1587%2C2245&ssl=1","views":"","jetpack_likes_enabled":true,"jetpack_sharing_enabled":true,"jetpack_shortlink":"https:\/\/wp.me\/pg7Wxj-hgX","jetpack-related-posts":[],"_links":{"self":[{"href":"https:\/\/www.o-p-i.fr\/parlonsen\/wp-json\/wp\/v2\/posts\/66399","targetHints":{"allow":["GET"]}}],"collection":[{"href":"https:\/\/www.o-p-i.fr\/parlonsen\/wp-json\/wp\/v2\/posts"}],"about":[{"href":"https:\/\/www.o-p-i.fr\/parlonsen\/wp-json\/wp\/v2\/types\/post"}],"author":[{"embeddable":true,"href":"https:\/\/www.o-p-i.fr\/parlonsen\/wp-json\/wp\/v2\/users\/9"}],"replies":[{"embeddable":true,"href":"https:\/\/www.o-p-i.fr\/parlonsen\/wp-json\/wp\/v2\/comments?post=66399"}],"version-history":[{"count":0,"href":"https:\/\/www.o-p-i.fr\/parlonsen\/wp-json\/wp\/v2\/posts\/66399\/revisions"}],"wp:featuredmedia":[{"embeddable":true,"href":"https:\/\/www.o-p-i.fr\/parlonsen\/wp-json\/wp\/v2\/media\/66401"}],"wp:attachment":[{"href":"https:\/\/www.o-p-i.fr\/parlonsen\/wp-json\/wp\/v2\/media?parent=66399"}],"wp:term":[{"taxonomy":"category","embeddable":true,"href":"https:\/\/www.o-p-i.fr\/parlonsen\/wp-json\/wp\/v2\/categories?post=66399"},{"taxonomy":"post_tag","embeddable":true,"href":"https:\/\/www.o-p-i.fr\/parlonsen\/wp-json\/wp\/v2\/tags?post=66399"}],"curies":[{"name":"wp","href":"https:\/\/api.w.org\/{rel}","templated":true}]}}