{"id":66435,"date":"2025-09-23T14:51:33","date_gmt":"2025-09-23T12:51:33","guid":{"rendered":"https:\/\/www.o-p-i.fr\/parlonsen\/?p=66435"},"modified":"2025-10-16T10:46:09","modified_gmt":"2025-10-16T08:46:09","slug":"vide-greniers-du-patrimoine-a-rivieres-81","status":"publish","type":"post","link":"https:\/\/www.o-p-i.fr\/parlonsen\/parlons-en\/commerce\/vide-greniers-du-patrimoine-a-rivieres-81\/","title":{"rendered":"Vide greniers du Patrimoine &#8230; \u00e0 Rivi\u00e8res (81)"},"content":{"rendered":"<p><strong>Samedi 18 octobre 2025 de 8h00 \u00e0 18h00<\/strong><!--more--><\/p>\n<p><img data-recalc-dims=\"1\" loading=\"lazy\" decoding=\"async\" class=\" wp-image-66437 alignright\" src=\"https:\/\/i0.wp.com\/www.o-p-i.fr\/parlonsen\/wp-content\/uploads\/2025-VIDE-GRENIERS-DU-PATRIMOINE.jpg?resize=384%2C549&#038;ssl=1\" alt=\"\" width=\"384\" height=\"549\" srcset=\"https:\/\/i0.wp.com\/www.o-p-i.fr\/parlonsen\/wp-content\/uploads\/2025-VIDE-GRENIERS-DU-PATRIMOINE.jpg?resize=210%2C300&amp;ssl=1 210w, https:\/\/i0.wp.com\/www.o-p-i.fr\/parlonsen\/wp-content\/uploads\/2025-VIDE-GRENIERS-DU-PATRIMOINE.jpg?w=603&amp;ssl=1 603w\" sizes=\"auto, (max-width: 384px) 100vw, 384px\" \/>Nous avons le plaisir de vous annoncer le pemier vide-grenier de l&rsquo;assocation PATRIMOINE EN COEURS de RIVIERES.<\/p>\n<p>Cette manifestation se situera \u00e0 l&rsquo;aire de pique-nique d&rsquo;Aiguel\u00e8ze. En vidant votre grenier, vous aurez une belle occasion de soutenir le patrimoine de RIVIERES , au profit de la chapelle Notre-Dame du Rosaire \u00e0 la Courtade Haute.<\/p>\n<p>Inscription possible par HELLO ASSO :<\/p>\n<p><a href=\"https:\/\/www.helloasso.com\">https:\/\/www.helloasso.com<\/a><\/p>\n<h2>Adresse de l&rsquo;\u00e9v\u00e8nement<\/h2>\n<p>Aire de Pique-nique \u00e0 Aiguel\u00e8ze 81600 RIVIERES<\/p>\n<h2>Tarif unique<\/h2>\n<p>12 Euros l&#8217;emplacement de 4 m<\/p>\n<h2>Tarif r\u00e9duit &#8211; combien et pour qui ?<\/h2>\n<p>Si besoin de moins de place, c&rsquo;est 3 euros le ml.<\/p>\n<h2>Organisateur de l&rsquo;\u00e9v\u00e8nement<\/h2>\n<p>PATRIMOINE EN COEURS<\/p>\n<h2>Personne \/ Organisation \u00e0 contacter<\/h2>\n<p>BRILLANT Ma\u00eft\u00e9<\/p>\n<h2>Adresse<\/h2>\n<p>Mairie &#8211; 45 rte d&rsquo;Aiguel\u00e8ze &#8211; 81600 RIVIERES<\/p>\n<h2>T\u00e9l\u00e9phone<\/h2>\n<p>06 04 48 96 70<\/p>\n<h2>Courriel<\/h2>\n<p><a href=\"mailto:patrimoineencoeurs@orange.fr\">patrimoineencoeurs@orange.fr<\/a><\/p>\n<p>Information transmise par Mme BRILLANT, l&rsquo;organisateur de l&rsquo;\u00e9v\u00e8nement<\/p>\n<p><img data-recalc-dims=\"1\" loading=\"lazy\" decoding=\"async\" class=\"alignnone size-medium wp-image-66438\" src=\"https:\/\/i0.wp.com\/www.o-p-i.fr\/parlonsen\/wp-content\/uploads\/2025-qr-code-VIDE-GRENIERS-DU-PATRIMOINE.png?resize=300%2C300&#038;ssl=1\" alt=\"\" width=\"300\" height=\"300\" srcset=\"https:\/\/i0.wp.com\/www.o-p-i.fr\/parlonsen\/wp-content\/uploads\/2025-qr-code-VIDE-GRENIERS-DU-PATRIMOINE.png?resize=300%2C300&amp;ssl=1 300w, https:\/\/i0.wp.com\/www.o-p-i.fr\/parlonsen\/wp-content\/uploads\/2025-qr-code-VIDE-GRENIERS-DU-PATRIMOINE.png?resize=50%2C50&amp;ssl=1 50w, https:\/\/i0.wp.com\/www.o-p-i.fr\/parlonsen\/wp-content\/uploads\/2025-qr-code-VIDE-GRENIERS-DU-PATRIMOINE.png?resize=375%2C375&amp;ssl=1 375w, https:\/\/i0.wp.com\/www.o-p-i.fr\/parlonsen\/wp-content\/uploads\/2025-qr-code-VIDE-GRENIERS-DU-PATRIMOINE.png?w=600&amp;ssl=1 600w\" sizes=\"auto, (max-width: 300px) 100vw, 300px\" \/><\/p>\n","protected":false},"excerpt":{"rendered":"<div class=\"mh-excerpt\">Samedi 18 octobre 2025 de 8h00 \u00e0 18h00<\/div>\n","protected":false},"author":9,"featured_media":53949,"comment_status":"open","ping_status":"open","sticky":false,"template":"","format":"standard","meta":{"om_disable_all_campaigns":false,"advanced_seo_description":"","jetpack_seo_html_title":"","jetpack_seo_noindex":false,"_jetpack_memberships_contains_paid_content":false,"footnotes":"","_links_to":"","_links_to_target":""},"categories":[4,6389,6479],"tags":[3328,6480,6489],"class_list":{"0":"post-66435","1":"post","2":"type-post","3":"status-publish","4":"format-standard","5":"has-post-thumbnail","7":"category-commerce","8":"category-n235-octobre-2025","9":"category-rivieres","10":"tag-vide-greniers","11":"tag-patrimoine-en-coeurs","12":"tag-s4225"},"jetpack_featured_media_url":"https:\/\/i0.wp.com\/www.o-p-i.fr\/parlonsen\/wp-content\/uploads\/vide-grenier-logo.jpg?fit=170%2C128&ssl=1","views":"","jetpack_likes_enabled":true,"jetpack_sharing_enabled":true,"jetpack_shortlink":"https:\/\/wp.me\/pg7Wxj-hhx","jetpack-related-posts":[],"_links":{"self":[{"href":"https:\/\/www.o-p-i.fr\/parlonsen\/wp-json\/wp\/v2\/posts\/66435","targetHints":{"allow":["GET"]}}],"collection":[{"href":"https:\/\/www.o-p-i.fr\/parlonsen\/wp-json\/wp\/v2\/posts"}],"about":[{"href":"https:\/\/www.o-p-i.fr\/parlonsen\/wp-json\/wp\/v2\/types\/post"}],"author":[{"embeddable":true,"href":"https:\/\/www.o-p-i.fr\/parlonsen\/wp-json\/wp\/v2\/users\/9"}],"replies":[{"embeddable":true,"href":"https:\/\/www.o-p-i.fr\/parlonsen\/wp-json\/wp\/v2\/comments?post=66435"}],"version-history":[{"count":0,"href":"https:\/\/www.o-p-i.fr\/parlonsen\/wp-json\/wp\/v2\/posts\/66435\/revisions"}],"wp:featuredmedia":[{"embeddable":true,"href":"https:\/\/www.o-p-i.fr\/parlonsen\/wp-json\/wp\/v2\/media\/53949"}],"wp:attachment":[{"href":"https:\/\/www.o-p-i.fr\/parlonsen\/wp-json\/wp\/v2\/media?parent=66435"}],"wp:term":[{"taxonomy":"category","embeddable":true,"href":"https:\/\/www.o-p-i.fr\/parlonsen\/wp-json\/wp\/v2\/categories?post=66435"},{"taxonomy":"post_tag","embeddable":true,"href":"https:\/\/www.o-p-i.fr\/parlonsen\/wp-json\/wp\/v2\/tags?post=66435"}],"curies":[{"name":"wp","href":"https:\/\/api.w.org\/{rel}","templated":true}]}}