{"id":66445,"date":"2025-09-24T13:44:02","date_gmt":"2025-09-24T11:44:02","guid":{"rendered":"https:\/\/www.o-p-i.fr\/parlonsen\/?p=66445"},"modified":"2025-09-24T13:44:02","modified_gmt":"2025-09-24T11:44:02","slug":"concours-de-belote-amicaux-a-vaissac-82","status":"publish","type":"post","link":"https:\/\/www.o-p-i.fr\/parlonsen\/parlons-en\/loisirs\/concours-de-belote-amicaux-a-vaissac-82\/","title":{"rendered":"Concours de belote amicaux &#8230; \u00e0 Va\u00efssac (82)"},"content":{"rendered":"<p><strong>Vendredi 26 septembre 20H30<\/strong><!--more--><\/p>\n<p><img data-recalc-dims=\"1\" loading=\"lazy\" decoding=\"async\" class=\" wp-image-66447 alignright\" src=\"https:\/\/i0.wp.com\/www.o-p-i.fr\/parlonsen\/wp-content\/uploads\/2025-affiche-concours-de-belote-26-septembre-2025-8e1b47bae21fe79bbf3b3dd0a3f2633b.png?resize=399%2C565&#038;ssl=1\" alt=\"\" width=\"399\" height=\"565\" srcset=\"https:\/\/i0.wp.com\/www.o-p-i.fr\/parlonsen\/wp-content\/uploads\/2025-affiche-concours-de-belote-26-septembre-2025-8e1b47bae21fe79bbf3b3dd0a3f2633b.png?resize=212%2C300&amp;ssl=1 212w, https:\/\/i0.wp.com\/www.o-p-i.fr\/parlonsen\/wp-content\/uploads\/2025-affiche-concours-de-belote-26-septembre-2025-8e1b47bae21fe79bbf3b3dd0a3f2633b.png?resize=724%2C1024&amp;ssl=1 724w, https:\/\/i0.wp.com\/www.o-p-i.fr\/parlonsen\/wp-content\/uploads\/2025-affiche-concours-de-belote-26-septembre-2025-8e1b47bae21fe79bbf3b3dd0a3f2633b.png?resize=768%2C1086&amp;ssl=1 768w, https:\/\/i0.wp.com\/www.o-p-i.fr\/parlonsen\/wp-content\/uploads\/2025-affiche-concours-de-belote-26-septembre-2025-8e1b47bae21fe79bbf3b3dd0a3f2633b.png?resize=1086%2C1536&amp;ssl=1 1086w, https:\/\/i0.wp.com\/www.o-p-i.fr\/parlonsen\/wp-content\/uploads\/2025-affiche-concours-de-belote-26-septembre-2025-8e1b47bae21fe79bbf3b3dd0a3f2633b.png?w=1414&amp;ssl=1 1414w\" sizes=\"auto, (max-width: 399px) 100vw, 399px\" \/>Reprise des concours amicaux de belote tous les vendredis en 15 a partir du vendredi 26 septembre<\/p>\n<p>Organis\u00e9 par le comit\u00e9 des f\u00eates de Va\u00efssac<\/p>\n<p>salle polyvalente<\/p>\n<p>Inscriptions \u00e0 partir de 20h30,<\/p>\n<p>d\u00e9but du concours 21H pr\u00e9cise<\/p>\n<h2>De quelle heure \u00e0 quelle heure ?<\/h2>\n<p>20H30-00H00<\/p>\n<h2>Adresse de l&rsquo;\u00e9v\u00e8nement<\/h2>\n<p>SALLE POLYVALENTE<br \/>\n82800 VAISSAC<\/p>\n<h2>Tarif unique<\/h2>\n<p>7.00<\/p>\n<h2>Organisateur de l&rsquo;\u00e9v\u00e8nement<\/h2>\n<p>COMITE DES FETES DE VAISSAC<\/p>\n<h2>Personne \/ Organisation \u00e0 contacter<\/h2>\n<p>BAUDOUX Patricia<\/p>\n<h2>T\u00e9l\u00e9phone<\/h2>\n<p>0604451963<\/p>\n<h2>Courriel<\/h2>\n<p><a href=\"mailto:isagavalda@orange.fr\">isagavalda@orange.fr<\/a><\/p>\n<p><em>Information transmise par ISABELLE, charg\u00e9e officielle de la communication de l&rsquo;\u00e9v\u00e8nement<\/em><\/p>\n","protected":false},"excerpt":{"rendered":"<div class=\"mh-excerpt\">Vendredi 26 septembre 20H30<\/div>\n","protected":false},"author":9,"featured_media":37380,"comment_status":"open","ping_status":"open","sticky":false,"template":"","format":"standard","meta":{"om_disable_all_campaigns":false,"advanced_seo_description":"","jetpack_seo_html_title":"","jetpack_seo_noindex":false,"_jetpack_memberships_contains_paid_content":false,"footnotes":"","_links_to":"","_links_to_target":""},"categories":[54,6459,6376],"tags":[803,2942,6478],"class_list":{"0":"post-66445","1":"post","2":"type-post","3":"status-publish","4":"format-standard","5":"has-post-thumbnail","7":"category-loisirs","8":"category-vaissac","9":"category-n234-septembre-2025","10":"tag-comite-des-fetes","11":"tag-concours-de-belote","12":"tag-s3925"},"jetpack_featured_media_url":"https:\/\/i0.wp.com\/www.o-p-i.fr\/parlonsen\/wp-content\/uploads\/belote-1.jpg?fit=425%2C404&ssl=1","views":"","jetpack_likes_enabled":true,"jetpack_sharing_enabled":true,"jetpack_shortlink":"https:\/\/wp.me\/pg7Wxj-hhH","jetpack-related-posts":[],"_links":{"self":[{"href":"https:\/\/www.o-p-i.fr\/parlonsen\/wp-json\/wp\/v2\/posts\/66445","targetHints":{"allow":["GET"]}}],"collection":[{"href":"https:\/\/www.o-p-i.fr\/parlonsen\/wp-json\/wp\/v2\/posts"}],"about":[{"href":"https:\/\/www.o-p-i.fr\/parlonsen\/wp-json\/wp\/v2\/types\/post"}],"author":[{"embeddable":true,"href":"https:\/\/www.o-p-i.fr\/parlonsen\/wp-json\/wp\/v2\/users\/9"}],"replies":[{"embeddable":true,"href":"https:\/\/www.o-p-i.fr\/parlonsen\/wp-json\/wp\/v2\/comments?post=66445"}],"version-history":[{"count":0,"href":"https:\/\/www.o-p-i.fr\/parlonsen\/wp-json\/wp\/v2\/posts\/66445\/revisions"}],"wp:featuredmedia":[{"embeddable":true,"href":"https:\/\/www.o-p-i.fr\/parlonsen\/wp-json\/wp\/v2\/media\/37380"}],"wp:attachment":[{"href":"https:\/\/www.o-p-i.fr\/parlonsen\/wp-json\/wp\/v2\/media?parent=66445"}],"wp:term":[{"taxonomy":"category","embeddable":true,"href":"https:\/\/www.o-p-i.fr\/parlonsen\/wp-json\/wp\/v2\/categories?post=66445"},{"taxonomy":"post_tag","embeddable":true,"href":"https:\/\/www.o-p-i.fr\/parlonsen\/wp-json\/wp\/v2\/tags?post=66445"}],"curies":[{"name":"wp","href":"https:\/\/api.w.org\/{rel}","templated":true}]}}