{"id":66466,"date":"2025-09-25T10:27:04","date_gmt":"2025-09-25T08:27:04","guid":{"rendered":"https:\/\/www.o-p-i.fr\/parlonsen\/?p=66466"},"modified":"2025-09-25T10:27:49","modified_gmt":"2025-09-25T08:27:49","slug":"exposition-liminal-photographies-de-gina-glover-a-gaillac-81","status":"publish","type":"post","link":"https:\/\/www.o-p-i.fr\/parlonsen\/parlons-en\/culture\/exposition-liminal-photographies-de-gina-glover-a-gaillac-81\/","title":{"rendered":"Exposition &#8211; Liminal &#8211; Photographies de Gina Glover &#8230; \u00e0 Gaillac (81"},"content":{"rendered":"<p><strong>Exposition du 27 septembre au 5 octobre 2025<\/strong><!--more--><\/p>\n<p><img data-recalc-dims=\"1\" loading=\"lazy\" decoding=\"async\" class=\"size-medium wp-image-66468 alignright\" src=\"https:\/\/i0.wp.com\/www.o-p-i.fr\/parlonsen\/wp-content\/uploads\/2025-%C2%A9-Gina-Glover-steel-grey-clouds-1Mo-d9e76b7c44d49d9f4bc7a9987306d3dc.jpg?resize=300%2C300&#038;ssl=1\" alt=\"\" width=\"300\" height=\"300\" srcset=\"https:\/\/i0.wp.com\/www.o-p-i.fr\/parlonsen\/wp-content\/uploads\/2025-%C2%A9-Gina-Glover-steel-grey-clouds-1Mo-d9e76b7c44d49d9f4bc7a9987306d3dc-scaled.jpg?resize=300%2C300&amp;ssl=1 300w, https:\/\/i0.wp.com\/www.o-p-i.fr\/parlonsen\/wp-content\/uploads\/2025-%C2%A9-Gina-Glover-steel-grey-clouds-1Mo-d9e76b7c44d49d9f4bc7a9987306d3dc-scaled.jpg?resize=1024%2C1024&amp;ssl=1 1024w, https:\/\/i0.wp.com\/www.o-p-i.fr\/parlonsen\/wp-content\/uploads\/2025-%C2%A9-Gina-Glover-steel-grey-clouds-1Mo-d9e76b7c44d49d9f4bc7a9987306d3dc-scaled.jpg?resize=50%2C50&amp;ssl=1 50w, https:\/\/i0.wp.com\/www.o-p-i.fr\/parlonsen\/wp-content\/uploads\/2025-%C2%A9-Gina-Glover-steel-grey-clouds-1Mo-d9e76b7c44d49d9f4bc7a9987306d3dc-scaled.jpg?resize=768%2C768&amp;ssl=1 768w, https:\/\/i0.wp.com\/www.o-p-i.fr\/parlonsen\/wp-content\/uploads\/2025-%C2%A9-Gina-Glover-steel-grey-clouds-1Mo-d9e76b7c44d49d9f4bc7a9987306d3dc-scaled.jpg?resize=1536%2C1536&amp;ssl=1 1536w, https:\/\/i0.wp.com\/www.o-p-i.fr\/parlonsen\/wp-content\/uploads\/2025-%C2%A9-Gina-Glover-steel-grey-clouds-1Mo-d9e76b7c44d49d9f4bc7a9987306d3dc-scaled.jpg?resize=2048%2C2048&amp;ssl=1 2048w, https:\/\/i0.wp.com\/www.o-p-i.fr\/parlonsen\/wp-content\/uploads\/2025-%C2%A9-Gina-Glover-steel-grey-clouds-1Mo-d9e76b7c44d49d9f4bc7a9987306d3dc-scaled.jpg?resize=375%2C375&amp;ssl=1 375w\" sizes=\"auto, (max-width: 300px) 100vw, 300px\" \/>Rencontre avec la photographe et vernissage : vendredi 26 septembre<\/p>\n<p>Gina Glover est une photographe dont la carri\u00e8re internationale s\u2019\u00e9tend sur plus de quatre d\u00e9cennies. Elle a expos\u00e9 et publi\u00e9 des ouvrages sur l\u2019\u00e9nergie, le changement climatique, les migrations, les paysages de guerre de m\u00eame que sur des th\u00e9matiques li\u00e9es \u00e0 la m\u00e9decine et aux sciences biologiques.<\/p>\n<p>Elle est laur\u00e9ate de la m\u00e9daille Hood de la Royal Photography Society britannique et a remport\u00e9, \u00e0 deux reprises, le prix Visions of Science. La derni\u00e8re de ses nombreuses expositions, A World of Fire and Ice (Un monde de feu et de glace) a eu lieu \u00e0 la Rugby Art Gallery and Museum, Warwickshire, Angleterre, 2024. Et puisqu\u2019elle r\u00e9side en partie dans le Tarn, elle a expos\u00e9 ses photographies de la for\u00eat de Gr\u00e9signe \u00e0 Puycelsi et \u00e0 Rabastens.<\/p>\n<p>Gina Glover utilise des techniques photographiques alternatives, telles que le lumen et les images hybrides analogiques\/num\u00e9riques, pour explorer les questions de temporalit\u00e9 exp\u00e9rientielle et d\u2019impr\u00e9cision perceptive, et pour aborder les exp\u00e9riences d\u2019enfance qui peuvent apporter du r\u00e9confort ou, au contraire, revenir comme source d\u2019inqui\u00e9tude lors de p\u00e9riodes de stress personnel.<\/p>\n<h2>De quelle heure \u00e0 quelle heure ?<\/h2>\n<p>Les week-ends : 10h-12h30 et 15h-18h30. En semaine : sur rendez-vous.<\/p>\n<h2>Adresse de l&rsquo;\u00e9v\u00e8nement<\/h2>\n<p>15 rue du Tison<br \/>\n81600 Gaillac<\/p>\n<h2>Lien internet vers votre \u00e9v\u00e8nement<\/h2>\n<p><a href=\"http:\/\/www.centrephoto-gaillac.com\/liminal-une-exposition-de-gina-glover\" target=\"_blank\" rel=\"noopener\">http:\/\/www.centrephoto-gaillac.com\/liminal-une-exposition-de-gina-glover<\/a><\/p>\n<h2>Tarif unique<\/h2>\n<p>gratuit<\/p>\n<h2>Organisateur de l&rsquo;\u00e9v\u00e8nement<\/h2>\n<p>Centre pour la photographie du Ch\u00e2teau de l&rsquo;Hom<\/p>\n<h2>Personne \/ Organisation \u00e0 contacter<\/h2>\n<p>Catherine Laug\u00e9<\/p>\n<h2>Adresse<\/h2>\n<p>16 Grande rue du Ch\u00e2teau de l&rsquo;Hom<br \/>\n81600 Gaillac<\/p>\n<h2>T\u00e9l\u00e9phone<\/h2>\n<p>06 47 32 65 22<\/p>\n<h2>Courriel<\/h2>\n<p><a href=\"mailto:contact@centrephoto-gaillac.com\">contact@centrephoto-gaillac.com<\/a><\/p>\n<p><em>Information transmise par Catherine Laug\u00e9, l&rsquo;organisatrice de l&rsquo;\u00e9v\u00e8nement<\/em><\/p>\n","protected":false},"excerpt":{"rendered":"<div class=\"mh-excerpt\">Exposition du 27 septembre au 5 octobre 2025<\/div>\n","protected":false},"author":9,"featured_media":66468,"comment_status":"open","ping_status":"open","sticky":false,"template":"","format":"standard","meta":{"om_disable_all_campaigns":false,"advanced_seo_description":"","jetpack_seo_html_title":"","jetpack_seo_noindex":false,"_jetpack_memberships_contains_paid_content":false,"footnotes":"","_links_to":"","_links_to_target":""},"categories":[1,6419,6376],"tags":[184,3531,6478],"class_list":{"0":"post-66466","1":"post","2":"type-post","3":"status-publish","4":"format-standard","5":"has-post-thumbnail","7":"category-culture","8":"category-gaillac","9":"category-n234-septembre-2025","10":"tag-exposition-photos","11":"tag-chateau-de-lhom","12":"tag-s3925"},"jetpack_featured_media_url":"https:\/\/i0.wp.com\/www.o-p-i.fr\/parlonsen\/wp-content\/uploads\/2025-%C2%A9-Gina-Glover-steel-grey-clouds-1Mo-d9e76b7c44d49d9f4bc7a9987306d3dc-scaled.jpg?fit=2560%2C2560&ssl=1","views":"","jetpack_likes_enabled":true,"jetpack_sharing_enabled":true,"jetpack_shortlink":"https:\/\/wp.me\/pg7Wxj-hi2","jetpack-related-posts":[],"_links":{"self":[{"href":"https:\/\/www.o-p-i.fr\/parlonsen\/wp-json\/wp\/v2\/posts\/66466","targetHints":{"allow":["GET"]}}],"collection":[{"href":"https:\/\/www.o-p-i.fr\/parlonsen\/wp-json\/wp\/v2\/posts"}],"about":[{"href":"https:\/\/www.o-p-i.fr\/parlonsen\/wp-json\/wp\/v2\/types\/post"}],"author":[{"embeddable":true,"href":"https:\/\/www.o-p-i.fr\/parlonsen\/wp-json\/wp\/v2\/users\/9"}],"replies":[{"embeddable":true,"href":"https:\/\/www.o-p-i.fr\/parlonsen\/wp-json\/wp\/v2\/comments?post=66466"}],"version-history":[{"count":0,"href":"https:\/\/www.o-p-i.fr\/parlonsen\/wp-json\/wp\/v2\/posts\/66466\/revisions"}],"wp:featuredmedia":[{"embeddable":true,"href":"https:\/\/www.o-p-i.fr\/parlonsen\/wp-json\/wp\/v2\/media\/66468"}],"wp:attachment":[{"href":"https:\/\/www.o-p-i.fr\/parlonsen\/wp-json\/wp\/v2\/media?parent=66466"}],"wp:term":[{"taxonomy":"category","embeddable":true,"href":"https:\/\/www.o-p-i.fr\/parlonsen\/wp-json\/wp\/v2\/categories?post=66466"},{"taxonomy":"post_tag","embeddable":true,"href":"https:\/\/www.o-p-i.fr\/parlonsen\/wp-json\/wp\/v2\/tags?post=66466"}],"curies":[{"name":"wp","href":"https:\/\/api.w.org\/{rel}","templated":true}]}}