{"id":66471,"date":"2025-09-25T11:14:06","date_gmt":"2025-09-25T09:14:06","guid":{"rendered":"https:\/\/www.o-p-i.fr\/parlonsen\/?p=66471"},"modified":"2025-09-25T11:14:06","modified_gmt":"2025-09-25T09:14:06","slug":"invitation-visioconference-lancement-de-la-campagne-rejoins-ta-coop-energies-citoyennes-locales-et-renouvelables","status":"publish","type":"post","link":"https:\/\/www.o-p-i.fr\/parlonsen\/parlons-en\/economie-parlons-en\/invitation-visioconference-lancement-de-la-campagne-rejoins-ta-coop-energies-citoyennes-locales-et-renouvelables\/","title":{"rendered":"Invitation visioconf\u00e9rence &#8211; lancement de la campagne \u00ab\u00a0Rejoins ta coop\u00a0\u00bb \u00e9nergies citoyennes locales et renouvelables."},"content":{"rendered":"<p><strong>vendredi 26 septembre 2025 &#8211; 10h00<\/strong><!--more--><\/p>\n<p><img data-recalc-dims=\"1\" loading=\"lazy\" decoding=\"async\" class=\" wp-image-38025 alignright\" src=\"https:\/\/i0.wp.com\/www.o-p-i.fr\/parlonsen\/wp-content\/uploads\/ECOT81-grappe.jpg?resize=312%2C411&#038;ssl=1\" alt=\"\" width=\"312\" height=\"411\" srcset=\"https:\/\/i0.wp.com\/www.o-p-i.fr\/parlonsen\/wp-content\/uploads\/ECOT81-grappe.jpg?resize=228%2C300&amp;ssl=1 228w, https:\/\/i0.wp.com\/www.o-p-i.fr\/parlonsen\/wp-content\/uploads\/ECOT81-grappe.jpg?resize=114%2C150&amp;ssl=1 114w, https:\/\/i0.wp.com\/www.o-p-i.fr\/parlonsen\/wp-content\/uploads\/ECOT81-grappe.jpg?w=283&amp;ssl=1 283w\" sizes=\"auto, (max-width: 312px) 100vw, 312px\" \/>Invitation \u00e0 une visioconf\u00e9rence vendredi 26 septembre 10h00 pour le lancement de la campagne \u00ab\u00a0Rejoins ta coop\u00a0\u00bb des coop\u00e9ratives d&rsquo;\u00e9nergies citoyennes locales et renouvelables.<\/p>\n<p style=\"color: #000000; font-family: arial, helvetica, sans-serif; font-size: 16px; font-style: normal; font-variant-ligatures: normal; font-variant-caps: normal; font-weight: 400; letter-spacing: normal; orphans: 2; text-align: start; text-indent: 0px; text-transform: none; widows: 2; word-spacing: 0px; -webkit-text-stroke-width: 0px; white-space: normal; background-color: #ffffff; text-decoration-thickness: initial; text-decoration-style: initial; text-decoration-color: initial; margin: 0px;\"><span style=\"font-size: 12pt;\">Dans le Tarn,\u00a0<strong>Energies Citoyennes Ouest Tarn (Ecot81) et\u00a0<\/strong><\/span><strong><span style=\"font-size: 12pt;\">Coop de S\u00f3<\/span><\/strong><span style=\"font-size: 12pt;\">, les deux coop\u00e9ratives citoyennes d\u2019\u00e9nergie renouvelable, participent \u00e0 une campagne de mobilisation in\u00e9dite \u00ab\u00a0Rejoins ta Coop\u00a0\u00bb, sur toute l&rsquo;OCCITANIE, port\u00e9e par notre r\u00e9seau r\u00e9gional Energie Citoyenne Locale et Renouvelable (ECLR).<\/span><\/p>\n<p style=\"color: #000000; font-family: arial, helvetica, sans-serif; font-size: 16px; font-style: normal; font-variant-ligatures: normal; font-variant-caps: normal; font-weight: 400; letter-spacing: normal; orphans: 2; text-align: start; text-indent: 0px; text-transform: none; widows: 2; word-spacing: 0px; -webkit-text-stroke-width: 0px; white-space: normal; background-color: #ffffff; text-decoration-thickness: initial; text-decoration-style: initial; text-decoration-color: initial; margin: 0px;\"><span style=\"font-size: 12pt;\">P<\/span><span style=\"font-size: 12pt;\">our le lancement de cette\u00a0<\/span>campagne, ECLR organise une conf\u00e9rence de presse<span style=\"font-size: 12pt;\">\u00a0ce\u00a0<\/span><u style=\"font-size: 12pt;\">vendredi de 10h30 \u00e0 11h30<\/u><span style=\"font-size: 12pt;\">\u00a0en\u00a0<\/span><a style=\"font-size: 12pt;\" href=\"https:\/\/us02web.zoom.us\/j\/81504898395?pwd=1KpOLyJreHlV7mn2Fpa3pUoAEjJumP.1\"><em>visioconf\u00e9rence<\/em><\/a><span style=\"font-size: 12pt;\">\u00a0, \u00e0 laquelle nous vous invitons \u00e0 participer.<\/span><\/p>\n<p style=\"color: #000000; font-family: arial, helvetica, sans-serif; font-size: 16px; font-style: normal; font-variant-ligatures: normal; font-variant-caps: normal; font-weight: 400; letter-spacing: normal; orphans: 2; text-align: start; text-indent: 0px; text-transform: none; widows: 2; word-spacing: 0px; -webkit-text-stroke-width: 0px; white-space: normal; background-color: #ffffff; text-decoration-thickness: initial; text-decoration-style: initial; text-decoration-color: initial; margin: 0px;\">\u00a0<strong style=\"font-size: 12pt;\"><em><span style=\"font-size: 12pt;\">\u00ab\u00a0Rejoins ta coop\u00a0\u00bb<\/span><\/em><\/strong><span style=\"font-size: 12pt;\">\u00a0: la campagne qui invite les citoyens d\u2019Occitanie \u00e0 s\u2019unir pour produire leur \u00e9nergie\u00a0!<\/span><\/p>\n<p style=\"color: #000000; font-family: arial, helvetica, sans-serif; font-size: 16px; font-style: normal; font-variant-ligatures: normal; font-variant-caps: normal; font-weight: 400; letter-spacing: normal; orphans: 2; text-align: start; text-indent: 0px; text-transform: none; widows: 2; word-spacing: 0px; -webkit-text-stroke-width: 0px; white-space: normal; background-color: #ffffff; text-decoration-thickness: initial; text-decoration-style: initial; text-decoration-color: initial; margin: 0px;\">\u00a0<strong style=\"text-align: center; font-size: 12pt;\"><em><span style=\"font-size: 14pt; font-family: 'segoe ui emoji', sans-serif;\">\ud83d\udcc5<\/span><\/em><\/strong><strong style=\"text-align: center; font-size: 12pt;\"><em><span style=\"font-size: 14pt;\">\u00a026 septembre\u00a0<\/span><\/em><\/strong><strong style=\"text-align: center; font-size: 12pt;\"><em><span style=\"font-size: 14pt; font-family: 'segoe ui emoji', sans-serif;\">\ud83d\udd58<\/span><\/em><\/strong><strong style=\"text-align: center; font-size: 12pt;\"><em><span style=\"font-size: 14pt;\">\u00a010h30 \u2013 11h30\u00a0<\/span><\/em><\/strong><strong style=\"text-align: center; font-size: 12pt;\"><em><span style=\"font-size: 14pt; font-family: 'segoe ui emoji', sans-serif;\">\ud83d\udcbb<\/span><\/em><\/strong><strong style=\"text-align: center; font-size: 12pt;\"><em><span style=\"font-size: 14pt;\">\u00a0\u00a0<a href=\"https:\/\/us02web.zoom.us\/j\/81504898395?pwd=1KpOLyJreHlV7mn2Fpa3pUoAEjJumP.1\">visioconf\u00e9rence\u00a0<\/a><\/span><\/em><\/strong><em style=\"font-size: 12pt; text-align: center;\"><span style=\"font-size: 14pt; font-family: 'segoe ui emoji', sans-serif;\">\ud83d\udcc2<\/span><\/em><em style=\"font-size: 12pt; text-align: center;\"><span style=\"font-size: 14pt; font-family: 'trebuchet ms', sans-serif;\">\u00a0<\/span><\/em><span style=\"text-align: center; font-size: 14pt; font-family: 'trebuchet ms', sans-serif;\"><a href=\"https:\/\/de80v.r.sp1-brevo.net\/mk\/cl\/f\/sh\/OycZvHuFo1kTb2Qhu48xxZBf\/Ggd9vKtTLx5Y\"><strong><em>Dossier de presse\u00a0 \u00a0 \u00a0 \u00a0<\/em><\/strong><\/a><\/span><\/p>\n<p style=\"color: #000000; font-family: arial, helvetica, sans-serif; font-size: 16px; font-style: normal; font-variant-ligatures: normal; font-variant-caps: normal; font-weight: 400; letter-spacing: normal; orphans: 2; text-align: start; text-indent: 0px; text-transform: none; widows: 2; word-spacing: 0px; -webkit-text-stroke-width: 0px; white-space: normal; background-color: #ffffff; text-decoration-thickness: initial; text-decoration-style: initial; text-decoration-color: initial; margin: 0px;\"><span style=\"text-align: center; font-size: 14pt; font-family: 'trebuchet ms', sans-serif;\"><strong><em>Sites Internet\u00a0<a href=\"https:\/\/www.rejoins-ta-coop.fr\/\">\u00ab\u00a0Rejoins ta coop\u00a0\u00bb<\/a>\u00a0,\u00a0<a href=\"https:\/\/www.ecot81.org\/\">Ecot81<\/a><\/em><\/strong><\/span><span style=\"font-size: 12pt;\">,\u00a0<strong><a href=\"https:\/\/www.coopdeso.fr\/\">Coop de So\u00a0\u00a0<\/a><\/strong><\/span><\/p>\n<p style=\"color: #000000; font-family: arial, helvetica, sans-serif; font-size: 16px; font-style: normal; font-variant-ligatures: normal; font-variant-caps: normal; font-weight: 400; letter-spacing: normal; orphans: 2; text-align: start; text-indent: 0px; text-transform: none; widows: 2; word-spacing: 0px; -webkit-text-stroke-width: 0px; white-space: normal; background-color: #ffffff; text-decoration-thickness: initial; text-decoration-style: initial; text-decoration-color: initial; margin: 0px;\"><em style=\"font-size: 12pt;\">Au programme de la conf\u00e9rence de presse :<\/em><\/p>\n<ul>\n<li style=\"color: #000000; font-family: arial, helvetica, sans-serif; font-size: 16px; font-style: normal; font-variant-ligatures: normal; font-variant-caps: normal; font-weight: 400; letter-spacing: normal; orphans: 2; text-align: start; text-indent: 0px; text-transform: none; widows: 2; word-spacing: 0px; -webkit-text-stroke-width: 0px; white-space: normal; background-color: #ffffff; text-decoration-thickness: initial; text-decoration-style: initial; text-decoration-color: initial;\"><em>Cl\u00e9mence Souid-Poncelin, responsable campagne chez ECLR Occitanie \u2013 pr\u00e9sentation de l\u2019\u00e9nergie citoyenne et de la campagne Rejoins ta coop.<\/em><\/li>\n<li style=\"color: #000000; font-family: arial, helvetica, sans-serif; font-size: 16px; font-style: normal; font-variant-ligatures: normal; font-variant-caps: normal; font-weight: 400; letter-spacing: normal; orphans: 2; text-align: start; text-indent: 0px; text-transform: none; widows: 2; word-spacing: 0px; -webkit-text-stroke-width: 0px; white-space: normal; background-color: #ffffff; text-decoration-thickness: initial; text-decoration-style: initial; text-decoration-color: initial;\"><em>T\u00e9moignage d\u2019Elisabeth, de Midi Quercy Energie Citoyenne.<\/em><\/li>\n<li style=\"color: #000000; font-family: arial, helvetica, sans-serif; font-size: 16px; font-style: normal; font-variant-ligatures: normal; font-variant-caps: normal; font-weight: 400; letter-spacing: normal; orphans: 2; text-align: start; text-indent: 0px; text-transform: none; widows: 2; word-spacing: 0px; -webkit-text-stroke-width: 0px; white-space: normal; background-color: #ffffff; text-decoration-thickness: initial; text-decoration-style: initial; text-decoration-color: initial;\"><em>Session de questions\/r\u00e9ponses avec la presse.<\/em><\/li>\n<\/ul>\n<p style=\"color: #000000; font-family: arial, helvetica, sans-serif; font-size: 16px; font-style: normal; font-variant-ligatures: normal; font-variant-caps: normal; font-weight: 400; letter-spacing: normal; orphans: 2; text-align: start; text-indent: 0px; text-transform: none; widows: 2; word-spacing: 0px; -webkit-text-stroke-width: 0px; white-space: normal; background-color: #ffffff; text-decoration-thickness: initial; text-decoration-style: initial; text-decoration-color: initial; margin: 0px;\"><span style=\"font-size: 12pt;\">Nous esp\u00e9rons que les journalistes du Tarn rendront compte de cette campagne dans leurs m\u00e9dias.<\/span><\/p>\n<p style=\"color: #000000; font-family: arial, helvetica, sans-serif; font-size: 16px; font-style: normal; font-variant-ligatures: normal; font-variant-caps: normal; font-weight: 400; letter-spacing: normal; orphans: 2; text-align: start; text-indent: 0px; text-transform: none; widows: 2; word-spacing: 0px; -webkit-text-stroke-width: 0px; white-space: normal; background-color: #ffffff; text-decoration-thickness: initial; text-decoration-style: initial; text-decoration-color: initial; margin: 0px;\">Merci de votre pr\u00e9sence<\/p>\n<p>Patricia BUSSONE Pr\u00e9sidente d&rsquo;Ecot81<br \/>\nQue le soleil nous apporte de l&rsquo;\u00e9nergie<br \/>\nsite Internet :\u00a0<a href=\"https:\/\/www.ecot81.org\/\">https:\/\/www.ecot81.org\/<\/a><\/p>\n<p>Facebook :\u00a0<a href=\"https:\/\/www.facebook.com\/ECOT81\/\">https:\/\/www.facebook.com\/ECOT81\/<\/a><\/p>\n","protected":false},"excerpt":{"rendered":"<div class=\"mh-excerpt\">vendredi 26 septembre 2025 &#8211; 10h00<\/div>\n","protected":false},"author":9,"featured_media":38025,"comment_status":"open","ping_status":"open","sticky":false,"template":"","format":"standard","meta":{"om_disable_all_campaigns":false,"advanced_seo_description":"","jetpack_seo_html_title":"","jetpack_seo_noindex":false,"_jetpack_memberships_contains_paid_content":false,"footnotes":"","_links_to":"","_links_to_target":""},"categories":[1276,6376],"tags":[3438,4134,6478],"class_list":{"0":"post-66471","1":"post","2":"type-post","3":"status-publish","4":"format-standard","5":"has-post-thumbnail","7":"category-economie-parlons-en","8":"category-n234-septembre-2025","9":"tag-ecot-81","10":"tag-visioconference","11":"tag-s3925"},"jetpack_featured_media_url":"https:\/\/i0.wp.com\/www.o-p-i.fr\/parlonsen\/wp-content\/uploads\/ECOT81-grappe.jpg?fit=283%2C372&ssl=1","views":"","jetpack_likes_enabled":true,"jetpack_sharing_enabled":true,"jetpack_shortlink":"https:\/\/wp.me\/pg7Wxj-hi7","jetpack-related-posts":[],"_links":{"self":[{"href":"https:\/\/www.o-p-i.fr\/parlonsen\/wp-json\/wp\/v2\/posts\/66471","targetHints":{"allow":["GET"]}}],"collection":[{"href":"https:\/\/www.o-p-i.fr\/parlonsen\/wp-json\/wp\/v2\/posts"}],"about":[{"href":"https:\/\/www.o-p-i.fr\/parlonsen\/wp-json\/wp\/v2\/types\/post"}],"author":[{"embeddable":true,"href":"https:\/\/www.o-p-i.fr\/parlonsen\/wp-json\/wp\/v2\/users\/9"}],"replies":[{"embeddable":true,"href":"https:\/\/www.o-p-i.fr\/parlonsen\/wp-json\/wp\/v2\/comments?post=66471"}],"version-history":[{"count":0,"href":"https:\/\/www.o-p-i.fr\/parlonsen\/wp-json\/wp\/v2\/posts\/66471\/revisions"}],"wp:featuredmedia":[{"embeddable":true,"href":"https:\/\/www.o-p-i.fr\/parlonsen\/wp-json\/wp\/v2\/media\/38025"}],"wp:attachment":[{"href":"https:\/\/www.o-p-i.fr\/parlonsen\/wp-json\/wp\/v2\/media?parent=66471"}],"wp:term":[{"taxonomy":"category","embeddable":true,"href":"https:\/\/www.o-p-i.fr\/parlonsen\/wp-json\/wp\/v2\/categories?post=66471"},{"taxonomy":"post_tag","embeddable":true,"href":"https:\/\/www.o-p-i.fr\/parlonsen\/wp-json\/wp\/v2\/tags?post=66471"}],"curies":[{"name":"wp","href":"https:\/\/api.w.org\/{rel}","templated":true}]}}