{"id":66508,"date":"2025-10-03T14:39:20","date_gmt":"2025-10-03T12:39:20","guid":{"rendered":"https:\/\/www.o-p-i.fr\/parlonsen\/?p=66508"},"modified":"2025-10-03T14:39:51","modified_gmt":"2025-10-03T12:39:51","slug":"fenetre-sur-rue-concert-a-rabastens-81","status":"publish","type":"post","link":"https:\/\/www.o-p-i.fr\/parlonsen\/parlons-en\/culture\/fenetre-sur-rue-concert-a-rabastens-81\/","title":{"rendered":"Fen\u00eatre sur Rue &#8211; Concert &#8230; \u00e0 Rabastens (81)"},"content":{"rendered":"<p><strong>Vendredi 03 octobre 2025 \u00e0 19h30<\/strong><!--more--><\/p>\n<p><img data-recalc-dims=\"1\" loading=\"lazy\" decoding=\"async\" class=\" wp-image-66510 alignright\" src=\"https:\/\/i0.wp.com\/www.o-p-i.fr\/parlonsen\/wp-content\/uploads\/2025-concert-fenetre-sur-rue.jpg?resize=406%2C569&#038;ssl=1\" alt=\"\" width=\"406\" height=\"569\" srcset=\"https:\/\/i0.wp.com\/www.o-p-i.fr\/parlonsen\/wp-content\/uploads\/2025-concert-fenetre-sur-rue.jpg?resize=214%2C300&amp;ssl=1 214w, https:\/\/i0.wp.com\/www.o-p-i.fr\/parlonsen\/wp-content\/uploads\/2025-concert-fenetre-sur-rue.jpg?resize=730%2C1024&amp;ssl=1 730w, https:\/\/i0.wp.com\/www.o-p-i.fr\/parlonsen\/wp-content\/uploads\/2025-concert-fenetre-sur-rue.jpg?resize=768%2C1077&amp;ssl=1 768w, https:\/\/i0.wp.com\/www.o-p-i.fr\/parlonsen\/wp-content\/uploads\/2025-concert-fenetre-sur-rue.jpg?resize=1095%2C1536&amp;ssl=1 1095w, https:\/\/i0.wp.com\/www.o-p-i.fr\/parlonsen\/wp-content\/uploads\/2025-concert-fenetre-sur-rue.jpg?w=1460&amp;ssl=1 1460w\" sizes=\"auto, (max-width: 406px) 100vw, 406px\" \/>Fen\u00eatre sur rue se veut \u00e0 la fois festif, participatif et r\u00e9flexif pour mettre le projecteur sur le rap et la culture hip-hop.<\/p>\n<p>\ud83d\udccd La Halle, Rabastens<br \/>\n\ud83d\uddd3 Vendredi 3 octobre 2025<br \/>\n\ud83d\udd62 19h30<br \/>\n\ud83d\udcb8 Prix libre \u00e0 partir de 4\u20ac , bar sur place<br \/>\n\u2728 On vous attend nombreux pour partager musique, art et solidarit\u00e9 !<\/p>\n<h2>Adresse de l&rsquo;\u00e9v\u00e8nement<\/h2>\n<p>La Halle \u00e0 Rabastens<\/p>\n<h2>Lien internet vers votre \u00e9v\u00e8nement<\/h2>\n<p><a href=\"https:\/\/www.facebook.com\/events\/790267840529493?acontext=%7B%22event_action_history%22%3A%5B%7B%22surface%22%3A%22home%22%7D%2C%7B%22mechanism%22%3A%22attachment%22%2C%22surface%22%3A%22newsfeed%22%7D%5D%2C%22ref_notif_type%22%3Anull%7D\" target=\"_blank\" rel=\"noopener\">https:\/\/www.facebook.com\/events\/790267840529493<\/a><\/p>\n<h2>Tarif unique<\/h2>\n<p>4\u20ac<\/p>\n<h2>Organisateur de l&rsquo;\u00e9n\u00e8vement<\/h2>\n<p>FSR et Le Pr\u00e9 Vert<\/p>\n<h2>Personne \/ Organisation \u00e0 contacter<\/h2>\n<p>Le Pr\u00e9 Vert<\/p>\n<h2>T\u00e9l\u00e9phone<\/h2>\n<p>06 20 36 70 23<\/p>\n<h2>Courriel<\/h2>\n<p><a href=\"mailto:contact@leprevert81.fr\">contact@leprevert81.fr<\/a><\/p>\n<p><em>Information transmise par M.Achard, Charg\u00e9 officiel de la communication de l&rsquo;\u00e9v\u00e8nement<\/em><\/p>\n","protected":false},"excerpt":{"rendered":"<div class=\"mh-excerpt\">Vendredi 03 octobre 2025 \u00e0 19h30<\/div>\n","protected":false},"author":9,"featured_media":66510,"comment_status":"open","ping_status":"open","sticky":false,"template":"","format":"standard","meta":{"om_disable_all_campaigns":false,"advanced_seo_description":"","jetpack_seo_html_title":"","jetpack_seo_noindex":false,"_jetpack_memberships_contains_paid_content":false,"footnotes":"","_links_to":"","_links_to_target":""},"categories":[1,6389,6411],"tags":[43,4327,6481],"class_list":{"0":"post-66508","1":"post","2":"type-post","3":"status-publish","4":"format-standard","5":"has-post-thumbnail","7":"category-culture","8":"category-n235-octobre-2025","9":"category-rabastens","10":"tag-concert","11":"tag-pre-vert","12":"tag-s4025"},"jetpack_featured_media_url":"https:\/\/i0.wp.com\/www.o-p-i.fr\/parlonsen\/wp-content\/uploads\/2025-concert-fenetre-sur-rue.jpg?fit=1460%2C2048&ssl=1","views":"","jetpack_likes_enabled":true,"jetpack_sharing_enabled":true,"jetpack_shortlink":"https:\/\/wp.me\/pg7Wxj-hiI","jetpack-related-posts":[],"_links":{"self":[{"href":"https:\/\/www.o-p-i.fr\/parlonsen\/wp-json\/wp\/v2\/posts\/66508","targetHints":{"allow":["GET"]}}],"collection":[{"href":"https:\/\/www.o-p-i.fr\/parlonsen\/wp-json\/wp\/v2\/posts"}],"about":[{"href":"https:\/\/www.o-p-i.fr\/parlonsen\/wp-json\/wp\/v2\/types\/post"}],"author":[{"embeddable":true,"href":"https:\/\/www.o-p-i.fr\/parlonsen\/wp-json\/wp\/v2\/users\/9"}],"replies":[{"embeddable":true,"href":"https:\/\/www.o-p-i.fr\/parlonsen\/wp-json\/wp\/v2\/comments?post=66508"}],"version-history":[{"count":0,"href":"https:\/\/www.o-p-i.fr\/parlonsen\/wp-json\/wp\/v2\/posts\/66508\/revisions"}],"wp:featuredmedia":[{"embeddable":true,"href":"https:\/\/www.o-p-i.fr\/parlonsen\/wp-json\/wp\/v2\/media\/66510"}],"wp:attachment":[{"href":"https:\/\/www.o-p-i.fr\/parlonsen\/wp-json\/wp\/v2\/media?parent=66508"}],"wp:term":[{"taxonomy":"category","embeddable":true,"href":"https:\/\/www.o-p-i.fr\/parlonsen\/wp-json\/wp\/v2\/categories?post=66508"},{"taxonomy":"post_tag","embeddable":true,"href":"https:\/\/www.o-p-i.fr\/parlonsen\/wp-json\/wp\/v2\/tags?post=66508"}],"curies":[{"name":"wp","href":"https:\/\/api.w.org\/{rel}","templated":true}]}}