{"id":66513,"date":"2025-10-03T14:54:39","date_gmt":"2025-10-03T12:54:39","guid":{"rendered":"https:\/\/www.o-p-i.fr\/parlonsen\/?p=66513"},"modified":"2025-10-29T22:33:32","modified_gmt":"2025-10-29T21:33:32","slug":"samhain-4-fete-des-morts-et-de-lentremonde-a-rabastens-81","status":"publish","type":"post","link":"https:\/\/www.o-p-i.fr\/parlonsen\/numero-de-journal\/n235-octobre-2025\/samhain-4-fete-des-morts-et-de-lentremonde-a-rabastens-81\/","title":{"rendered":"SAMHAIN #4 \u2013 F\u00eate des morts et de l\u2019Entremonde &#8230; \u00e0 Rabastens (81)"},"content":{"rendered":"<p><strong>Du jeudi 30 octobre au 01 novembre 2025<\/strong><!--more--><\/p>\n<p><img data-recalc-dims=\"1\" loading=\"lazy\" decoding=\"async\" class=\" wp-image-66514 alignright\" src=\"https:\/\/i0.wp.com\/www.o-p-i.fr\/parlonsen\/wp-content\/uploads\/2025-SAMHAIN.jpg?resize=466%2C583&#038;ssl=1\" alt=\"\" width=\"466\" height=\"583\" srcset=\"https:\/\/i0.wp.com\/www.o-p-i.fr\/parlonsen\/wp-content\/uploads\/2025-SAMHAIN.jpg?resize=240%2C300&amp;ssl=1 240w, https:\/\/i0.wp.com\/www.o-p-i.fr\/parlonsen\/wp-content\/uploads\/2025-SAMHAIN.jpg?w=512&amp;ssl=1 512w\" sizes=\"auto, (max-width: 466px) 100vw, 466px\" \/>SAMHAIN #4 \u2013 F\u00eate des morts et de l\u2019Entremonde<\/p>\n<p>\ud83d\udcc5 Du 30 octobre au 1er novembre 2025 \u00e0 Rabastens (Tarn)<br \/>\n3 jours de rituels po\u00e9tiques, ateliers, lectures, banquet mortel, d\u00e9ambulation carnavalesque et temps festifs pour c\u00e9l\u00e9brer la vie, les morts et l\u2019Entremonde.<br \/>\n\u2728 Nouveaut\u00e9 2025 : le Banquet Mortel, repas-spectacle autour des plantes li\u00e9es \u00e0 la m\u00e9moire, suivi d\u2019une grande d\u00e9ambulation et d\u2019une soir\u00e9e techno avec Dam \u00c9lise.<\/p>\n<h2>Adresse de l&rsquo;\u00e9v\u00e8nement<\/h2>\n<p>La Halle \u00e0 Rabastens, Librairie La Confiserie \u00e0 Rabastens<\/p>\n<h2>Organisateur de l&rsquo;\u00e9n\u00e8vement<\/h2>\n<p>Compagnie Nanaqui et Le Pr\u00e9 Vert<\/p>\n<h2>Personne \/ Organisation \u00e0 contacter<\/h2>\n<p>C\u00e9line Astri\u00e9<\/p>\n<h2>T\u00e9l\u00e9phone<\/h2>\n<p>0620367023<\/p>\n<h2>Courriel<\/h2>\n<p>contact@leprevert81.fr<\/p>\n<p>Information transmise par M.Achard, Charg\u00e9 officiel de la communication de l&rsquo;\u00e9v\u00e8nement<\/p>\n","protected":false},"excerpt":{"rendered":"<div class=\"mh-excerpt\">Du jeudi 30 octobre au 01 novembre 2025<\/div>\n","protected":false},"author":9,"featured_media":66514,"comment_status":"open","ping_status":"open","sticky":false,"template":"","format":"standard","meta":{"om_disable_all_campaigns":false,"advanced_seo_description":"","jetpack_seo_html_title":"","jetpack_seo_noindex":false,"_jetpack_memberships_contains_paid_content":false,"footnotes":"","_links_to":"","_links_to_target":""},"categories":[6389,6390],"tags":[4327,6482,6494],"class_list":{"0":"post-66513","1":"post","2":"type-post","3":"status-publish","4":"format-standard","5":"has-post-thumbnail","7":"category-n235-octobre-2025","8":"category-n236-novembre-2025","9":"tag-pre-vert","10":"tag-fete-des-morts","11":"tag-s4425"},"jetpack_featured_media_url":"https:\/\/i0.wp.com\/www.o-p-i.fr\/parlonsen\/wp-content\/uploads\/2025-SAMHAIN.jpg?fit=512%2C640&ssl=1","views":"","jetpack_likes_enabled":true,"jetpack_sharing_enabled":true,"jetpack_shortlink":"https:\/\/wp.me\/pg7Wxj-hiN","jetpack-related-posts":[],"_links":{"self":[{"href":"https:\/\/www.o-p-i.fr\/parlonsen\/wp-json\/wp\/v2\/posts\/66513","targetHints":{"allow":["GET"]}}],"collection":[{"href":"https:\/\/www.o-p-i.fr\/parlonsen\/wp-json\/wp\/v2\/posts"}],"about":[{"href":"https:\/\/www.o-p-i.fr\/parlonsen\/wp-json\/wp\/v2\/types\/post"}],"author":[{"embeddable":true,"href":"https:\/\/www.o-p-i.fr\/parlonsen\/wp-json\/wp\/v2\/users\/9"}],"replies":[{"embeddable":true,"href":"https:\/\/www.o-p-i.fr\/parlonsen\/wp-json\/wp\/v2\/comments?post=66513"}],"version-history":[{"count":0,"href":"https:\/\/www.o-p-i.fr\/parlonsen\/wp-json\/wp\/v2\/posts\/66513\/revisions"}],"wp:featuredmedia":[{"embeddable":true,"href":"https:\/\/www.o-p-i.fr\/parlonsen\/wp-json\/wp\/v2\/media\/66514"}],"wp:attachment":[{"href":"https:\/\/www.o-p-i.fr\/parlonsen\/wp-json\/wp\/v2\/media?parent=66513"}],"wp:term":[{"taxonomy":"category","embeddable":true,"href":"https:\/\/www.o-p-i.fr\/parlonsen\/wp-json\/wp\/v2\/categories?post=66513"},{"taxonomy":"post_tag","embeddable":true,"href":"https:\/\/www.o-p-i.fr\/parlonsen\/wp-json\/wp\/v2\/tags?post=66513"}],"curies":[{"name":"wp","href":"https:\/\/api.w.org\/{rel}","templated":true}]}}