{"id":66516,"date":"2025-10-03T15:07:13","date_gmt":"2025-10-03T13:07:13","guid":{"rendered":"https:\/\/www.o-p-i.fr\/parlonsen\/?p=66516"},"modified":"2025-10-03T15:08:33","modified_gmt":"2025-10-03T13:08:33","slug":"mathieu-lippe-en-concert-a-montauban-82","status":"publish","type":"post","link":"https:\/\/www.o-p-i.fr\/parlonsen\/parlons-en\/culture\/mathieu-lippe-en-concert-a-montauban-82\/","title":{"rendered":"Mathieu Lipp\u00e9 en concert \u00e0 &#8230; Montauban (82)"},"content":{"rendered":"<p><strong>Vendredi 03 octobre 2025 \u00e0 19h00<\/strong><!--more--><\/p>\n<p><img data-recalc-dims=\"1\" loading=\"lazy\" decoding=\"async\" class=\" wp-image-66517 alignright\" src=\"https:\/\/i0.wp.com\/www.o-p-i.fr\/parlonsen\/wp-content\/uploads\/2025-Mathieu-LIPPE-concert.jpg?resize=382%2C394&#038;ssl=1\" alt=\"\" width=\"382\" height=\"394\" srcset=\"https:\/\/i0.wp.com\/www.o-p-i.fr\/parlonsen\/wp-content\/uploads\/2025-Mathieu-LIPPE-concert.jpg?resize=291%2C300&amp;ssl=1 291w, https:\/\/i0.wp.com\/www.o-p-i.fr\/parlonsen\/wp-content\/uploads\/2025-Mathieu-LIPPE-concert.jpg?resize=768%2C792&amp;ssl=1 768w, https:\/\/i0.wp.com\/www.o-p-i.fr\/parlonsen\/wp-content\/uploads\/2025-Mathieu-LIPPE-concert.jpg?w=902&amp;ssl=1 902w\" sizes=\"auto, (max-width: 382px) 100vw, 382px\" \/>Po\u00e8te, slameur, auteur, compositeur, et musicien qu\u00e9b\u00e9cois. Natif du Bas-du-fleuve (estuaire du Saint-Laurent au Qu\u00e9bec), ce gagnant du Festival de la Chanson de Granby d\u00e9construit et reconstruit le r\u00e9el par ses chansons ponctu\u00e9es de po\u00e9sie slam. https:\/\/mathieulippe.com<\/p>\n<h2>Adresse de l&rsquo;\u00e9v\u00e8nement<\/h2>\n<p>LE FORT 5, rue du FORT 82000 MONTAUBAN<\/p>\n<h2>Lien internet vers votre \u00e9v\u00e8nement<\/h2>\n<p><a href=\"https:\/\/www.labriquerouge-prod.com\">https:\/\/www.labriquerouge-prod.com<\/a><\/p>\n<h2>Tarif principal<\/h2>\n<p>12 \u20ac<\/p>\n<h2>Tarif r\u00e9duit &#8211; combien et pour qui ?<\/h2>\n<p>10 \u20ac demandeurs d&#8217;emploi, apprentis, \u00e9tudiant, Cartes S\u00e9nior, C<\/p>\n<h2>Organisateur de l&rsquo;\u00e9v\u00e8nement<\/h2>\n<p>LA BRIQUE ROUGE productions<\/p>\n<h2>Personne \/ Organisation \u00e0 contacter<\/h2>\n<p>LA BRIQUE ROUGE<\/p>\n<h2>Adresse<\/h2>\n<p>5, rue du FORT 82000 MONTAUBAN<\/p>\n<h2>T\u00e9l\u00e9phone<\/h2>\n<p>+33 6 70 59 29 74<\/p>\n<h2>Courriel<\/h2>\n<p><a href=\"mailto:labriquerougeprod@gmail.com\">labriquerougeprod@gmail.com<\/a><\/p>\n<p>Information transmise par Roland TERRANCLE, l&rsquo;organisateur de l&rsquo;\u00e9v\u00e8nement<\/p>\n","protected":false},"excerpt":{"rendered":"<div class=\"mh-excerpt\">Vendredi 03 octobre 2025 \u00e0 19h00<\/div>\n","protected":false},"author":9,"featured_media":66517,"comment_status":"open","ping_status":"open","sticky":false,"template":"","format":"standard","meta":{"om_disable_all_campaigns":false,"advanced_seo_description":"","jetpack_seo_html_title":"","jetpack_seo_noindex":false,"_jetpack_memberships_contains_paid_content":false,"footnotes":"","_links_to":"","_links_to_target":""},"categories":[1,6389,6414],"tags":[43,3941,6481],"class_list":{"0":"post-66516","1":"post","2":"type-post","3":"status-publish","4":"format-standard","5":"has-post-thumbnail","7":"category-culture","8":"category-n235-octobre-2025","9":"category-montauban","10":"tag-concert","11":"tag-la-brique-rouge","12":"tag-s4025"},"jetpack_featured_media_url":"https:\/\/i0.wp.com\/www.o-p-i.fr\/parlonsen\/wp-content\/uploads\/2025-Mathieu-LIPPE-concert.jpg?fit=902%2C930&ssl=1","views":"","jetpack_likes_enabled":true,"jetpack_sharing_enabled":true,"jetpack_shortlink":"https:\/\/wp.me\/pg7Wxj-hiQ","jetpack-related-posts":[],"_links":{"self":[{"href":"https:\/\/www.o-p-i.fr\/parlonsen\/wp-json\/wp\/v2\/posts\/66516","targetHints":{"allow":["GET"]}}],"collection":[{"href":"https:\/\/www.o-p-i.fr\/parlonsen\/wp-json\/wp\/v2\/posts"}],"about":[{"href":"https:\/\/www.o-p-i.fr\/parlonsen\/wp-json\/wp\/v2\/types\/post"}],"author":[{"embeddable":true,"href":"https:\/\/www.o-p-i.fr\/parlonsen\/wp-json\/wp\/v2\/users\/9"}],"replies":[{"embeddable":true,"href":"https:\/\/www.o-p-i.fr\/parlonsen\/wp-json\/wp\/v2\/comments?post=66516"}],"version-history":[{"count":0,"href":"https:\/\/www.o-p-i.fr\/parlonsen\/wp-json\/wp\/v2\/posts\/66516\/revisions"}],"wp:featuredmedia":[{"embeddable":true,"href":"https:\/\/www.o-p-i.fr\/parlonsen\/wp-json\/wp\/v2\/media\/66517"}],"wp:attachment":[{"href":"https:\/\/www.o-p-i.fr\/parlonsen\/wp-json\/wp\/v2\/media?parent=66516"}],"wp:term":[{"taxonomy":"category","embeddable":true,"href":"https:\/\/www.o-p-i.fr\/parlonsen\/wp-json\/wp\/v2\/categories?post=66516"},{"taxonomy":"post_tag","embeddable":true,"href":"https:\/\/www.o-p-i.fr\/parlonsen\/wp-json\/wp\/v2\/tags?post=66516"}],"curies":[{"name":"wp","href":"https:\/\/api.w.org\/{rel}","templated":true}]}}