{"id":66523,"date":"2025-10-03T16:14:45","date_gmt":"2025-10-03T14:14:45","guid":{"rendered":"https:\/\/www.o-p-i.fr\/parlonsen\/?p=66523"},"modified":"2025-10-03T16:14:45","modified_gmt":"2025-10-03T14:14:45","slug":"la-mauve-des-bois-messagere-de-douceur","status":"publish","type":"post","link":"https:\/\/www.o-p-i.fr\/parlonsen\/parlons-en\/editorial\/la-mauve-des-bois-messagere-de-douceur\/","title":{"rendered":"La Mauve des bois, messag\u00e8re de douceur."},"content":{"rendered":"<div>\n<p><img data-recalc-dims=\"1\" loading=\"lazy\" decoding=\"async\" class=\" wp-image-66525 alignright\" src=\"https:\/\/i0.wp.com\/www.o-p-i.fr\/parlonsen\/wp-content\/uploads\/2025-10-03-photo-edito-mauve-des-bois.jpg?resize=452%2C452&#038;ssl=1\" alt=\"\" width=\"452\" height=\"452\" srcset=\"https:\/\/i0.wp.com\/www.o-p-i.fr\/parlonsen\/wp-content\/uploads\/2025-10-03-photo-edito-mauve-des-bois-scaled.jpg?resize=300%2C300&amp;ssl=1 300w, https:\/\/i0.wp.com\/www.o-p-i.fr\/parlonsen\/wp-content\/uploads\/2025-10-03-photo-edito-mauve-des-bois-scaled.jpg?resize=1024%2C1024&amp;ssl=1 1024w, https:\/\/i0.wp.com\/www.o-p-i.fr\/parlonsen\/wp-content\/uploads\/2025-10-03-photo-edito-mauve-des-bois-scaled.jpg?resize=50%2C50&amp;ssl=1 50w, https:\/\/i0.wp.com\/www.o-p-i.fr\/parlonsen\/wp-content\/uploads\/2025-10-03-photo-edito-mauve-des-bois-scaled.jpg?resize=768%2C768&amp;ssl=1 768w, https:\/\/i0.wp.com\/www.o-p-i.fr\/parlonsen\/wp-content\/uploads\/2025-10-03-photo-edito-mauve-des-bois-scaled.jpg?resize=1536%2C1536&amp;ssl=1 1536w, https:\/\/i0.wp.com\/www.o-p-i.fr\/parlonsen\/wp-content\/uploads\/2025-10-03-photo-edito-mauve-des-bois-scaled.jpg?resize=2048%2C2048&amp;ssl=1 2048w, https:\/\/i0.wp.com\/www.o-p-i.fr\/parlonsen\/wp-content\/uploads\/2025-10-03-photo-edito-mauve-des-bois-scaled.jpg?resize=375%2C375&amp;ssl=1 375w\" sizes=\"auto, (max-width: 452px) 100vw, 452px\" \/>Au bord des chemins et dans les prairies claires s\u2019\u00e9panouit la mauve des bois, Malva sylvestris. Elle porte des fleurs violac\u00e9es vein\u00e9es de pourpre et des feuilles arrondies, finement lob\u00e9es. Plante humble et famili\u00e8re, elle accompagne l\u2019homme depuis l\u2019Antiquit\u00e9. Elle s\u00e9duit encore par ses corolles d\u00e9licates et ses fruits singuliers, appel\u00e9s \u00ab\u00a0fromageons\u00a0\u00bb.<\/p>\n<p>Enti\u00e8rement comestible, elle figurait d\u00e9j\u00e0 sur les tables de l\u2019Antiquit\u00e9 et continue de se savourer aujourd\u2019hui. Ses feuilles \u00e9paississent potages et soupes ou se cuisinent comme des \u00e9pinards, tandis que ses fleurs illuminent les assiettes d\u2019une touche color\u00e9e. Au Maghreb, elle se vend toujours comme un l\u00e9gume courant, t\u00e9moin de sa place pr\u00e9cieuse dans l\u2019alimentation populaire.<\/p>\n<p>La mauve est aussi une alli\u00e9e du corps. Riche en mucilages, elle apaise les muqueuses irrit\u00e9es, adoucit les gorges enflamm\u00e9es et calme les troubles digestifs. Elle figure depuis des si\u00e8cles dans les tisanes dites \u00ab\u00a0pectorales\u00a0\u00bb, aux c\u00f4t\u00e9s du coquelicot et de la violette, v\u00e9ritables rem\u00e8des du peuple transmis \u00e0 travers les \u00e2ges.<\/p>\n<p>La Mauve des bois incarne une alliance rare entre beaut\u00e9, nourriture et rem\u00e8de. Elle nous invite \u00e0 consid\u00e9rer autrement les herbes sauvages, \u00e0 reconna\u00eetre leur valeur \u00e9cologique et leur utilit\u00e9 pour notre sant\u00e9. Pr\u00e9server la mauve, c\u2019est prot\u00e9ger une biodiversit\u00e9 ordinaire mais vitale, indispensable \u00e0 l\u2019\u00e9quilibre de nos paysages comme \u00e0 notre bien-\u00eatre.<\/p>\n<div>\n<p dir=\"ltr\"><div class=\"card\" style=\"width: 350px;\">\r\n<div class=\"card-body\">\r\n<h3 class=\"card-title text-center bg-light\">Fiche Auteur<\/h3>\r\n<a href=\"https:\/\/www.o-p-i.fr\/7alire\/nicolas-duivon\/nicolas-duivon-auteur\/\" target=\"_blank\" rel=\"noopener\">\r\n<img data-recalc-dims=\"1\" decoding=\"async\" class=\"card-img\" src=\"https:\/\/i0.wp.com\/www.o-p-i.fr\/7alire\/wp-content\/uploads\/2025-photo-auteur-nicolas-duivon-scaled-e1765108565599.jpg?ssl=1\" alt=\"Nicolas Duivon\" \/><\/a>\r\n<p class=\"card-text\">Nicolas Duivon<\/p>\r\n<a class=\"btn btn-primary\" href=\"https:\/\/www.o-p-i.fr\/7alire\/nicolas-duivon\/nicolas-duivon-auteur\/\" target=\"_blank\" rel=\"noopener\">Auteur Nicolas Duivon<i class=\"fa-solid fa-arrow-up-right-from-square\"><\/i><\/a>\r\n\r\n<\/div>\r\n<\/div><\/p>\n<p dir=\"ltr\">7 vues<\/p>\n<\/div>\n<\/div>\n","protected":false},"excerpt":{"rendered":"<div class=\"mh-excerpt\">Au bord des chemins et dans les prairies claires s\u2019\u00e9panouit la mauve des bois, Malva sylvestris. Elle porte des fleurs violac\u00e9es vein\u00e9es de pourpre et des feuilles arrondies, finement lob\u00e9es. Plante humble et famili\u00e8re, elle <a class=\"mh-excerpt-more\" href=\"https:\/\/www.o-p-i.fr\/parlonsen\/parlons-en\/editorial\/la-mauve-des-bois-messagere-de-douceur\/\" title=\"La Mauve des bois, messag\u00e8re de douceur.\">[&#8230;]<\/a><\/div>\n","protected":false},"author":9,"featured_media":66525,"comment_status":"open","ping_status":"open","sticky":false,"template":"","format":"standard","meta":{"om_disable_all_campaigns":false,"advanced_seo_description":"","jetpack_seo_html_title":"","jetpack_seo_noindex":false,"_jetpack_memberships_contains_paid_content":false,"footnotes":"","_links_to":"","_links_to_target":""},"categories":[36,6389],"tags":[105,2944],"class_list":{"0":"post-66523","1":"post","2":"type-post","3":"status-publish","4":"format-standard","5":"has-post-thumbnail","7":"category-editorial","8":"category-n235-octobre-2025","9":"tag-nature","10":"tag-pantes-sauvages"},"jetpack_featured_media_url":"https:\/\/i0.wp.com\/www.o-p-i.fr\/parlonsen\/wp-content\/uploads\/2025-10-03-photo-edito-mauve-des-bois-scaled.jpg?fit=2560%2C2560&ssl=1","views":{"total":7,"cached_at":"","cached_date":1777564166},"jetpack_likes_enabled":true,"jetpack_sharing_enabled":true,"jetpack_shortlink":"https:\/\/wp.me\/pg7Wxj-hiX","jetpack-related-posts":[],"_links":{"self":[{"href":"https:\/\/www.o-p-i.fr\/parlonsen\/wp-json\/wp\/v2\/posts\/66523","targetHints":{"allow":["GET"]}}],"collection":[{"href":"https:\/\/www.o-p-i.fr\/parlonsen\/wp-json\/wp\/v2\/posts"}],"about":[{"href":"https:\/\/www.o-p-i.fr\/parlonsen\/wp-json\/wp\/v2\/types\/post"}],"author":[{"embeddable":true,"href":"https:\/\/www.o-p-i.fr\/parlonsen\/wp-json\/wp\/v2\/users\/9"}],"replies":[{"embeddable":true,"href":"https:\/\/www.o-p-i.fr\/parlonsen\/wp-json\/wp\/v2\/comments?post=66523"}],"version-history":[{"count":0,"href":"https:\/\/www.o-p-i.fr\/parlonsen\/wp-json\/wp\/v2\/posts\/66523\/revisions"}],"wp:featuredmedia":[{"embeddable":true,"href":"https:\/\/www.o-p-i.fr\/parlonsen\/wp-json\/wp\/v2\/media\/66525"}],"wp:attachment":[{"href":"https:\/\/www.o-p-i.fr\/parlonsen\/wp-json\/wp\/v2\/media?parent=66523"}],"wp:term":[{"taxonomy":"category","embeddable":true,"href":"https:\/\/www.o-p-i.fr\/parlonsen\/wp-json\/wp\/v2\/categories?post=66523"},{"taxonomy":"post_tag","embeddable":true,"href":"https:\/\/www.o-p-i.fr\/parlonsen\/wp-json\/wp\/v2\/tags?post=66523"}],"curies":[{"name":"wp","href":"https:\/\/api.w.org\/{rel}","templated":true}]}}