{"id":66552,"date":"2025-10-03T18:16:55","date_gmt":"2025-10-03T16:16:55","guid":{"rendered":"https:\/\/www.o-p-i.fr\/parlonsen\/?p=66552"},"modified":"2025-10-23T12:21:12","modified_gmt":"2025-10-23T10:21:12","slug":"the-dansant-a-st-sulpice-la-pointe-81","status":"publish","type":"post","link":"https:\/\/www.o-p-i.fr\/parlonsen\/parlons-en\/loisirs\/the-dansant-a-st-sulpice-la-pointe-81\/","title":{"rendered":"THE DANSANT \u00e0 &#8230; ST SULPICE LA POINTE (81)"},"content":{"rendered":"<p><strong>Dimanche 26 octobre 2025 \u00e0 14h30<\/strong><!--more--><\/p>\n<p><img data-recalc-dims=\"1\" loading=\"lazy\" decoding=\"async\" class=\" wp-image-66553 alignright\" src=\"https:\/\/i0.wp.com\/www.o-p-i.fr\/parlonsen\/wp-content\/uploads\/2025-the-dansant-Tourbillon-De-La-Danse-Nicolas-Davidjpg.jpg?resize=394%2C558&#038;ssl=1\" alt=\"\" width=\"394\" height=\"558\" srcset=\"https:\/\/i0.wp.com\/www.o-p-i.fr\/parlonsen\/wp-content\/uploads\/2025-the-dansant-Tourbillon-De-La-Danse-Nicolas-Davidjpg.jpg?resize=212%2C300&amp;ssl=1 212w, https:\/\/i0.wp.com\/www.o-p-i.fr\/parlonsen\/wp-content\/uploads\/2025-the-dansant-Tourbillon-De-La-Danse-Nicolas-Davidjpg.jpg?resize=724%2C1024&amp;ssl=1 724w, https:\/\/i0.wp.com\/www.o-p-i.fr\/parlonsen\/wp-content\/uploads\/2025-the-dansant-Tourbillon-De-La-Danse-Nicolas-Davidjpg.jpg?resize=768%2C1086&amp;ssl=1 768w, https:\/\/i0.wp.com\/www.o-p-i.fr\/parlonsen\/wp-content\/uploads\/2025-the-dansant-Tourbillon-De-La-Danse-Nicolas-Davidjpg.jpg?resize=1086%2C1536&amp;ssl=1 1086w, https:\/\/i0.wp.com\/www.o-p-i.fr\/parlonsen\/wp-content\/uploads\/2025-the-dansant-Tourbillon-De-La-Danse-Nicolas-Davidjpg.jpg?resize=1448%2C2048&amp;ssl=1 1448w, https:\/\/i0.wp.com\/www.o-p-i.fr\/parlonsen\/wp-content\/uploads\/2025-the-dansant-Tourbillon-De-La-Danse-Nicolas-Davidjpg.jpg?w=1654&amp;ssl=1 1654w\" sizes=\"auto, (max-width: 394px) 100vw, 394px\" \/>Le \u00ab\u00a0Tourbillon de la Danse\u00a0\u00bb organise un THE DANSANT le 26\/10\/2025 anim\u00e9 par l&rsquo;orchestre \u00ab\u00a0NICOLAS &amp; DAVID\u00a0\u00bb<\/p>\n<p>Possibilit\u00e9 r\u00e9server table gratuit au 0617240455 ou au 0781512991.<\/p>\n<h2>De quelle heure \u00e0 quelle heure ?<\/h2>\n<p>14h30 \u00e0 19h00<\/p>\n<h2>Adresse de l&rsquo;\u00e9v\u00e8nement<\/h2>\n<p>Salle ULR &#8211; Route de Grazac<br \/>\n81800 RABASTENS<\/p>\n<h2>Tarif unique<\/h2>\n<p>9\u20ac<\/p>\n<h2>Organisateur de l&rsquo;\u00e9v\u00e8nement<\/h2>\n<p>Le Tourbillon De La Danse<\/p>\n<h2>Personne \/ Organisation \u00e0 contacter<\/h2>\n<p>CAVALI\u00c9 Jean-Louis<\/p>\n<h2>Adresse<\/h2>\n<p>245 Chemin de Pellegri<br \/>\n81370 ST SULPICE LA POINTE<\/p>\n<h2>T\u00e9l\u00e9phone<\/h2>\n<p>07 81 51 29 91<\/p>\n<h2>Courriel<\/h2>\n<p><a href=\"mailto:jl.cavalie@laposte.net\">jl.cavalie@laposte.net<\/a><\/p>\n<p><em>Information transmise par CAVALI\u00c9 Jean-Louis, l&rsquo;organisateur de l&rsquo;\u00e9v\u00e8nement.<\/em><\/p>\n","protected":false},"excerpt":{"rendered":"<div class=\"mh-excerpt\">Dimanche 26 octobre 2025 \u00e0 14h30<\/div>\n","protected":false},"author":9,"featured_media":66553,"comment_status":"open","ping_status":"open","sticky":false,"template":"","format":"standard","meta":{"om_disable_all_campaigns":false,"advanced_seo_description":"","jetpack_seo_html_title":"","jetpack_seo_noindex":false,"_jetpack_memberships_contains_paid_content":false,"footnotes":"","_links_to":"","_links_to_target":""},"categories":[6474,54,6389],"tags":[5743,6493],"class_list":{"0":"post-66552","1":"post","2":"type-post","3":"status-publish","4":"format-standard","5":"has-post-thumbnail","7":"category-saint-sulpice-la-pointe","8":"category-loisirs","9":"category-n235-octobre-2025","10":"tag-le-tourbillon-de-la-danse","11":"tag-s4325"},"jetpack_featured_media_url":"https:\/\/i0.wp.com\/www.o-p-i.fr\/parlonsen\/wp-content\/uploads\/2025-the-dansant-Tourbillon-De-La-Danse-Nicolas-Davidjpg.jpg?fit=1654%2C2339&ssl=1","views":"","jetpack_likes_enabled":true,"jetpack_sharing_enabled":true,"jetpack_shortlink":"https:\/\/wp.me\/pg7Wxj-hjq","jetpack-related-posts":[],"_links":{"self":[{"href":"https:\/\/www.o-p-i.fr\/parlonsen\/wp-json\/wp\/v2\/posts\/66552","targetHints":{"allow":["GET"]}}],"collection":[{"href":"https:\/\/www.o-p-i.fr\/parlonsen\/wp-json\/wp\/v2\/posts"}],"about":[{"href":"https:\/\/www.o-p-i.fr\/parlonsen\/wp-json\/wp\/v2\/types\/post"}],"author":[{"embeddable":true,"href":"https:\/\/www.o-p-i.fr\/parlonsen\/wp-json\/wp\/v2\/users\/9"}],"replies":[{"embeddable":true,"href":"https:\/\/www.o-p-i.fr\/parlonsen\/wp-json\/wp\/v2\/comments?post=66552"}],"version-history":[{"count":0,"href":"https:\/\/www.o-p-i.fr\/parlonsen\/wp-json\/wp\/v2\/posts\/66552\/revisions"}],"wp:featuredmedia":[{"embeddable":true,"href":"https:\/\/www.o-p-i.fr\/parlonsen\/wp-json\/wp\/v2\/media\/66553"}],"wp:attachment":[{"href":"https:\/\/www.o-p-i.fr\/parlonsen\/wp-json\/wp\/v2\/media?parent=66552"}],"wp:term":[{"taxonomy":"category","embeddable":true,"href":"https:\/\/www.o-p-i.fr\/parlonsen\/wp-json\/wp\/v2\/categories?post=66552"},{"taxonomy":"post_tag","embeddable":true,"href":"https:\/\/www.o-p-i.fr\/parlonsen\/wp-json\/wp\/v2\/tags?post=66552"}],"curies":[{"name":"wp","href":"https:\/\/api.w.org\/{rel}","templated":true}]}}