{"id":66572,"date":"2025-10-09T00:00:17","date_gmt":"2025-10-08T22:00:17","guid":{"rendered":"https:\/\/www.o-p-i.fr\/parlonsen\/?p=66572"},"modified":"2025-10-29T22:34:21","modified_gmt":"2025-10-29T21:34:21","slug":"festival-de-theatre-a-genebrieres-82-2","status":"publish","type":"post","link":"https:\/\/www.o-p-i.fr\/parlonsen\/parlons-en\/culture\/festival-de-theatre-a-genebrieres-82-2\/","title":{"rendered":"Festival de th\u00e9\u00e2tre \u00e0 &#8230; G\u00e9n\u00e9bri\u00e8res (82)"},"content":{"rendered":"<p><strong>Du vendredi 31 octobre au dimanche 02 novembre<\/strong><!--more--><\/p>\n<p><img data-recalc-dims=\"1\" loading=\"lazy\" decoding=\"async\" class=\" wp-image-66574 alignright\" src=\"https:\/\/i0.wp.com\/www.o-p-i.fr\/parlonsen\/wp-content\/uploads\/IMG-festival-theatre-2025-genebriere.jpg?resize=476%2C336&#038;ssl=1\" alt=\"\" width=\"476\" height=\"336\" srcset=\"https:\/\/i0.wp.com\/www.o-p-i.fr\/parlonsen\/wp-content\/uploads\/IMG-festival-theatre-2025-genebriere.jpg?resize=300%2C212&amp;ssl=1 300w, https:\/\/i0.wp.com\/www.o-p-i.fr\/parlonsen\/wp-content\/uploads\/IMG-festival-theatre-2025-genebriere.jpg?resize=1024%2C724&amp;ssl=1 1024w, https:\/\/i0.wp.com\/www.o-p-i.fr\/parlonsen\/wp-content\/uploads\/IMG-festival-theatre-2025-genebriere.jpg?resize=768%2C543&amp;ssl=1 768w, https:\/\/i0.wp.com\/www.o-p-i.fr\/parlonsen\/wp-content\/uploads\/IMG-festival-theatre-2025-genebriere.jpg?resize=1536%2C1086&amp;ssl=1 1536w, https:\/\/i0.wp.com\/www.o-p-i.fr\/parlonsen\/wp-content\/uploads\/IMG-festival-theatre-2025-genebriere.jpg?w=1600&amp;ssl=1 1600w\" sizes=\"auto, (max-width: 476px) 100vw, 476px\" \/>Trois jours de th\u00e9\u00e2tre avec trois troupes amateurs ravies de vous embarquer dans divers univers : la com\u00e9die, la po\u00e9sie, l&rsquo;histoire, la chanson&#8230;<\/p>\n<p>Festival organis\u00e9 par la troupe locale, LES TRETEAUX DE LA TAUGE<\/p>\n<p>Pour tout public. Participation libre, mais n\u00e9cessaire !<\/p>\n<h2>De quelle heure \u00e0 quelle heure ?<\/h2>\n<p>21h \u00e0 23h<\/p>\n<h2>Adresse de l&rsquo;\u00e9v\u00e8nement<\/h2>\n<p>Salle des f\u00eates de G\u00e9n\u00e9bri\u00e8res<\/p>\n<h2>Tarif unique<\/h2>\n<p>Participation libre mais n\u00e9cessaire<\/p>\n<h2>Organisateur de l&rsquo;\u00e9v\u00e8nement<\/h2>\n<p>LES TRETEAUX DE LA TAUGE<\/p>\n<h2>Personne \/ Organisation \u00e0 contacter<\/h2>\n<p>GARDES Anne vice-pr\u00e9sidente<\/p>\n<h2>Adresse<\/h2>\n<p>3 RUE DU 19 MARS 1962 82800 BIOULE<\/p>\n<h2>T\u00e9l\u00e9phone<\/h2>\n<p>06 84 23 44 39<\/p>\n<h2>Courriel<\/h2>\n<p><a href=\"mailto:annegardes56@gmail.com\">annegardes56@gmail.com<\/a><\/p>\n<p><em>Information transmise par M. GARDES, l&rsquo;organisateur de l&rsquo;\u00e9v\u00e8nement<\/em><\/p>\n","protected":false},"excerpt":{"rendered":"<div class=\"mh-excerpt\">Du vendredi 31 octobre au dimanche 02 novembre<\/div>\n","protected":false},"author":9,"featured_media":66575,"comment_status":"open","ping_status":"open","sticky":false,"template":"","format":"standard","meta":{"om_disable_all_campaigns":false,"advanced_seo_description":"","jetpack_seo_html_title":"","jetpack_seo_noindex":false,"_jetpack_memberships_contains_paid_content":false,"footnotes":"","_links_to":"","_links_to_target":""},"categories":[1,29,54,6389,6390],"tags":[2638,4688,6494],"class_list":{"0":"post-66572","1":"post","2":"type-post","3":"status-publish","4":"format-standard","5":"has-post-thumbnail","7":"category-culture","8":"category-genebrieres","9":"category-loisirs","10":"category-n235-octobre-2025","11":"category-n236-novembre-2025","12":"tag-les-treteaux-de-la-tauge","13":"tag-festival-theatre","14":"tag-s4425"},"jetpack_featured_media_url":"https:\/\/i0.wp.com\/www.o-p-i.fr\/parlonsen\/wp-content\/uploads\/affiche-festival-theatre-2025-genebriere.jpg?fit=1131%2C1600&ssl=1","views":"","jetpack_likes_enabled":true,"jetpack_sharing_enabled":true,"jetpack_shortlink":"https:\/\/wp.me\/pg7Wxj-hjK","jetpack-related-posts":[],"_links":{"self":[{"href":"https:\/\/www.o-p-i.fr\/parlonsen\/wp-json\/wp\/v2\/posts\/66572","targetHints":{"allow":["GET"]}}],"collection":[{"href":"https:\/\/www.o-p-i.fr\/parlonsen\/wp-json\/wp\/v2\/posts"}],"about":[{"href":"https:\/\/www.o-p-i.fr\/parlonsen\/wp-json\/wp\/v2\/types\/post"}],"author":[{"embeddable":true,"href":"https:\/\/www.o-p-i.fr\/parlonsen\/wp-json\/wp\/v2\/users\/9"}],"replies":[{"embeddable":true,"href":"https:\/\/www.o-p-i.fr\/parlonsen\/wp-json\/wp\/v2\/comments?post=66572"}],"version-history":[{"count":0,"href":"https:\/\/www.o-p-i.fr\/parlonsen\/wp-json\/wp\/v2\/posts\/66572\/revisions"}],"wp:featuredmedia":[{"embeddable":true,"href":"https:\/\/www.o-p-i.fr\/parlonsen\/wp-json\/wp\/v2\/media\/66575"}],"wp:attachment":[{"href":"https:\/\/www.o-p-i.fr\/parlonsen\/wp-json\/wp\/v2\/media?parent=66572"}],"wp:term":[{"taxonomy":"category","embeddable":true,"href":"https:\/\/www.o-p-i.fr\/parlonsen\/wp-json\/wp\/v2\/categories?post=66572"},{"taxonomy":"post_tag","embeddable":true,"href":"https:\/\/www.o-p-i.fr\/parlonsen\/wp-json\/wp\/v2\/tags?post=66572"}],"curies":[{"name":"wp","href":"https:\/\/api.w.org\/{rel}","templated":true}]}}