{"id":66581,"date":"2025-10-09T00:43:10","date_gmt":"2025-10-08T22:43:10","guid":{"rendered":"https:\/\/www.o-p-i.fr\/parlonsen\/?p=66581"},"modified":"2025-11-20T09:49:30","modified_gmt":"2025-11-20T08:49:30","slug":"vide-grenier-vide-ta-chambre-a-salvagnac-81","status":"publish","type":"post","link":"https:\/\/www.o-p-i.fr\/parlonsen\/parlons-en\/pratique\/vide-grenier-vide-ta-chambre-a-salvagnac-81\/","title":{"rendered":"Vide grenier \/ Vide ta chambre &#8230; \u00e0 Salvagnac (81)"},"content":{"rendered":"<p><strong>Dimanche 23 novembre 2025<\/strong><!--more--><\/p>\n<p><img data-recalc-dims=\"1\" loading=\"lazy\" decoding=\"async\" class=\" wp-image-66585 alignright\" src=\"https:\/\/i0.wp.com\/www.o-p-i.fr\/parlonsen\/wp-content\/uploads\/2025-vide-grenier-ape-canta-grelh-salvagnac.png?resize=376%2C540&#038;ssl=1\" alt=\"\" width=\"376\" height=\"540\" srcset=\"https:\/\/i0.wp.com\/www.o-p-i.fr\/parlonsen\/wp-content\/uploads\/2025-vide-grenier-ape-canta-grelh-salvagnac.png?resize=209%2C300&amp;ssl=1 209w, https:\/\/i0.wp.com\/www.o-p-i.fr\/parlonsen\/wp-content\/uploads\/2025-vide-grenier-ape-canta-grelh-salvagnac.png?w=437&amp;ssl=1 437w\" sizes=\"auto, (max-width: 376px) 100vw, 376px\" \/>Venez faire de la place dans vos placards pour vous offrir de jolis cadeaux de No\u00ebl !<\/p>\n<p>Animations de No\u00ebl (vin chaud, marrons chaud,&#8230;), stand photo de No\u00ebm, restauration sur place, jeux en bois,&#8230;<\/p>\n<p>Concours du plus beau dessin de No\u00ebl sur place, avec un cadeau \u00e0 la cl\u00e9 !<\/p>\n<p>Ambiance de No\u00ebl garantie !<\/p>\n<p>Informations pour les exposants :<\/p>\n<p>3\u20ac le m\/lin\u00e9aire, table et chaises fournies (2m minimum de r\u00e9servation)<\/p>\n<p>R\u00e9servation par t\u00e9l\u00e9phone ou par e-mail.<\/p>\n<p>Arriv\u00e9e des exposants : \u00e0 partir de 7h<\/p>\n<h2>De quelle heure \u00e0 quelle heure ?<\/h2>\n<p>De 8h30 \u00e0 17h<\/p>\n<h2>Adresse de l&rsquo;\u00e9v\u00e8nement<\/h2>\n<p>Chemin du Buc (Salle Omnisports), 81630 SALVAGNAC<\/p>\n<h2>Tarif unique<\/h2>\n<p>Entr\u00e9e gratuite<\/p>\n<h2>Organisateur de l&rsquo;\u00e9n\u00e8vement<\/h2>\n<p>APE Canta Grelh<\/p>\n<h2>Personne \/ Organisation \u00e0 contacter<\/h2>\n<p>APE Canta Grelh<\/p>\n<h2>Adresse<\/h2>\n<p>2 rue de l&rsquo;\u00c9cole 81630 Salvagnac<\/p>\n<h2>T\u00e9l\u00e9phone<\/h2>\n<p>0676232917<\/p>\n<h2>Courriel<\/h2>\n<p><a href=\"mailto:cantagrelh.ape@gmail.com\">cantagrelh.ape@gmail.com<\/a><\/p>\n<p><em>Information transmise par APE Cantagrelh, l&rsquo;organisateur de l&rsquo;\u00e9v\u00e8nement<\/em><\/p>\n","protected":false},"excerpt":{"rendered":"<div class=\"mh-excerpt\">Dimanche 23 novembre 2025<\/div>\n","protected":false},"author":9,"featured_media":53949,"comment_status":"open","ping_status":"open","sticky":false,"template":"","format":"standard","meta":{"om_disable_all_campaigns":false,"advanced_seo_description":"","jetpack_seo_html_title":"","jetpack_seo_noindex":false,"_jetpack_memberships_contains_paid_content":false,"footnotes":"","_links_to":"","_links_to_target":""},"categories":[6,25,6390],"tags":[3088,3328,3388,6518],"class_list":{"0":"post-66581","1":"post","2":"type-post","3":"status-publish","4":"format-standard","5":"has-post-thumbnail","7":"category-pratique","8":"category-salvagnac","9":"category-n236-novembre-2025","10":"tag-ape-canta-grelh","11":"tag-vide-greniers","12":"tag-vide-ta-chambre","13":"tag-s4725"},"jetpack_featured_media_url":"https:\/\/i0.wp.com\/www.o-p-i.fr\/parlonsen\/wp-content\/uploads\/vide-grenier-logo.jpg?fit=170%2C128&ssl=1","views":"","jetpack_likes_enabled":true,"jetpack_sharing_enabled":true,"jetpack_shortlink":"https:\/\/wp.me\/pg7Wxj-hjT","jetpack-related-posts":[],"_links":{"self":[{"href":"https:\/\/www.o-p-i.fr\/parlonsen\/wp-json\/wp\/v2\/posts\/66581","targetHints":{"allow":["GET"]}}],"collection":[{"href":"https:\/\/www.o-p-i.fr\/parlonsen\/wp-json\/wp\/v2\/posts"}],"about":[{"href":"https:\/\/www.o-p-i.fr\/parlonsen\/wp-json\/wp\/v2\/types\/post"}],"author":[{"embeddable":true,"href":"https:\/\/www.o-p-i.fr\/parlonsen\/wp-json\/wp\/v2\/users\/9"}],"replies":[{"embeddable":true,"href":"https:\/\/www.o-p-i.fr\/parlonsen\/wp-json\/wp\/v2\/comments?post=66581"}],"version-history":[{"count":1,"href":"https:\/\/www.o-p-i.fr\/parlonsen\/wp-json\/wp\/v2\/posts\/66581\/revisions"}],"predecessor-version":[{"id":67656,"href":"https:\/\/www.o-p-i.fr\/parlonsen\/wp-json\/wp\/v2\/posts\/66581\/revisions\/67656"}],"wp:featuredmedia":[{"embeddable":true,"href":"https:\/\/www.o-p-i.fr\/parlonsen\/wp-json\/wp\/v2\/media\/53949"}],"wp:attachment":[{"href":"https:\/\/www.o-p-i.fr\/parlonsen\/wp-json\/wp\/v2\/media?parent=66581"}],"wp:term":[{"taxonomy":"category","embeddable":true,"href":"https:\/\/www.o-p-i.fr\/parlonsen\/wp-json\/wp\/v2\/categories?post=66581"},{"taxonomy":"post_tag","embeddable":true,"href":"https:\/\/www.o-p-i.fr\/parlonsen\/wp-json\/wp\/v2\/tags?post=66581"}],"curies":[{"name":"wp","href":"https:\/\/api.w.org\/{rel}","templated":true}]}}