{"id":66587,"date":"2025-10-09T00:59:43","date_gmt":"2025-10-08T22:59:43","guid":{"rendered":"https:\/\/www.o-p-i.fr\/parlonsen\/?p=66587"},"modified":"2025-10-09T01:04:16","modified_gmt":"2025-10-08T23:04:16","slug":"brunch-lecture-a-salvagnac-81-39","status":"publish","type":"post","link":"https:\/\/www.o-p-i.fr\/parlonsen\/parlons-en\/culture\/brunch-lecture-a-salvagnac-81-39\/","title":{"rendered":"Brunch lecture &#8230;\u00e0 Salvagnac (81)"},"content":{"rendered":"<p><strong>Dimanche 12 octobre 2025<\/strong>, \u00e0 10h.30 \u00e0 l&rsquo;Ecrin<!--more--><\/p>\n<h3 style=\"text-align: center;\"><img data-recalc-dims=\"1\" loading=\"lazy\" decoding=\"async\" class=\"alignright wp-image-35944\" src=\"https:\/\/i0.wp.com\/www.o-p-i.fr\/parlonsen\/wp-content\/uploads\/BRUNCH.jpg?resize=450%2C243&#038;ssl=1\" alt=\"\" width=\"450\" height=\"243\" srcset=\"https:\/\/i0.wp.com\/www.o-p-i.fr\/parlonsen\/wp-content\/uploads\/BRUNCH.jpg?w=185&amp;ssl=1 185w, https:\/\/i0.wp.com\/www.o-p-i.fr\/parlonsen\/wp-content\/uploads\/BRUNCH.jpg?resize=150%2C81&amp;ssl=1 150w\" sizes=\"auto, (max-width: 450px) 100vw, 450px\" \/><\/h3>\n<p>Ch\u00e8res et chers adh\u00e9rentes et adh\u00e9rents l&rsquo;Association Culturelle du Pays Salvagnacois<\/p>\n<p><b>Dimanche 12 octobre<\/b>, nous vous convions \u00e0 un brunch lecture en deux parties<\/p>\n<p>Le traditionnel \u00e9change sur les coups de c\u0153ur (ou non) de nos lectures,<\/p>\n<p>Et une pr\u00e9sentation par l&rsquo;auteur, de son livre \u00ab\u00a0les chemins vers la rose\u00a0\u00bb d&rsquo;Am\u00e9d\u00e9e Malleret :<\/p>\n<p>r\u00e9cit autobiographique et r\u00e9flexions sur les lois de la Nature.<\/p>\n<p>Il y aura bien s\u00fbr un caf\u00e9\/th\u00e9 avec douceurs\u00a0 : toujours<b> \u00e0 partir de 10h30 \u00e0 l&rsquo;Ecrin<\/b> !<\/p>\n<p>A tr\u00e8s bient\u00f4t, l&rsquo;\u00e9quipe de b\u00e9n\u00e9voles.<\/p>\n<p>&nbsp;<\/p>\n<p><img data-recalc-dims=\"1\" loading=\"lazy\" decoding=\"async\" class=\"size-full wp-image-45520 alignleft\" src=\"https:\/\/i0.wp.com\/www.o-p-i.fr\/parlonsen\/wp-content\/uploads\/biblio.jpg?resize=283%2C198&#038;ssl=1\" alt=\"\" width=\"283\" height=\"198\" srcset=\"https:\/\/i0.wp.com\/www.o-p-i.fr\/parlonsen\/wp-content\/uploads\/biblio.jpg?w=283&amp;ssl=1 283w, https:\/\/i0.wp.com\/www.o-p-i.fr\/parlonsen\/wp-content\/uploads\/biblio.jpg?resize=150%2C105&amp;ssl=1 150w\" sizes=\"auto, (max-width: 283px) 100vw, 283px\" \/><\/p>\n<p><strong>Biblioth\u00e8que du Pays Salvagnacois<\/strong><\/p>\n<p>mercredi de 10h \u00e0 12h30<br \/>\nvendredi de 17h \u00e0 19h<br \/>\ndimanche de10h \u00e0 12h30<\/p>\n<p>&nbsp;<\/p>\n<p><em>Information communiqu\u00e9e par Arlette MALLERET<\/em><\/p>\n<p><a href=\"http:\/\/www.o-p-i.fr\/parlonsen\/agenda\/\">Retrouvez tous les \u00e9v\u00e9nements dans l&rsquo;agenda !<\/a><\/p>\n","protected":false},"excerpt":{"rendered":"<div class=\"mh-excerpt\">Dimanche 12 octobre 2025, \u00e0 10h.30 \u00e0 l&rsquo;Ecrin<\/div>\n","protected":false},"author":9,"featured_media":56805,"comment_status":"open","ping_status":"open","sticky":false,"template":"","format":"standard","meta":{"om_disable_all_campaigns":false,"advanced_seo_description":"","jetpack_seo_html_title":"","jetpack_seo_noindex":false,"_jetpack_memberships_contains_paid_content":false,"footnotes":"","_links_to":"","_links_to_target":""},"categories":[1,6389,25],"tags":[94,6483,6485],"class_list":{"0":"post-66587","1":"post","2":"type-post","3":"status-publish","4":"format-standard","5":"has-post-thumbnail","7":"category-culture","8":"category-n235-octobre-2025","9":"category-salvagnac","10":"tag-lecture","11":"tag-s4125","12":"tag-bibliotheque-du-pays-salvagnacois"},"jetpack_featured_media_url":"https:\/\/i0.wp.com\/www.o-p-i.fr\/parlonsen\/wp-content\/uploads\/lecture-3.jpg?fit=425%2C390&ssl=1","views":"","jetpack_likes_enabled":true,"jetpack_sharing_enabled":true,"jetpack_shortlink":"https:\/\/wp.me\/pg7Wxj-hjZ","jetpack-related-posts":[],"_links":{"self":[{"href":"https:\/\/www.o-p-i.fr\/parlonsen\/wp-json\/wp\/v2\/posts\/66587","targetHints":{"allow":["GET"]}}],"collection":[{"href":"https:\/\/www.o-p-i.fr\/parlonsen\/wp-json\/wp\/v2\/posts"}],"about":[{"href":"https:\/\/www.o-p-i.fr\/parlonsen\/wp-json\/wp\/v2\/types\/post"}],"author":[{"embeddable":true,"href":"https:\/\/www.o-p-i.fr\/parlonsen\/wp-json\/wp\/v2\/users\/9"}],"replies":[{"embeddable":true,"href":"https:\/\/www.o-p-i.fr\/parlonsen\/wp-json\/wp\/v2\/comments?post=66587"}],"version-history":[{"count":0,"href":"https:\/\/www.o-p-i.fr\/parlonsen\/wp-json\/wp\/v2\/posts\/66587\/revisions"}],"wp:featuredmedia":[{"embeddable":true,"href":"https:\/\/www.o-p-i.fr\/parlonsen\/wp-json\/wp\/v2\/media\/56805"}],"wp:attachment":[{"href":"https:\/\/www.o-p-i.fr\/parlonsen\/wp-json\/wp\/v2\/media?parent=66587"}],"wp:term":[{"taxonomy":"category","embeddable":true,"href":"https:\/\/www.o-p-i.fr\/parlonsen\/wp-json\/wp\/v2\/categories?post=66587"},{"taxonomy":"post_tag","embeddable":true,"href":"https:\/\/www.o-p-i.fr\/parlonsen\/wp-json\/wp\/v2\/tags?post=66587"}],"curies":[{"name":"wp","href":"https:\/\/api.w.org\/{rel}","templated":true}]}}