{"id":66610,"date":"2025-10-09T12:34:11","date_gmt":"2025-10-09T10:34:11","guid":{"rendered":"https:\/\/www.o-p-i.fr\/parlonsen\/?p=66610"},"modified":"2025-11-26T23:52:37","modified_gmt":"2025-11-26T22:52:37","slug":"lamichemin-concert-kurdan-project-a-monclar-82","status":"publish","type":"post","link":"https:\/\/www.o-p-i.fr\/parlonsen\/parlons-en\/culture\/lamichemin-concert-kurdan-project-a-monclar-82\/","title":{"rendered":"LaMICHEmin &#8211; Concert K\u00fcrdan Project ! &#8230; \u00e0 Monclar (82)"},"content":{"rendered":"<div class=\"tribe-events-single-event-description tribe-events-content\">\n<p><strong>Jeudi 9 Octobre 2025<\/strong>, \u00e0\u00a0 20h<!--more--><\/p>\n<div class=\"tribe-events-single-event-description tribe-events-content\">\n<p><img data-recalc-dims=\"1\" loading=\"lazy\" decoding=\"async\" class=\" alignright\" src=\"https:\/\/i0.wp.com\/www.lamichemin.fr\/wp-content\/uploads\/2025\/09\/kurdanproject-1-1024x576.jpg?resize=476%2C268&#038;ssl=1\" width=\"476\" height=\"268\" \/>Rendez vous <strong>Jeudi 9 Octobre 2025<\/strong>, \u00e0\u00a0 20h \u00e0 l\u2019aMICHEmin. Petite restauration sur place !<\/p>\n<p>K\u00fcrdan Project\u2026 Le cure-dent, ce petit b\u00e2tonnet que nous connaissons tous s\u2019est nich\u00e9 dans la langue turque !<br \/>\nAussi fin qu\u2019un air siffl\u00e9 venu d\u2019un orient lointain\u2026 Le projet K\u00fcrdan est n\u00e9 de l\u2019envie de vous partager ces musiques dont l\u2019\u00e9picentre est la Turquie. Un r\u00e9pertoire t\u00e9moignant d\u2019une richesse culturelle exceptionnelle autant kurde, turque, que persane et grecque, carrefour entre l\u2019Asie centrale et la M\u00e9diterran\u00e9e. Alliant musique traditionnelle et rock m\u00e9tiss\u00e9, nous voyagerons dans un monde fait de rythmes impairs et de m\u00e9lodies parfois m\u00e9ditatives, parfois \u00e9piques !<\/p>\n<p>Des chants remplis d\u2019amour et d\u2019ivresse vous entra\u00eenerons dans une chevauch\u00e9e lointaine des plaines d\u2019Anatolie jusqu\u2019aux sombres tavernes du port d\u2019Ath\u00e8nes, en passant par les joyaux de l\u2019ancienne Perse.<\/p>\n<blockquote><p><strong>K\u00fcrdan Project<\/strong><br \/>\nIsabelle Bourgu\u00e9tou : Chant, Percussions<br \/>\nAdrien Galaret : Oud, Set\u00e2r<br \/>\nLionel Banevicz : Basse, Percussions loop\u00e9es, Saz<\/p><\/blockquote>\n<div class=\"jetpack-video-wrapper\"><iframe title=\"Teaser K\u00fcrdan Project\" src=\"https:\/\/www.youtube.com\/embed\/oLcCPPKle3U?feature=oembed\" frameborder=\"0\" allowfullscreen=\"allowfullscreen\" data-ratio=\"0.5630952380952381\" data-width=\"840\" data-height=\"473\"><\/iframe><\/div>\n<p>INFOS PRATIQUES<br \/>\n\ud83d\udd96\ud83c\udffc Ouvert \u00e0 tous\u00b7tes<br \/>\n\ud83d\udd0e L\u2019aMICHEmin, int\u00e9rieur<br \/>\n\ud83d\udcb6 Participation au chapeau<\/p>\n<p>PETITE RESTAURATION<br \/>\n\u23f0 Service de 19h00 \u00e0 20h00.<br \/>\n\ud83d\udcb6 Pizza \u00e0 partir de 10,00 \u20ac (<a href=\"https:\/\/partage.lamichemin.fr\/apps\/forms\/s\/dHt4MgX7Qe6wGiQb23rJM7fR\" target=\"_blank\" rel=\"noopener\">r\u00e9serve ta pizza !<\/a>)<br \/>\n\ud83d\uddfa Produits majoritairement issus du Pays du Tescou<br \/>\n\ud83e\udd6c 100% BIO<\/p>\n<\/div>\n<\/div>\n","protected":false},"excerpt":{"rendered":"<div class=\"mh-excerpt\">Jeudi 9 Octobre 2025, \u00e0\u00a0 20h<\/div>\n","protected":false},"author":9,"featured_media":55823,"comment_status":"open","ping_status":"open","sticky":false,"template":"","format":"standard","meta":{"om_disable_all_campaigns":false,"advanced_seo_description":"","jetpack_seo_html_title":"","jetpack_seo_noindex":false,"_jetpack_memberships_contains_paid_content":false,"footnotes":"","_links_to":"","_links_to_target":""},"categories":[1,54,16,6389],"tags":[4936,5164,6340,6483,132,2020],"class_list":{"0":"post-66610","1":"post","2":"type-post","3":"status-publish","4":"format-standard","5":"has-post-thumbnail","7":"category-culture","8":"category-loisirs","9":"category-monclar","10":"category-n235-octobre-2025","11":"tag-cafe-associatif","12":"tag-lamichemin","13":"tag-a-la-une","14":"tag-s4125","15":"tag-spectacle","16":"tag-cafe-concert"},"jetpack_featured_media_url":"https:\/\/i0.wp.com\/www.o-p-i.fr\/parlonsen\/wp-content\/uploads\/lamichemin-en-tete.jpeg?fit=836%2C448&ssl=1","views":{"total":18,"cached_at":"","cached_date":1738518353},"jetpack_likes_enabled":true,"jetpack_sharing_enabled":true,"jetpack_shortlink":"https:\/\/wp.me\/pg7Wxj-hkm","jetpack-related-posts":[],"_links":{"self":[{"href":"https:\/\/www.o-p-i.fr\/parlonsen\/wp-json\/wp\/v2\/posts\/66610","targetHints":{"allow":["GET"]}}],"collection":[{"href":"https:\/\/www.o-p-i.fr\/parlonsen\/wp-json\/wp\/v2\/posts"}],"about":[{"href":"https:\/\/www.o-p-i.fr\/parlonsen\/wp-json\/wp\/v2\/types\/post"}],"author":[{"embeddable":true,"href":"https:\/\/www.o-p-i.fr\/parlonsen\/wp-json\/wp\/v2\/users\/9"}],"replies":[{"embeddable":true,"href":"https:\/\/www.o-p-i.fr\/parlonsen\/wp-json\/wp\/v2\/comments?post=66610"}],"version-history":[{"count":1,"href":"https:\/\/www.o-p-i.fr\/parlonsen\/wp-json\/wp\/v2\/posts\/66610\/revisions"}],"predecessor-version":[{"id":67703,"href":"https:\/\/www.o-p-i.fr\/parlonsen\/wp-json\/wp\/v2\/posts\/66610\/revisions\/67703"}],"wp:featuredmedia":[{"embeddable":true,"href":"https:\/\/www.o-p-i.fr\/parlonsen\/wp-json\/wp\/v2\/media\/55823"}],"wp:attachment":[{"href":"https:\/\/www.o-p-i.fr\/parlonsen\/wp-json\/wp\/v2\/media?parent=66610"}],"wp:term":[{"taxonomy":"category","embeddable":true,"href":"https:\/\/www.o-p-i.fr\/parlonsen\/wp-json\/wp\/v2\/categories?post=66610"},{"taxonomy":"post_tag","embeddable":true,"href":"https:\/\/www.o-p-i.fr\/parlonsen\/wp-json\/wp\/v2\/tags?post=66610"}],"curies":[{"name":"wp","href":"https:\/\/api.w.org\/{rel}","templated":true}]}}