{"id":66613,"date":"2025-10-09T12:42:46","date_gmt":"2025-10-09T10:42:46","guid":{"rendered":"https:\/\/www.o-p-i.fr\/parlonsen\/?p=66613"},"modified":"2025-10-10T14:41:54","modified_gmt":"2025-10-10T12:41:54","slug":"la-benoite-urbaine","status":"publish","type":"post","link":"https:\/\/www.o-p-i.fr\/parlonsen\/parlons-en\/editorial\/la-benoite-urbaine\/","title":{"rendered":"La beno\u00eete urbaine, parfum cach\u00e9 de la for\u00eat."},"content":{"rendered":"<div>\n<p><img data-recalc-dims=\"1\" loading=\"lazy\" decoding=\"async\" class=\" wp-image-66628 alignright\" src=\"https:\/\/i0.wp.com\/www.o-p-i.fr\/parlonsen\/wp-content\/uploads\/2025-09-10-photo-edito-benoite-urbaine.jpg?resize=431%2C431&#038;ssl=1\" alt=\"\" width=\"431\" height=\"431\" srcset=\"https:\/\/i0.wp.com\/www.o-p-i.fr\/parlonsen\/wp-content\/uploads\/2025-09-10-photo-edito-benoite-urbaine-scaled.jpg?resize=300%2C300&amp;ssl=1 300w, https:\/\/i0.wp.com\/www.o-p-i.fr\/parlonsen\/wp-content\/uploads\/2025-09-10-photo-edito-benoite-urbaine-scaled.jpg?resize=1024%2C1024&amp;ssl=1 1024w, https:\/\/i0.wp.com\/www.o-p-i.fr\/parlonsen\/wp-content\/uploads\/2025-09-10-photo-edito-benoite-urbaine-scaled.jpg?resize=50%2C50&amp;ssl=1 50w, https:\/\/i0.wp.com\/www.o-p-i.fr\/parlonsen\/wp-content\/uploads\/2025-09-10-photo-edito-benoite-urbaine-scaled.jpg?resize=768%2C768&amp;ssl=1 768w, https:\/\/i0.wp.com\/www.o-p-i.fr\/parlonsen\/wp-content\/uploads\/2025-09-10-photo-edito-benoite-urbaine-scaled.jpg?resize=1536%2C1536&amp;ssl=1 1536w, https:\/\/i0.wp.com\/www.o-p-i.fr\/parlonsen\/wp-content\/uploads\/2025-09-10-photo-edito-benoite-urbaine-scaled.jpg?resize=2048%2C2048&amp;ssl=1 2048w, https:\/\/i0.wp.com\/www.o-p-i.fr\/parlonsen\/wp-content\/uploads\/2025-09-10-photo-edito-benoite-urbaine-scaled.jpg?resize=375%2C375&amp;ssl=1 375w\" sizes=\"auto, (max-width: 431px) 100vw, 431px\" \/><\/p>\n<p>Au bord des bois et dans les friches ensoleill\u00e9es, la beno\u00eete urbaine (Geum urbanum) s\u2019\u00e9l\u00e8ve discr\u00e8te, \u00e9clat dor\u00e9 dans l\u2019ombre. Sa tige fine et velue porte de petites corolles jaunes qui s\u2019ouvrent du printemps \u00e0 l\u2019automne. Ses fruits crochus s\u2019agrippent aux b\u00eates de passage, tandis que ses racines froiss\u00e9es lib\u00e8rent un souffle \u00e9pic\u00e9, secret enfoui du sol.<\/p>\n<p>Au printemps, ses jeunes feuilles, encore tendres, apportent aux salades une note verte et l\u00e9g\u00e8re, vite effac\u00e9e par l\u2019\u00e2pret\u00e9 des tanins qui s\u2019imposent avec la saison. Ses racines, elles, ont travers\u00e9 les si\u00e8cles: infus\u00e9es dans le vin ou la bi\u00e8re, elles r\u00e9chauffaient de leur ar\u00f4me d\u2019\u00e9pices; gliss\u00e9es dans les sauces, elles rappelaient discr\u00e8tement la for\u00eat \u00e0 la table des hommes.<\/p>\n<p>Dans les savoirs anciens, la beno\u00eete offrait davantage encore. Feuilles et rhizome, riches en tanins et en huiles essentielles, calmaient fi\u00e8vres et diarrh\u00e9es, refermaient les plaies, apaisaient la gorge, soulageaient l\u2019estomac. L\u2019herbe de saint Beno\u00eet accompagnait soldats, gu\u00e9risseurs et voyageurs, alli\u00e9e discr\u00e8te des corps \u00e9prouv\u00e9s et des routes incertaines.<\/p>\n<p>Aujourd\u2019hui, elle nous rappelle que la beaut\u00e9 se niche dans l\u2019humble et le quotidien. Elle invite \u00e0 regarder autrement les plantes communes qui bordent nos chemins, car chacune porte en elle un \u00e9clat de m\u00e9moire et de vie.<\/p>\n<div>\n<p dir=\"ltr\"><div class=\"card\" style=\"width: 350px;\">\r\n<div class=\"card-body\">\r\n<h3 class=\"card-title text-center bg-light\">Fiche Auteur<\/h3>\r\n<a href=\"https:\/\/www.o-p-i.fr\/7alire\/nicolas-duivon\/nicolas-duivon-auteur\/\" target=\"_blank\" rel=\"noopener\">\r\n<img data-recalc-dims=\"1\" decoding=\"async\" class=\"card-img\" src=\"https:\/\/i0.wp.com\/www.o-p-i.fr\/7alire\/wp-content\/uploads\/2025-photo-auteur-nicolas-duivon-scaled-e1765108565599.jpg?ssl=1\" alt=\"Nicolas Duivon\" \/><\/a>\r\n<p class=\"card-text\">Nicolas Duivon<\/p>\r\n<a class=\"btn btn-primary\" href=\"https:\/\/www.o-p-i.fr\/7alire\/nicolas-duivon\/nicolas-duivon-auteur\/\" target=\"_blank\" rel=\"noopener\">Auteur Nicolas Duivon<i class=\"fa-solid fa-arrow-up-right-from-square\"><\/i><\/a>\r\n\r\n<\/div>\r\n<\/div><\/p>\n<p dir=\"ltr\">12 vues<\/p>\n<\/div>\n<\/div>\n","protected":false},"excerpt":{"rendered":"<div class=\"mh-excerpt\">Au bord des bois et dans les friches ensoleill\u00e9es, la beno\u00eete urbaine (Geum urbanum) s\u2019\u00e9l\u00e8ve discr\u00e8te, \u00e9clat dor\u00e9 dans l\u2019ombre. Sa tige fine et velue porte de petites corolles jaunes qui s\u2019ouvrent du printemps \u00e0 <a class=\"mh-excerpt-more\" href=\"https:\/\/www.o-p-i.fr\/parlonsen\/parlons-en\/editorial\/la-benoite-urbaine\/\" title=\"La beno\u00eete urbaine, parfum cach\u00e9 de la for\u00eat.\">[&#8230;]<\/a><\/div>\n","protected":false},"author":9,"featured_media":66628,"comment_status":"open","ping_status":"open","sticky":false,"template":"","format":"standard","meta":{"om_disable_all_campaigns":false,"advanced_seo_description":"","jetpack_seo_html_title":"","jetpack_seo_noindex":false,"_jetpack_memberships_contains_paid_content":false,"footnotes":"","_links_to":"","_links_to_target":""},"categories":[36,6389],"tags":[105,2944],"class_list":{"0":"post-66613","1":"post","2":"type-post","3":"status-publish","4":"format-standard","5":"has-post-thumbnail","7":"category-editorial","8":"category-n235-octobre-2025","9":"tag-nature","10":"tag-pantes-sauvages"},"jetpack_featured_media_url":"https:\/\/i0.wp.com\/www.o-p-i.fr\/parlonsen\/wp-content\/uploads\/2025-09-10-photo-edito-benoite-urbaine-scaled.jpg?fit=2560%2C2560&ssl=1","views":{"total":12,"cached_at":"","cached_date":1777553145},"jetpack_likes_enabled":true,"jetpack_sharing_enabled":true,"jetpack_shortlink":"https:\/\/wp.me\/pg7Wxj-hkp","jetpack-related-posts":[],"_links":{"self":[{"href":"https:\/\/www.o-p-i.fr\/parlonsen\/wp-json\/wp\/v2\/posts\/66613","targetHints":{"allow":["GET"]}}],"collection":[{"href":"https:\/\/www.o-p-i.fr\/parlonsen\/wp-json\/wp\/v2\/posts"}],"about":[{"href":"https:\/\/www.o-p-i.fr\/parlonsen\/wp-json\/wp\/v2\/types\/post"}],"author":[{"embeddable":true,"href":"https:\/\/www.o-p-i.fr\/parlonsen\/wp-json\/wp\/v2\/users\/9"}],"replies":[{"embeddable":true,"href":"https:\/\/www.o-p-i.fr\/parlonsen\/wp-json\/wp\/v2\/comments?post=66613"}],"version-history":[{"count":0,"href":"https:\/\/www.o-p-i.fr\/parlonsen\/wp-json\/wp\/v2\/posts\/66613\/revisions"}],"wp:featuredmedia":[{"embeddable":true,"href":"https:\/\/www.o-p-i.fr\/parlonsen\/wp-json\/wp\/v2\/media\/66628"}],"wp:attachment":[{"href":"https:\/\/www.o-p-i.fr\/parlonsen\/wp-json\/wp\/v2\/media?parent=66613"}],"wp:term":[{"taxonomy":"category","embeddable":true,"href":"https:\/\/www.o-p-i.fr\/parlonsen\/wp-json\/wp\/v2\/categories?post=66613"},{"taxonomy":"post_tag","embeddable":true,"href":"https:\/\/www.o-p-i.fr\/parlonsen\/wp-json\/wp\/v2\/tags?post=66613"}],"curies":[{"name":"wp","href":"https:\/\/api.w.org\/{rel}","templated":true}]}}