{"id":66632,"date":"2025-10-12T15:59:15","date_gmt":"2025-10-12T13:59:15","guid":{"rendered":"https:\/\/www.o-p-i.fr\/parlonsen\/?p=66632"},"modified":"2025-11-20T13:06:18","modified_gmt":"2025-11-20T12:06:18","slug":"les-journees-de-larrazet-82-2025","status":"publish","type":"post","link":"https:\/\/www.o-p-i.fr\/parlonsen\/parlons-en\/culture\/les-journees-de-larrazet-82-2025\/","title":{"rendered":"Les Journ\u00e9es de Larrazet (82) 2025"},"content":{"rendered":"<p><strong>Samedi 22 et dimanche 23 novembre 2025<\/strong><!--more--><\/p>\n<div class=\"textLayer\" tabindex=\"0\" data-main-rotation=\"0\"><span dir=\"ltr\" role=\"presentation\"><img data-recalc-dims=\"1\" loading=\"lazy\" decoding=\"async\" class=\" wp-image-66635 alignright\" src=\"https:\/\/i0.wp.com\/www.o-p-i.fr\/parlonsen\/wp-content\/uploads\/T_2073_Journees_de_Larrazet_2025.jpg?resize=427%2C604&#038;ssl=1\" alt=\"\" width=\"427\" height=\"604\" srcset=\"https:\/\/i0.wp.com\/www.o-p-i.fr\/parlonsen\/wp-content\/uploads\/T_2073_Journees_de_Larrazet_2025.jpg?resize=212%2C300&amp;ssl=1 212w, https:\/\/i0.wp.com\/www.o-p-i.fr\/parlonsen\/wp-content\/uploads\/T_2073_Journees_de_Larrazet_2025.jpg?w=585&amp;ssl=1 585w\" sizes=\"auto, (max-width: 427px) 100vw, 427px\" \/>Les Journ\u00e9es de Larrazet 2025 s\u2019inscri<\/span><span dir=\"ltr\" role=\"presentation\">ront , pour leur 41\u00b0 \u00e9dition, dans le cadre<\/span> <span dir=\"ltr\" role=\"presentation\">des 50 ans du Trait d\u2019Union, le journal de <\/span><span dir=\"ltr\" role=\"presentation\">notre commune. Ce sont les deux piliers <\/span><span dir=\"ltr\" role=\"presentation\">sur lesquels repose notre d\u00e9marche dans <\/span><span dir=\"ltr\" role=\"presentation\">leur fonction respective et compl\u00e9men<\/span><span dir=\"ltr\" role=\"presentation\">taire.<br \/>\n<\/span><br role=\"presentation\" \/><span dir=\"ltr\" role=\"presentation\">Le Trait d\u2019Union est immerg\u00e9 au plus <\/span><span dir=\"ltr\" role=\"presentation\">profond de la vie de la commune depuis <\/span><span dir=\"ltr\" role=\"presentation\">1975. Il collecte le savoir collectif, cultive <\/span><span dir=\"ltr\" role=\"presentation\">le lien et le dialogue, apporte une incom<\/span><span dir=\"ltr\" role=\"presentation\">parable respiration \u00e0 la vie de Larrazet et <\/span><span dir=\"ltr\" role=\"presentation\">participe \u00e0 sa r\u00e9invention permanente.<\/span><br \/>\n<br role=\"presentation\" \/><span dir=\"ltr\" role=\"presentation\">Les Journ\u00e9es de Larrazet de leur c\u00f4t\u00e9, <\/span><span dir=\"ltr\" role=\"presentation\">habitent et \u00e9clairent \u00e0 chaque \u00e9dition, <\/span><span dir=\"ltr\" role=\"presentation\">depuis 1983, le territoire d\u2019un sujet \u00e0 l\u2019in<\/span><span dir=\"ltr\" role=\"presentation\">terface du savant et du populaire . La <\/span><span dir=\"ltr\" role=\"presentation\">commune s\u2019\u00e9rige ainsi chaque ann\u00e9e en <\/span><span dir=\"ltr\" role=\"presentation\">sujet cr\u00e9ateur pour investir le grand large.<\/span><br role=\"presentation\" \/><span dir=\"ltr\" role=\"presentation\">Et c\u2019est tout naturellement, \u00e0 chaque an<\/span><span dir=\"ltr\" role=\"presentation\">niversaire du journal, tous les 10 ans, que<\/span> <span dir=\"ltr\" role=\"presentation\">le sujet<\/span> <span dir=\"ltr\" role=\"presentation\">des \u00ab<\/span> <span dir=\"ltr\" role=\"presentation\">identit\u00e9s communales<\/span> <span dir=\"ltr\" role=\"presentation\">\u00bb <\/span><span dir=\"ltr\" role=\"presentation\">s\u2019invite aux Journ\u00e9es de Larrazet.<\/span><br role=\"presentation\" \/><span dir=\"ltr\" role=\"presentation\">Ce<\/span> <span dir=\"ltr\" role=\"presentation\">d\u2019autant<\/span> <span dir=\"ltr\" role=\"presentation\">qu\u2019authentiquement <\/span><span dir=\"ltr\" role=\"presentation\">\u00e9bloui par l\u2019exp\u00e9rience \u00ab<\/span> <span dir=\"ltr\" role=\"presentation\">auto-p\u00e9dago<\/span><span dir=\"ltr\" role=\"presentation\">gique \u00bb du Trait d\u2019Union,<\/span> <span dir=\"ltr\" role=\"presentation\">F\u00e9lix Castan a<\/span> <span dir=\"ltr\" role=\"presentation\">fond\u00e9 en 1978 \u00e0 Montauban le forum des <\/span><span dir=\"ltr\" role=\"presentation\">\u00ab<\/span> <span dir=\"ltr\" role=\"presentation\">identit\u00e9s communales \u00bb dont Larrazet<\/span> <span dir=\"ltr\" role=\"presentation\">est devenu le si\u00e8ge permanent en 1987.<\/span><br role=\"presentation\" \/><span dir=\"ltr\" role=\"presentation\">Partout dans le monde, la commune <\/span><span dir=\"ltr\" role=\"presentation\">est la premi\u00e8re structure sociale \u00e0 port\u00e9e<\/span> <span dir=\"ltr\" role=\"presentation\">de main, le coeur de la vie des hommes, \u00ab<\/span> <span dir=\"ltr\" role=\"presentation\">le po\u00e8me de notre vie \u00bb.<\/span><br role=\"presentation\" \/><span dir=\"ltr\" role=\"presentation\">Comme chaque \u00eatre humain, aucune <\/span><span dir=\"ltr\" role=\"presentation\">commune n\u2019est semblable \u00e0 une autre. <\/span><span dir=\"ltr\" role=\"presentation\">Fran\u00e7ois Jullien nous rappelle que l\u2019uni<\/span><span dir=\"ltr\" role=\"presentation\">versel ce n\u2019est pas l\u2019uniforme avec les <\/span><span dir=\"ltr\" role=\"presentation\">\u00ab<\/span> <span dir=\"ltr\" role=\"presentation\">d\u00e9co\u00efncidences<\/span> <span dir=\"ltr\" role=\"presentation\">\u00bb qui sont garantes<\/span> <span dir=\"ltr\" role=\"presentation\">de la pluralit\u00e9 et du dialogue entre les<\/span> <span dir=\"ltr\" role=\"presentation\">hommes.<\/span><br role=\"presentation\" \/><span dir=\"ltr\" role=\"presentation\">C\u2019est pourquoi le forum r\u00e9fl\u00e9chit en <\/span><span dir=\"ltr\" role=\"presentation\">continu, depuis 1978, par quels chemins <\/span><span dir=\"ltr\" role=\"presentation\">et leviers les acteurs de la cit\u00e9, du village<\/span> <span dir=\"ltr\" role=\"presentation\">\u00e0 la ville, s\u2019impliquent dans leur lieu et en <\/span><span dir=\"ltr\" role=\"presentation\">font jaillir sa cr\u00e9ativit\u00e9. Fid\u00e8le en cela \u00e0<\/span> <span dir=\"ltr\" role=\"presentation\">l\u2019\u00e9nonc\u00e9 d\u2019Henri Mendras :\u00ab le grand m\u00e9<\/span><span dir=\"ltr\" role=\"presentation\">rite de la commune est qu\u2019elle descend <\/span><span dir=\"ltr\" role=\"presentation\">au plus finement de la soci\u00e9t\u00e9 \u00bb.<\/span><br role=\"presentation\" \/><span dir=\"ltr\" role=\"presentation\">F\u00e9lix Castan, quant \u00e0 lui,<\/span> <span dir=\"ltr\" role=\"presentation\">a parfaite<\/span><span dir=\"ltr\" role=\"presentation\">ment pos\u00e9 les bases et les principes de<\/span> <span dir=\"ltr\" role=\"presentation\">l\u2019action, de la p\u00e9dagogie collective. En<\/span> <span dir=\"ltr\" role=\"presentation\">rappelant que \u00ab<\/span> <span dir=\"ltr\" role=\"presentation\">l\u2019on touche toujours le<\/span> <span dir=\"ltr\" role=\"presentation\">sol quelque part. Toute action doit trou<\/span><span dir=\"ltr\" role=\"presentation\">ver un ancrage dans le r\u00e9el, plonger dans<\/span> <span dir=\"ltr\" role=\"presentation\">son village ou dans sa ville sans quoi elle <\/span><span dir=\"ltr\" role=\"presentation\">flotte \u00e0 la surface de la communaut\u00e9 hu<\/span><span dir=\"ltr\" role=\"presentation\">maine comme un nuage sur la plaine \u00bb.<\/span><br role=\"presentation\" \/><span dir=\"ltr\" role=\"presentation\">Mais sans oublier de clamer \u2013 ce qui <\/span><span dir=\"ltr\" role=\"presentation\">est souvent \u00e9lud\u00e9 \u2013 que l\u2019identit\u00e9 est une<\/span> <span dir=\"ltr\" role=\"presentation\">construction \u00ab l\u2019identit\u00e9 d\u2019une commune<\/span><br role=\"presentation\" \/><span dir=\"ltr\" role=\"presentation\">ne d\u00e9pend pas de la lumi\u00e8re de son ciel <\/span><span dir=\"ltr\" role=\"presentation\">mais de son \u00eatre agissant \u00bb. Subtile dia<\/span><span dir=\"ltr\" role=\"presentation\">lectique pour qu\u2019identit\u00e9 rime avec cr\u00e9a<\/span><span dir=\"ltr\" role=\"presentation\">tivit\u00e9 et pluralit\u00e9.<\/span><br role=\"presentation\" \/><span dir=\"ltr\" role=\"presentation\">Rien de plus inopportun qu\u2019id\u00e9aliser le <\/span><span dir=\"ltr\" role=\"presentation\">pass\u00e9 ou d\u00e9plorer ce qui se transforme ;<\/span> <span dir=\"ltr\" role=\"presentation\">mieux vaut comprendre ce qui se joue<\/span><br role=\"presentation\" \/><span dir=\"ltr\" role=\"presentation\">sous nos yeux et forger les r\u00e9ponses qui <\/span><span dir=\"ltr\" role=\"presentation\">conviennent \u00e0 l\u2019identit\u00e9 en marche de la<\/span> <span dir=\"ltr\" role=\"presentation\">cit\u00e9. En particulier les m\u00e9tamorphoses<\/span><br role=\"presentation\" \/><span dir=\"ltr\" role=\"presentation\">de l\u2019appartenance et du lien qui n\u2019an<\/span><span dir=\"ltr\" role=\"presentation\">nulent en rien l\u2019identit\u00e9 communale mais<\/span> <span dir=\"ltr\" role=\"presentation\">modifient les conditions et les modalit\u00e9s<\/span><br role=\"presentation\" \/><span dir=\"ltr\" role=\"presentation\">de son \u00e9mergence. Ce sera le coeur de la <\/span><span dir=\"ltr\" role=\"presentation\">nouvelle \u00e9dition de notre recherche &#8211; ac<\/span><span dir=\"ltr\" role=\"presentation\">tion le samedi 22 novembre qui se pro-<\/span><br role=\"presentation\" \/><span dir=\"ltr\" role=\"presentation\">longera par une journ\u00e9e plus festive le <\/span><span dir=\"ltr\" role=\"presentation\">dimanche.<\/span><br role=\"presentation\" \/><span dir=\"ltr\" role=\"presentation\">Alain Daziron<\/span><\/div>\n<div class=\"page\" role=\"region\" data-page-number=\"2\" data-l10n-id=\"pdfjs-page-landmark\" data-l10n-args=\"{&quot;page&quot;:2}\" aria-label=\"Page 2\" data-loaded=\"true\"><\/div>\n<div class=\"page\" role=\"region\" data-page-number=\"3\" data-l10n-id=\"pdfjs-page-landmark\" data-l10n-args=\"{&quot;page&quot;:3}\" aria-label=\"Page 3\" data-loaded=\"true\">\n<h2 class=\"canvasWrapper\">Le programme<\/h2>\n<p><em><a href=\"https:\/\/www.o-p-i.fr\/parlonsen\/wp-content\/uploads\/Edito-programme-Journees-Larrazet-2025.pdf\" target=\"_blank\" rel=\"noopener\">(T\u00e9l\u00e9charger le programme + bulletin d&rsquo;inscription repas<\/a>)<\/em><\/p>\n<\/div>\n<h3><span dir=\"ltr\" role=\"presentation\">Samedi 22 Novembre <\/span><\/h3>\n<p><strong><span dir=\"ltr\" role=\"presentation\">14 h : <\/span><span dir=\"ltr\" role=\"presentation\">de l\u2019ancien au nouveau mode <\/span><span dir=\"ltr\" role=\"presentation\">de l\u2019appartenance et du lien<\/span><\/strong><br role=\"presentation\" \/><span dir=\"ltr\" role=\"presentation\">Les matrices de l\u2019identit\u00e9 communale <\/span><span dir=\"ltr\" role=\"presentation\">dans la France rurale du XIX<\/span><span dir=\"ltr\" role=\"presentation\">e<\/span> <span dir=\"ltr\" role=\"presentation\">si\u00e8cle<\/span> &#8211; <span dir=\"ltr\" role=\"presentation\">Fran\u00e7ois Ploux<\/span><span dir=\"ltr\" role=\"presentation\">,<\/span> <span dir=\"ltr\" role=\"presentation\">Historien, <\/span><span dir=\"ltr\" role=\"presentation\">Universit\u00e9 de Bretagne<\/span><br role=\"presentation\" \/><span dir=\"ltr\" role=\"presentation\">Rouvrir des possibles : <\/span><span dir=\"ltr\" role=\"presentation\">D\u00e9-co\u00efncidence, un art d\u2019op\u00e9rer<\/span> &#8211; <span dir=\"ltr\" role=\"presentation\">Fran\u00e7ois Jullien<\/span><span dir=\"ltr\" role=\"presentation\">,<\/span> <span dir=\"ltr\" role=\"presentation\">Philosophe,<\/span> <span dir=\"ltr\" role=\"presentation\">h\u00e9ll\u00e9niste et sinologue<\/span><br role=\"presentation\" \/><span dir=\"ltr\" role=\"presentation\">Les villes, laboratoire de l\u2019identit\u00e9<\/span> &#8211; <span dir=\"ltr\" role=\"presentation\">Emmanuel Bellanger<\/span><span dir=\"ltr\" role=\"presentation\">,<\/span> <span dir=\"ltr\" role=\"presentation\">Historien<\/span><\/p>\n<p><strong><span dir=\"ltr\" role=\"presentation\">21h : Forum<\/span><\/strong><br role=\"presentation\" \/><span dir=\"ltr\" role=\"presentation\">La d\u00e9marche du Trait d\u2019Union de Larrazet <\/span><span dir=\"ltr\" role=\"presentation\">et le chantier des identit\u00e9s communales<\/span> &#8211; <span dir=\"ltr\" role=\"presentation\">par<\/span> <span dir=\"ltr\" role=\"presentation\">Alain Daziron<\/span> <span dir=\"ltr\" role=\"presentation\">suivi d\u2019un d\u00e9bat g\u00e9n\u00e9ral <\/span><span dir=\"ltr\" role=\"presentation\">avec tous les acteurs de la vie des communes.<\/span><\/p>\n<h3><span dir=\"ltr\" role=\"presentation\">Dimanche 23 Novembre<\/span><\/h3>\n<p><strong><span dir=\"ltr\" role=\"presentation\">10h<\/span> : <\/strong><span dir=\"ltr\" role=\"presentation\">r\u00e9union de travail sur l\u2019actualit\u00e9 et le devenir <\/span><span dir=\"ltr\" role=\"presentation\">du \u00ab forum des identit\u00e9s communales \u00bb<\/span><br role=\"presentation\" \/><span dir=\"ltr\" role=\"presentation\"><br \/>\n<strong>12h30<\/strong><\/span><strong> : <\/strong><span dir=\"ltr\" role=\"presentation\">Repas<\/span> <span dir=\"ltr\" role=\"presentation\">des lecteurs et amis du Trait d\u2019Union \u00e0 la salle <\/span><span dir=\"ltr\" role=\"presentation\">des f\u00eates (20\u20ac &#8211; 10\u20ac entre 12 et 18 ans &#8211; gratuit pour <\/span><span dir=\"ltr\" role=\"presentation\">les moins de 12 ans). S\u2019inscrire avant le 9 novembre<\/span><\/p>\n<p><strong><span dir=\"ltr\" role=\"presentation\">15h<\/span> :<\/strong> <span dir=\"ltr\" role=\"presentation\">Concert \u00ab le quartier enchantant \u00bb<\/span> <span dir=\"ltr\" role=\"presentation\">avec Aur\u00e9lie Neuville et Sylvain Lamur des Bombes 2 Bal<\/span><br role=\"presentation\" \/><span dir=\"ltr\" role=\"presentation\">Suivi d\u2019un<\/span> <span dir=\"ltr\" role=\"presentation\">bal<\/span> <span dir=\"ltr\" role=\"presentation\">avec Brancaleone <\/span><span dir=\"ltr\" role=\"presentation\">(Rita Macedo, Fran\u00e7ois Bacabe et Mathys Marie)<\/span><br role=\"presentation\" \/><span dir=\"ltr\" role=\"presentation\"><br \/>\n<strong>Projections<\/strong><\/span> <span dir=\"ltr\" role=\"presentation\"><strong>en boucle le dimanche apr\u00e8s midi<\/strong><br \/>\n<\/span><br role=\"presentation\" \/><strong><span dir=\"ltr\" role=\"presentation\">Exposition<\/span> <span dir=\"ltr\" role=\"presentation\">: l\u2019aventure du Trait d\u2019Union et les dessins de Prada<\/span><\/strong><\/p>\n<p><span dir=\"ltr\" role=\"presentation\">Journ\u00e9es d\u00e9di\u00e9es \u00e0 Maryline Custody ( responsable du Trait d\u2019Union)<\/span><br role=\"presentation\" \/><span dir=\"ltr\" role=\"presentation\">Publications \u00e0 para\u00eetre et en vente lors des journ\u00e9es<br \/>\n<\/span><span dir=\"ltr\" role=\"presentation\">\u2013 Le chantier des identit\u00e9s communales (10\u20ac)<\/span><br role=\"presentation\" \/><span dir=\"ltr\" role=\"presentation\">\u2013 L\u2019histoire et la d\u00e9marche du Trait d\u2019Union (10\u20ac)<\/span><\/p>\n<p><strong><span dir=\"ltr\" role=\"presentation\">Renseignements pratiques<\/span><\/strong><br role=\"presentation\" \/><span dir=\"ltr\" role=\"presentation\">\u25cf<\/span> <span dir=\"ltr\" role=\"presentation\">G\u00eetes du lac \u00e0 Beaumont de Lomagne : 3 \u00e0 5 personnes par g\u00eete.<\/span><br role=\"presentation\" \/><span dir=\"ltr\" role=\"presentation\">1 nuit = 188 euros &#8211; Contact : 05 63 02 16 76<\/span><br role=\"presentation\" \/><span dir=\"ltr\" role=\"presentation\">\u25cf<\/span> <span dir=\"ltr\" role=\"presentation\">H\u00f4tel Le Normandy Beaumont &#8211; 05 82 81 98 79<\/span><br role=\"presentation\" \/><span dir=\"ltr\" role=\"presentation\">\u25cf<\/span> <span dir=\"ltr\" role=\"presentation\">H\u00f4tel Marceillac \u00e0 Castelsarrasin &#8211; 05 63 32 30 10<\/span><br role=\"presentation\" \/><span dir=\"ltr\" role=\"presentation\">\u25cf<\/span> <span dir=\"ltr\" role=\"presentation\">Renseignements sur l\u2019h\u00e9bergement : chambres d\u2019h\u00f4tes, g\u00eetes, h\u00f4tels<\/span><br role=\"presentation\" \/><span dir=\"ltr\" role=\"presentation\">O\ufb03ce du tourisme Lomagne : 05 63 02 42 32<\/span><br role=\"presentation\" \/><span dir=\"ltr\" role=\"presentation\"><br \/>\n<strong>Sortie autoroute<\/strong><\/span><br \/>\n<span dir=\"ltr\" role=\"presentation\">Moissac Castelsarrasin<\/span> <span dir=\"ltr\" role=\"presentation\">direction Auch,<\/span> <span dir=\"ltr\" role=\"presentation\">Beaumont<\/span> <span dir=\"ltr\" role=\"presentation\">de Lomagne : 14 km<\/span><br role=\"presentation\" \/><span dir=\"ltr\" role=\"presentation\"><br \/>\n<strong>Par le train<\/strong><\/span><br role=\"presentation\" \/><span dir=\"ltr\" role=\"presentation\">Gare de Montauban<\/span><br role=\"presentation\" \/><span dir=\"ltr\" role=\"presentation\"><br \/>\n<strong>Par avion<\/strong><\/span><br role=\"presentation\" \/><span dir=\"ltr\" role=\"presentation\">A\u00e9roport<\/span><br role=\"presentation\" \/><span dir=\"ltr\" role=\"presentation\">Toulouse-Blagnac<\/span><br role=\"presentation\" \/><span dir=\"ltr\" role=\"presentation\"><br \/>\n<strong>Contact presse-communication :<\/strong><\/span><br role=\"presentation\" \/><span dir=\"ltr\" role=\"presentation\">mat.renard@outlook.fr<\/span><br role=\"presentation\" \/><span dir=\"ltr\" role=\"presentation\"><br \/>\n<strong>Renseignements :<\/strong><\/span><br role=\"presentation\" \/><span dir=\"ltr\" role=\"presentation\">Maison de la Culture 82500 Larrazet<\/span><br role=\"presentation\" \/><span dir=\"ltr\" role=\"presentation\"><br \/>\nT\u00e9l. :<\/span> <span dir=\"ltr\" role=\"presentation\">06 82 49 12 04<\/span><br role=\"presentation\" \/><span dir=\"ltr\" role=\"presentation\"><br \/>\nE-mail :<\/span> <a href=\"mailto:adaziron@wanadoo.fr\"><span dir=\"ltr\" role=\"presentation\">adaziron@wanadoo.fr<\/span><\/a><br role=\"presentation\" \/><span dir=\"ltr\" role=\"presentation\"><br \/>\nEntr\u00e9e libre et gratuite au forum &#8211; Repas : samedi soir (18\u20ac) &#8211; dimanche midi (20\u20ac)<\/span><br role=\"presentation\" \/><span dir=\"ltr\" role=\"presentation\"><br \/>\nPage facebook :<\/span> <span dir=\"ltr\" role=\"presentation\">@journeeslarrazet2025<\/span><br role=\"presentation\" \/><span dir=\"ltr\" role=\"presentation\"><br \/>\nSite internet : <a href=\"http:\/\/www.maisondelaculture-larrazet.fr\">www.maisondelaculture-larrazet.fr<\/a> (r\u00e9alisation BSLPrint)<\/span><\/p>\n<p><em>Information communiqu\u00e9e par\u00a0Alain DAZIRON<\/em><\/p>\n<p><a href=\"http:\/\/www.o-p-i.fr\/parlonsen\/agenda\/\">Retrouvez tous les \u00e9v\u00e9nements dans l&rsquo;agenda !<\/a><\/p>\n","protected":false},"excerpt":{"rendered":"<div class=\"mh-excerpt\">Samedi 22 et dimanche 23 novembre 2025<\/div>\n","protected":false},"author":9,"featured_media":66635,"comment_status":"open","ping_status":"open","sticky":false,"template":"","format":"standard","meta":{"om_disable_all_campaigns":false,"advanced_seo_description":"","jetpack_seo_html_title":"","jetpack_seo_noindex":false,"_jetpack_memberships_contains_paid_content":false,"footnotes":"","_links_to":"","_links_to_target":""},"categories":[6470,1,6390],"tags":[2979,6340,6487,6518],"class_list":{"0":"post-66632","1":"post","2":"type-post","3":"status-publish","4":"format-standard","5":"has-post-thumbnail","7":"category-larrazet","8":"category-culture","9":"category-n236-novembre-2025","10":"tag-journees-de-larrazet","11":"tag-a-la-une","12":"tag-le-trait-dunion","13":"tag-s4725"},"jetpack_featured_media_url":"https:\/\/i0.wp.com\/www.o-p-i.fr\/parlonsen\/wp-content\/uploads\/T_2073_Journees_de_Larrazet_2025.jpg?fit=585%2C827&ssl=1","views":{"total":0,"cached_at":"","cached_date":1738509679},"jetpack_likes_enabled":true,"jetpack_sharing_enabled":true,"jetpack_shortlink":"https:\/\/wp.me\/pg7Wxj-hkI","jetpack-related-posts":[],"_links":{"self":[{"href":"https:\/\/www.o-p-i.fr\/parlonsen\/wp-json\/wp\/v2\/posts\/66632","targetHints":{"allow":["GET"]}}],"collection":[{"href":"https:\/\/www.o-p-i.fr\/parlonsen\/wp-json\/wp\/v2\/posts"}],"about":[{"href":"https:\/\/www.o-p-i.fr\/parlonsen\/wp-json\/wp\/v2\/types\/post"}],"author":[{"embeddable":true,"href":"https:\/\/www.o-p-i.fr\/parlonsen\/wp-json\/wp\/v2\/users\/9"}],"replies":[{"embeddable":true,"href":"https:\/\/www.o-p-i.fr\/parlonsen\/wp-json\/wp\/v2\/comments?post=66632"}],"version-history":[{"count":1,"href":"https:\/\/www.o-p-i.fr\/parlonsen\/wp-json\/wp\/v2\/posts\/66632\/revisions"}],"predecessor-version":[{"id":67655,"href":"https:\/\/www.o-p-i.fr\/parlonsen\/wp-json\/wp\/v2\/posts\/66632\/revisions\/67655"}],"wp:featuredmedia":[{"embeddable":true,"href":"https:\/\/www.o-p-i.fr\/parlonsen\/wp-json\/wp\/v2\/media\/66635"}],"wp:attachment":[{"href":"https:\/\/www.o-p-i.fr\/parlonsen\/wp-json\/wp\/v2\/media?parent=66632"}],"wp:term":[{"taxonomy":"category","embeddable":true,"href":"https:\/\/www.o-p-i.fr\/parlonsen\/wp-json\/wp\/v2\/categories?post=66632"},{"taxonomy":"post_tag","embeddable":true,"href":"https:\/\/www.o-p-i.fr\/parlonsen\/wp-json\/wp\/v2\/tags?post=66632"}],"curies":[{"name":"wp","href":"https:\/\/api.w.org\/{rel}","templated":true}]}}