{"id":66639,"date":"2025-10-16T10:03:00","date_gmt":"2025-10-16T08:03:00","guid":{"rendered":"https:\/\/www.o-p-i.fr\/parlonsen\/?p=66639"},"modified":"2025-10-16T10:03:22","modified_gmt":"2025-10-16T08:03:22","slug":"concert-film-des-sorcieres-comme-les-autres-a-bressols-82","status":"publish","type":"post","link":"https:\/\/www.o-p-i.fr\/parlonsen\/parlons-en\/culture\/concert-film-des-sorcieres-comme-les-autres-a-bressols-82\/","title":{"rendered":"Concert + film &#8211; \u00ab\u00a0DES SORCIERES COMME LES AUTRES\u00a0\u00bb &#8230; \u00e0 Bressols (82)"},"content":{"rendered":"<p><strong>Vendredi 17 octobre \u00e0 18h30<\/strong><!--more--><\/p>\n<p><img data-recalc-dims=\"1\" loading=\"lazy\" decoding=\"async\" class=\" wp-image-66640 alignright\" src=\"https:\/\/i0.wp.com\/www.o-p-i.fr\/parlonsen\/wp-content\/uploads\/2025-10-16-concert-film-des-sorcieres.jpg?resize=392%2C472&#038;ssl=1\" alt=\"\" width=\"392\" height=\"472\" srcset=\"https:\/\/i0.wp.com\/www.o-p-i.fr\/parlonsen\/wp-content\/uploads\/2025-10-16-concert-film-des-sorcieres.jpg?resize=249%2C300&amp;ssl=1 249w, https:\/\/i0.wp.com\/www.o-p-i.fr\/parlonsen\/wp-content\/uploads\/2025-10-16-concert-film-des-sorcieres.jpg?w=473&amp;ssl=1 473w\" sizes=\"auto, (max-width: 392px) 100vw, 392px\" \/>\u00abDes sorci\u00e8res comme les autres\u00bb<br \/>\nUn spectacle autour des chansons d&rsquo;Anne SYLVESTRE<br \/>\navec : Yoanna, Lily Luca, Nawel Dombrowsky, Garance, Louise O&rsquo;smann<\/p>\n<p>Chanteuse, autrice et compositrice, Anne Sylvestre a inspir\u00e9 et encourag\u00e9 de nombreuses artistes de la sc\u00e8ne actuelle. Par son verbe et ses positions, elle a dessin\u00e9 de nouvelles rives f\u00e9minines, \u00e9largissant l\u2019horizon de la chanson francophone pour lui donner ses lettres plurielles, originales et insolentes.<br \/>\nCette cr\u00e9ation, en m\u00ealant son r\u00e9pertoire \u00e0 celui de ces cinq autrices, interpr\u00e8tes et compositrices, se fait le reflet de ce qu\u2019Anne Sylvestre a su leur insuffler. De la tendresse \u00e0 la force, la rencontre de ces univers fait r\u00e9sonner son chant au creux de leurs rimes et les r\u00e9unis quelque part entre ses bras, en frangines.<\/p>\n<h2>Adresse de l&rsquo;\u00e9v\u00e8nement<\/h2>\n<p>LA MUSE &#8211; Cin\u00e9ma Rte de Lavaur, 82710 Bressols, France<\/p>\n<h2>Lien internet vers votre \u00e9v\u00e8nement<\/h2>\n<p><a href=\"https:\/\/www.labriquerouge-prod.com\">https:\/\/www.labriquerouge-prod.com<\/a><\/p>\n<h2>Tarif principal<\/h2>\n<p>CONCERT + FILM 20 \u20ac<\/p>\n<h2>Tarif r\u00e9duit &#8211; combien et pour qui ?<\/h2>\n<p>CONCERT SEUL 16 \u20ac<\/p>\n<h2>Organisateur de l&rsquo;\u00e9v\u00e8nement<\/h2>\n<p>LA BRIQUE ROUGE productions<\/p>\n<h2>Personne \/ Organisation \u00e0 contacter<\/h2>\n<p>Roland TERRANCLE<\/p>\n<h2>Adresse<\/h2>\n<p>LE FORT 5, rue du Fort 82000 MONTAUBAN<\/p>\n<h2>T\u00e9l\u00e9phone<\/h2>\n<p>+33 6 70 59 29 74<\/p>\n<h2>Courriel<\/h2>\n<p><a href=\"mailto:labriquerougeprod@gmail.com\">labriquerougeprod@gmail.com<\/a><\/p>\n<p><em>Information transmise par M.Roland TERRANCLE, l&rsquo;organisateur de l&rsquo;\u00e9v\u00e8nement<\/em><\/p>\n","protected":false},"excerpt":{"rendered":"<div class=\"mh-excerpt\">Vendredi 17 octobre \u00e0 18h30<\/div>\n","protected":false},"author":9,"featured_media":66640,"comment_status":"open","ping_status":"open","sticky":false,"template":"","format":"standard","meta":{"om_disable_all_campaigns":false,"advanced_seo_description":"","jetpack_seo_html_title":"","jetpack_seo_noindex":false,"_jetpack_memberships_contains_paid_content":false,"footnotes":"","_links_to":"","_links_to_target":""},"categories":[6488,1,6389],"tags":[43,1766,4051,6489],"class_list":{"0":"post-66639","1":"post","2":"type-post","3":"status-publish","4":"format-standard","5":"has-post-thumbnail","7":"category-bressols","8":"category-culture","9":"category-n235-octobre-2025","10":"tag-concert","11":"tag-cinema","12":"tag-la-brque-rouge","13":"tag-s4225"},"jetpack_featured_media_url":"https:\/\/i0.wp.com\/www.o-p-i.fr\/parlonsen\/wp-content\/uploads\/2025-10-16-concert-film-des-sorcieres.jpg?fit=473%2C569&ssl=1","views":"","jetpack_likes_enabled":true,"jetpack_sharing_enabled":true,"jetpack_shortlink":"https:\/\/wp.me\/pg7Wxj-hkP","jetpack-related-posts":[],"_links":{"self":[{"href":"https:\/\/www.o-p-i.fr\/parlonsen\/wp-json\/wp\/v2\/posts\/66639","targetHints":{"allow":["GET"]}}],"collection":[{"href":"https:\/\/www.o-p-i.fr\/parlonsen\/wp-json\/wp\/v2\/posts"}],"about":[{"href":"https:\/\/www.o-p-i.fr\/parlonsen\/wp-json\/wp\/v2\/types\/post"}],"author":[{"embeddable":true,"href":"https:\/\/www.o-p-i.fr\/parlonsen\/wp-json\/wp\/v2\/users\/9"}],"replies":[{"embeddable":true,"href":"https:\/\/www.o-p-i.fr\/parlonsen\/wp-json\/wp\/v2\/comments?post=66639"}],"version-history":[{"count":0,"href":"https:\/\/www.o-p-i.fr\/parlonsen\/wp-json\/wp\/v2\/posts\/66639\/revisions"}],"wp:featuredmedia":[{"embeddable":true,"href":"https:\/\/www.o-p-i.fr\/parlonsen\/wp-json\/wp\/v2\/media\/66640"}],"wp:attachment":[{"href":"https:\/\/www.o-p-i.fr\/parlonsen\/wp-json\/wp\/v2\/media?parent=66639"}],"wp:term":[{"taxonomy":"category","embeddable":true,"href":"https:\/\/www.o-p-i.fr\/parlonsen\/wp-json\/wp\/v2\/categories?post=66639"},{"taxonomy":"post_tag","embeddable":true,"href":"https:\/\/www.o-p-i.fr\/parlonsen\/wp-json\/wp\/v2\/tags?post=66639"}],"curies":[{"name":"wp","href":"https:\/\/api.w.org\/{rel}","templated":true}]}}