{"id":66650,"date":"2025-10-16T12:31:22","date_gmt":"2025-10-16T10:31:22","guid":{"rendered":"https:\/\/www.o-p-i.fr\/parlonsen\/?p=66650"},"modified":"2025-10-16T12:31:34","modified_gmt":"2025-10-16T10:31:34","slug":"abdm-degustation-domaine-peyres-combe-avec-victor-brureau-a-salvagnac-81","status":"publish","type":"post","link":"https:\/\/www.o-p-i.fr\/parlonsen\/localisation\/au-pays-des-tescous\/salvagnac\/abdm-degustation-domaine-peyres-combe-avec-victor-brureau-a-salvagnac-81\/","title":{"rendered":"ABDM &#8211; D\u00e9gustation Domaine PEYRES-COMBE, avec Victor Brureau&#8230;\u00e0 Salvagnac (81)"},"content":{"rendered":"<div class=\"gmail-xdj266r gmail-x14z9mp gmail-xat24cr gmail-x1lziwak gmail-x1vvkbs\"><strong>Vendredi 17 octobre 2025\/ 19h<\/strong><\/div>\n<p><!--more--><\/p>\n<div class=\"gmail-xdj266r gmail-x14z9mp gmail-xat24cr gmail-x1lziwak gmail-x1vvkbs\">\n<p><img data-recalc-dims=\"1\" loading=\"lazy\" decoding=\"async\" class=\" wp-image-66652 alignright\" src=\"https:\/\/i0.wp.com\/www.o-p-i.fr\/parlonsen\/wp-content\/uploads\/2025-ABDM-Degustation-PEYRES-COMBE.jpg?resize=510%2C267&#038;ssl=1\" alt=\"\" width=\"510\" height=\"267\" srcset=\"https:\/\/i0.wp.com\/www.o-p-i.fr\/parlonsen\/wp-content\/uploads\/2025-ABDM-Degustation-PEYRES-COMBE.jpg?resize=300%2C157&amp;ssl=1 300w, https:\/\/i0.wp.com\/www.o-p-i.fr\/parlonsen\/wp-content\/uploads\/2025-ABDM-Degustation-PEYRES-COMBE.jpg?resize=1024%2C536&amp;ssl=1 1024w, https:\/\/i0.wp.com\/www.o-p-i.fr\/parlonsen\/wp-content\/uploads\/2025-ABDM-Degustation-PEYRES-COMBE.jpg?resize=768%2C402&amp;ssl=1 768w, https:\/\/i0.wp.com\/www.o-p-i.fr\/parlonsen\/wp-content\/uploads\/2025-ABDM-Degustation-PEYRES-COMBE.jpg?w=1200&amp;ssl=1 1200w\" sizes=\"auto, (max-width: 510px) 100vw, 510px\" \/>D\u00e9gustation Domaine PEYRES-COMBE, avec Victor Brureau<\/p>\n<p>Vins Bio et g\u00eete rural dans le Tarn \u00e0 Andillac.<br \/>\nLe Domaine propose des vins rouge de garde et son Friselis<br \/>\nCertifi\u00e9 en Agriculture biologique depuis 2001<\/p>\n<p><a href=\"https:\/\/www.domainepeyres-combe.fr\">https:\/\/www.domainepeyres-combe.fr<\/a><\/p>\n<p>Des vins matures comme votre cave au Domaine !<br \/>\nAinsi, pourraient se d\u00e9finir les vins de Peyres-Combe<br \/>\nDans cette \u00e9poque de l\u2019imm\u00e9diatet\u00e9, le domaine pose le temps pour le plaisir des papilles&#8230;<\/p>\n<p>Des \u00a0vins du temps long \u00e9lev\u00e9 \u00e0 la propri\u00e9t\u00e9\u2026<br \/>\n\u00ab Ils ne sont pas charmeurs, ils ne sont pas s\u00e9ducteurs, ils ne bluffent pas , ils ne vous donnent pas tout d\u2019un coup , ils gardent du myst\u00e8re et se d\u00e9voilent avec parcimonie\u2026. \u00bb<\/p>\n<p>Nos Vins Rouge sont \u00e9labor\u00e9s \u00e0 partir de Duras et de Braucol, c\u00e9pages locaux, associ\u00e9s au Merlot et au Cabernet-Sauvignon<\/p>\n<p>______________________<br \/>\nINFOS PRATIQUES<br \/>\n\ud83d\udccd Caf\u00e9 Au bord du monde, Salvagnac, Tarn<br \/>\n\u20ac \u00a0Tarifs cave pour les bouteilles \u00e0 emporter<br \/>\n\ud83d\udcde R\u00e9sa pour les burgers: 05 63 55 14 52<\/p>\n<\/div>\n","protected":false},"excerpt":{"rendered":"<div class=\"mh-excerpt\">Vendredi 17 octobre 2025\/ 19h<\/div>\n","protected":false},"author":9,"featured_media":46799,"comment_status":"open","ping_status":"open","sticky":false,"template":"","format":"standard","meta":{"om_disable_all_campaigns":false,"advanced_seo_description":"","jetpack_seo_html_title":"","jetpack_seo_noindex":false,"_jetpack_memberships_contains_paid_content":false,"footnotes":"","_links_to":"","_links_to_target":""},"categories":[54,6389,25],"tags":[3689,3830,6489],"class_list":{"0":"post-66650","1":"post","2":"type-post","3":"status-publish","4":"format-standard","5":"has-post-thumbnail","7":"category-loisirs","8":"category-n235-octobre-2025","9":"category-salvagnac","10":"tag-degustation-vin","11":"tag-cafe-au-bord-du-monde","12":"tag-s4225"},"jetpack_featured_media_url":"https:\/\/i0.wp.com\/www.o-p-i.fr\/parlonsen\/wp-content\/uploads\/Bord-monde.jpg?fit=227%2C226&ssl=1","views":"","jetpack_likes_enabled":true,"jetpack_sharing_enabled":true,"jetpack_shortlink":"https:\/\/wp.me\/pg7Wxj-hl0","jetpack-related-posts":[],"_links":{"self":[{"href":"https:\/\/www.o-p-i.fr\/parlonsen\/wp-json\/wp\/v2\/posts\/66650","targetHints":{"allow":["GET"]}}],"collection":[{"href":"https:\/\/www.o-p-i.fr\/parlonsen\/wp-json\/wp\/v2\/posts"}],"about":[{"href":"https:\/\/www.o-p-i.fr\/parlonsen\/wp-json\/wp\/v2\/types\/post"}],"author":[{"embeddable":true,"href":"https:\/\/www.o-p-i.fr\/parlonsen\/wp-json\/wp\/v2\/users\/9"}],"replies":[{"embeddable":true,"href":"https:\/\/www.o-p-i.fr\/parlonsen\/wp-json\/wp\/v2\/comments?post=66650"}],"version-history":[{"count":0,"href":"https:\/\/www.o-p-i.fr\/parlonsen\/wp-json\/wp\/v2\/posts\/66650\/revisions"}],"wp:featuredmedia":[{"embeddable":true,"href":"https:\/\/www.o-p-i.fr\/parlonsen\/wp-json\/wp\/v2\/media\/46799"}],"wp:attachment":[{"href":"https:\/\/www.o-p-i.fr\/parlonsen\/wp-json\/wp\/v2\/media?parent=66650"}],"wp:term":[{"taxonomy":"category","embeddable":true,"href":"https:\/\/www.o-p-i.fr\/parlonsen\/wp-json\/wp\/v2\/categories?post=66650"},{"taxonomy":"post_tag","embeddable":true,"href":"https:\/\/www.o-p-i.fr\/parlonsen\/wp-json\/wp\/v2\/tags?post=66650"}],"curies":[{"name":"wp","href":"https:\/\/api.w.org\/{rel}","templated":true}]}}