{"id":66689,"date":"2025-10-22T11:00:47","date_gmt":"2025-10-22T09:00:47","guid":{"rendered":"https:\/\/www.o-p-i.fr\/parlonsen\/?p=66689"},"modified":"2025-10-23T12:19:44","modified_gmt":"2025-10-23T10:19:44","slug":"lamichemin-soiree-de-soutien-lantre-deux-a-monclar-82","status":"publish","type":"post","link":"https:\/\/www.o-p-i.fr\/parlonsen\/localisation\/au-pays-des-tescous\/monclar\/lamichemin-soiree-de-soutien-lantre-deux-a-monclar-82\/","title":{"rendered":"LaMICHEmin &#8211; Soir\u00e9e de Soutien \u2013 L\u2019Antre d\u2019Eux &#8230; \u00e0 Monclar (82)"},"content":{"rendered":"<div class=\"tribe-events-single-event-description tribe-events-content\">\n<p><strong>Jeudi 23 Octobre 2025<\/strong>, \u00e0\u00a0 19h30<!--more--><\/p>\n<div class=\"tribe-events-single-event-description tribe-events-content\">\n<p><img data-recalc-dims=\"1\" loading=\"lazy\" decoding=\"async\" class=\" alignright\" src=\"https:\/\/i0.wp.com\/www.lamichemin.fr\/wp-content\/uploads\/2025\/10\/Visuels-102025-1024x576.jpg?resize=497%2C280&#038;ssl=1\" width=\"497\" height=\"280\" \/><\/p>\n<div class=\"tribe-events-single-event-description tribe-events-content\">\n<p>L\u2019association l\u2019Antre d\u2019Eux viendra ravir vos papilles <strong>Jeudi 23 Octobre 2025<\/strong>, \u00e0 partir\u00a0 de 19h30 !<\/p>\n<p>Au menu, un maf\u00e9 de l\u00e9gumes, plat africain traditionnel (v\u00e9gan et sans gluten !).<\/p>\n<p>Les b\u00e9n\u00e9fices de la soir\u00e9e seront revers\u00e9s \u00e0 l\u2019association l\u2019Antre d\u2019Eux\u00a0qui accueille, oriente et aide les personnes r\u00e9fugi\u00e9es, exil\u00e9es et demandeuses d\u2019asile, en attente de reconnaissance de minorit\u00e9. Elle agit sur le territoire du Tarn, principalement Gaillac et alentours.<\/p>\n<p>INFOS PRATIQUES<br \/>\n\ud83d\udd96\ud83c\udffc Ouvert \u00e0 tous\u00b7tes<br \/>\n\ud83d\udd0e L\u2019aMICHEmin, int\u00e9rieur<br \/>\n\ud83d\udcb6 Adh\u00e9sion libre mais n\u00e9cessaire<br \/>\n\ud83c\udf74 Maf\u00e9\u00a0 \/ \ud83c\udf77Bar ouvert<\/p>\n<\/div>\n<\/div>\n<\/div>\n","protected":false},"excerpt":{"rendered":"<div class=\"mh-excerpt\">Jeudi 23 Octobre 2025, \u00e0\u00a0 19h30<\/div>\n","protected":false},"author":9,"featured_media":55823,"comment_status":"open","ping_status":"open","sticky":false,"template":"","format":"standard","meta":{"om_disable_all_campaigns":false,"advanced_seo_description":"","jetpack_seo_html_title":"","jetpack_seo_noindex":false,"_jetpack_memberships_contains_paid_content":false,"footnotes":"","_links_to":"","_links_to_target":""},"categories":[16,291,6389],"tags":[4936,5164,5202,6493],"class_list":{"0":"post-66689","1":"post","2":"type-post","3":"status-publish","4":"format-standard","5":"has-post-thumbnail","7":"category-monclar","8":"category-solidarite","9":"category-n235-octobre-2025","10":"tag-cafe-associatif","11":"tag-lamichemin","12":"tag-repas-solidaire","13":"tag-s4325"},"jetpack_featured_media_url":"https:\/\/i0.wp.com\/www.o-p-i.fr\/parlonsen\/wp-content\/uploads\/lamichemin-en-tete.jpeg?fit=836%2C448&ssl=1","views":{"total":18,"cached_at":"","cached_date":1738518353},"jetpack_likes_enabled":true,"jetpack_sharing_enabled":true,"jetpack_shortlink":"https:\/\/wp.me\/pg7Wxj-hlD","jetpack-related-posts":[],"_links":{"self":[{"href":"https:\/\/www.o-p-i.fr\/parlonsen\/wp-json\/wp\/v2\/posts\/66689","targetHints":{"allow":["GET"]}}],"collection":[{"href":"https:\/\/www.o-p-i.fr\/parlonsen\/wp-json\/wp\/v2\/posts"}],"about":[{"href":"https:\/\/www.o-p-i.fr\/parlonsen\/wp-json\/wp\/v2\/types\/post"}],"author":[{"embeddable":true,"href":"https:\/\/www.o-p-i.fr\/parlonsen\/wp-json\/wp\/v2\/users\/9"}],"replies":[{"embeddable":true,"href":"https:\/\/www.o-p-i.fr\/parlonsen\/wp-json\/wp\/v2\/comments?post=66689"}],"version-history":[{"count":0,"href":"https:\/\/www.o-p-i.fr\/parlonsen\/wp-json\/wp\/v2\/posts\/66689\/revisions"}],"wp:featuredmedia":[{"embeddable":true,"href":"https:\/\/www.o-p-i.fr\/parlonsen\/wp-json\/wp\/v2\/media\/55823"}],"wp:attachment":[{"href":"https:\/\/www.o-p-i.fr\/parlonsen\/wp-json\/wp\/v2\/media?parent=66689"}],"wp:term":[{"taxonomy":"category","embeddable":true,"href":"https:\/\/www.o-p-i.fr\/parlonsen\/wp-json\/wp\/v2\/categories?post=66689"},{"taxonomy":"post_tag","embeddable":true,"href":"https:\/\/www.o-p-i.fr\/parlonsen\/wp-json\/wp\/v2\/tags?post=66689"}],"curies":[{"name":"wp","href":"https:\/\/api.w.org\/{rel}","templated":true}]}}