{"id":66695,"date":"2025-10-22T11:24:12","date_gmt":"2025-10-22T09:24:12","guid":{"rendered":"https:\/\/www.o-p-i.fr\/parlonsen\/?p=66695"},"modified":"2025-11-26T23:51:22","modified_gmt":"2025-11-26T22:51:22","slug":"lamichemin-projection-avec-loeil-sur-le-front-a-monclar-82","status":"publish","type":"post","link":"https:\/\/www.o-p-i.fr\/parlonsen\/parlons-en\/culture\/lamichemin-projection-avec-loeil-sur-le-front-a-monclar-82\/","title":{"rendered":"LaMICHEmin &#8211; Projection avec L\u2019\u0152il sur le front &#8230; \u00e0 Monclar (82)"},"content":{"rendered":"<div class=\"tribe-events-single-event-description tribe-events-content\">\n<p><strong>Samedi 08 Novembre 2025<\/strong>, \u00e0\u00a0 19h00<!--more--><\/p>\n<div class=\"tribe-events-single-event-description tribe-events-content\">\n<p><img data-recalc-dims=\"1\" loading=\"lazy\" decoding=\"async\" class=\" alignright\" src=\"https:\/\/i0.wp.com\/www.lamichemin.fr\/wp-content\/uploads\/2025\/10\/lechene-loeilsurlefront-1024x576.jpg?resize=497%2C280&#038;ssl=1\" width=\"497\" height=\"280\" \/><\/p>\n<div class=\"tribe-events-single-event-description tribe-events-content\">\n<div class=\"tribe-events-single-event-description tribe-events-content\">\n<div class=\"message-body normal-message-body\" data-v-61667449=\"\">\n<div class=\"message-main\" data-v-2b15d6df=\"\" data-v-61667449=\"\">\n<div class=\"message-main__text markdown-message\" data-v-2b15d6df=\"\">\n<div class=\"rich-text--wrapper rich-text--wrapper-markdown\" dir=\"auto\" data-v-726bb0f8=\"\" data-v-2b15d6df=\"\">\n<div data-v-726bb0f8=\"\">\n<p data-v-726bb0f8=\"\">Rendez-vous Samedi 8 Novembre 2025 \u00e0 19h \u00e0 l\u2019aMICHEmin pour voir ou revoir <strong>Le Ch\u00eane<\/strong> de Laurent Charbonnier et Michel Seydoux.<\/p>\n<p data-v-726bb0f8=\"\"><em><strong>Le Ch\u00eane et ses habitants (2023)<\/strong><\/em><br \/>\nMichel Seydoux et Laurent Charbonnier<\/p>\n<p>Il \u00e9tait une fois l\u2019histoire d\u2019un ch\u00eane, vieux de 210 ans, devenu un pilier en son royaume. Ce film d\u2019aventures spectaculaires rassemble un casting hors du commun : \u00e9cureuils, balanins, geais, fourmis, mulots\u2026. Tout ce petit monde vibrant, vrombissant et merveilleux scelle sa destin\u00e9e autour de cet arbre majestueux qui les accueille, les nourrit, les prot\u00e8ge de ses racines jusqu\u2019\u00e0 sa cime. Une ode po\u00e9tique \u00e0 la vie o\u00f9 la nature est seule \u00e0 s\u2019exprimer.<\/p>\n<p data-v-726bb0f8=\"\">Soir\u00e9e organis\u00e9e par l\u2019association <strong>L\u2019\u0152il sur le front<\/strong> dont le but est de proposer des projections conviviales chez l\u2019habitant autour de la Salvetat Belmontet.\u00a0 Le principe : Le film est choisi par l\u2019h\u00f4te, pr\u00e9c\u00e9d\u00e9 d\u2019une collation, chacun\u00b7e ram\u00e8ne ce qu\u2019il souhaite partager.<\/p>\n<\/div>\n<\/div>\n<\/div>\n<\/div>\n<\/div>\n<div class=\"message-body normal-message-body\" data-v-61667449=\"\">\n<div class=\"message-main\" data-v-2b15d6df=\"\" data-v-61667449=\"\">\n<div class=\"message-main__text markdown-message\" data-v-2b15d6df=\"\">\n<div class=\"rich-text--wrapper rich-text--wrapper-markdown\" dir=\"auto\" data-v-726bb0f8=\"\" data-v-2b15d6df=\"\">\n<div data-v-726bb0f8=\"\">\n<p data-v-726bb0f8=\"\"><strong>L\u2019\u0152il sur le front<\/strong> propose de tisser du lien entre les habitants, nouveaux comme anciens en partageant quelques instants le temps d\u2019une veill\u00e9e ; antidote \u00e0 la cit\u00e9-dortoir, dans des communes o\u00f9 l\u2019activit\u00e9 agricole s\u2019effiloche pour devenir un territoire essentiellement r\u00e9sidentiel.<br \/>\nUne contre partie \u00e0 la pens\u00e9e unique qui voudrait nous faire croire que l\u2019on doit \u00eatre d\u2019accord sur tout pour faire quelque chose ensemble. Un antidote \u00e0 la surabondance d\u2019informations.<\/p>\n<\/div>\n<\/div>\n<\/div>\n<\/div>\n<\/div>\n<div class=\"message-body normal-message-body\" data-v-61667449=\"\">\n<div class=\"message-main\" data-v-2b15d6df=\"\" data-v-61667449=\"\">\n<div class=\"message-main__text markdown-message\" data-v-2b15d6df=\"\">\n<div class=\"rich-text--wrapper rich-text--wrapper-markdown\" dir=\"auto\" data-v-726bb0f8=\"\" data-v-2b15d6df=\"\">\n<div data-v-726bb0f8=\"\">\n<div class=\"message-body normal-message-body\" data-v-61667449=\"\">\n<div class=\"message-main\" data-v-2b15d6df=\"\" data-v-61667449=\"\">\n<div class=\"message-main__text markdown-message\" data-v-2b15d6df=\"\">\n<div class=\"rich-text--wrapper rich-text--wrapper-markdown\" dir=\"auto\" data-v-726bb0f8=\"\" data-v-2b15d6df=\"\">\n<div data-v-726bb0f8=\"\">\n<p data-v-726bb0f8=\"\">INFOS PRATIQUES<br \/>\n\ud83d\udd96\ud83c\udffc Ouvert \u00e0 tous\u00b7tes<br \/>\n\ud83d\udd0e L\u2019aMICHEmin, int\u00e9rieur<br \/>\n\ud83c\udf74 Auberge Espagnole \/ \ud83c\udf77Bar ferm\u00e9<br \/>\n\ud83d\udcb6 Gratuit<\/p>\n<\/div>\n<\/div>\n<\/div>\n<\/div>\n<\/div>\n<\/div>\n<\/div>\n<\/div>\n<\/div>\n<\/div>\n<\/div>\n<\/div>\n<\/div>\n<\/div>\n","protected":false},"excerpt":{"rendered":"<div class=\"mh-excerpt\">Samedi 08 Novembre 2025, \u00e0\u00a0 19h00<\/div>\n","protected":false},"author":9,"featured_media":55823,"comment_status":"open","ping_status":"open","sticky":false,"template":"","format":"standard","meta":{"om_disable_all_campaigns":false,"advanced_seo_description":"","jetpack_seo_html_title":"","jetpack_seo_noindex":false,"_jetpack_memberships_contains_paid_content":false,"footnotes":"","_links_to":"","_links_to_target":""},"categories":[1,16,6390],"tags":[4936,5164,5894,6340,6504],"class_list":{"0":"post-66695","1":"post","2":"type-post","3":"status-publish","4":"format-standard","5":"has-post-thumbnail","7":"category-culture","8":"category-monclar","9":"category-n236-novembre-2025","10":"tag-cafe-associatif","11":"tag-lamichemin","12":"tag-projection-discussion","13":"tag-a-la-une","14":"tag-s4525"},"jetpack_featured_media_url":"https:\/\/i0.wp.com\/www.o-p-i.fr\/parlonsen\/wp-content\/uploads\/lamichemin-en-tete.jpeg?fit=836%2C448&ssl=1","views":{"total":18,"cached_at":"","cached_date":1738518353},"jetpack_likes_enabled":true,"jetpack_sharing_enabled":true,"jetpack_shortlink":"https:\/\/wp.me\/pg7Wxj-hlJ","jetpack-related-posts":[],"_links":{"self":[{"href":"https:\/\/www.o-p-i.fr\/parlonsen\/wp-json\/wp\/v2\/posts\/66695","targetHints":{"allow":["GET"]}}],"collection":[{"href":"https:\/\/www.o-p-i.fr\/parlonsen\/wp-json\/wp\/v2\/posts"}],"about":[{"href":"https:\/\/www.o-p-i.fr\/parlonsen\/wp-json\/wp\/v2\/types\/post"}],"author":[{"embeddable":true,"href":"https:\/\/www.o-p-i.fr\/parlonsen\/wp-json\/wp\/v2\/users\/9"}],"replies":[{"embeddable":true,"href":"https:\/\/www.o-p-i.fr\/parlonsen\/wp-json\/wp\/v2\/comments?post=66695"}],"version-history":[{"count":1,"href":"https:\/\/www.o-p-i.fr\/parlonsen\/wp-json\/wp\/v2\/posts\/66695\/revisions"}],"predecessor-version":[{"id":66896,"href":"https:\/\/www.o-p-i.fr\/parlonsen\/wp-json\/wp\/v2\/posts\/66695\/revisions\/66896"}],"wp:featuredmedia":[{"embeddable":true,"href":"https:\/\/www.o-p-i.fr\/parlonsen\/wp-json\/wp\/v2\/media\/55823"}],"wp:attachment":[{"href":"https:\/\/www.o-p-i.fr\/parlonsen\/wp-json\/wp\/v2\/media?parent=66695"}],"wp:term":[{"taxonomy":"category","embeddable":true,"href":"https:\/\/www.o-p-i.fr\/parlonsen\/wp-json\/wp\/v2\/categories?post=66695"},{"taxonomy":"post_tag","embeddable":true,"href":"https:\/\/www.o-p-i.fr\/parlonsen\/wp-json\/wp\/v2\/tags?post=66695"}],"curies":[{"name":"wp","href":"https:\/\/api.w.org\/{rel}","templated":true}]}}