{"id":66717,"date":"2025-10-23T12:49:59","date_gmt":"2025-10-23T10:49:59","guid":{"rendered":"https:\/\/www.o-p-i.fr\/parlonsen\/?p=66717"},"modified":"2025-10-23T12:49:59","modified_gmt":"2025-10-23T10:49:59","slug":"la-melitte-a-feuilles-de-melisse-souffle-discret-des-clairieres","status":"publish","type":"post","link":"https:\/\/www.o-p-i.fr\/parlonsen\/parlons-en\/editorial\/la-melitte-a-feuilles-de-melisse-souffle-discret-des-clairieres\/","title":{"rendered":"La m\u00e9litte \u00e0 feuilles de m\u00e9lisse, souffle discret des clairi\u00e8res."},"content":{"rendered":"<div>\n<p>&nbsp;<\/p>\n<p><img data-recalc-dims=\"1\" loading=\"lazy\" decoding=\"async\" class=\" wp-image-66719 alignright\" src=\"https:\/\/i0.wp.com\/www.o-p-i.fr\/parlonsen\/wp-content\/uploads\/2025-10-23-photo-edito-melitte-feuilles-melisse.jpg?resize=451%2C451&#038;ssl=1\" alt=\"\" width=\"451\" height=\"451\" srcset=\"https:\/\/i0.wp.com\/www.o-p-i.fr\/parlonsen\/wp-content\/uploads\/2025-10-23-photo-edito-melitte-feuilles-melisse-scaled.jpg?resize=300%2C300&amp;ssl=1 300w, https:\/\/i0.wp.com\/www.o-p-i.fr\/parlonsen\/wp-content\/uploads\/2025-10-23-photo-edito-melitte-feuilles-melisse-scaled.jpg?resize=1024%2C1024&amp;ssl=1 1024w, https:\/\/i0.wp.com\/www.o-p-i.fr\/parlonsen\/wp-content\/uploads\/2025-10-23-photo-edito-melitte-feuilles-melisse-scaled.jpg?resize=50%2C50&amp;ssl=1 50w, https:\/\/i0.wp.com\/www.o-p-i.fr\/parlonsen\/wp-content\/uploads\/2025-10-23-photo-edito-melitte-feuilles-melisse-scaled.jpg?resize=768%2C768&amp;ssl=1 768w, https:\/\/i0.wp.com\/www.o-p-i.fr\/parlonsen\/wp-content\/uploads\/2025-10-23-photo-edito-melitte-feuilles-melisse-scaled.jpg?resize=1536%2C1536&amp;ssl=1 1536w, https:\/\/i0.wp.com\/www.o-p-i.fr\/parlonsen\/wp-content\/uploads\/2025-10-23-photo-edito-melitte-feuilles-melisse-scaled.jpg?resize=2048%2C2048&amp;ssl=1 2048w, https:\/\/i0.wp.com\/www.o-p-i.fr\/parlonsen\/wp-content\/uploads\/2025-10-23-photo-edito-melitte-feuilles-melisse-scaled.jpg?resize=375%2C375&amp;ssl=1 375w\" sizes=\"auto, (max-width: 451px) 100vw, 451px\" \/>Dans la clart\u00e9 des sous-bois, une vivace discr\u00e8te d\u00e9ploie sa gr\u00e2ce. Melittis melissophyllum, de la famille des lamiac\u00e9es, porte des feuilles dentel\u00e9es proches de la m\u00e9lisse officinale. Froiss\u00e9es, elles livrent non pas la fra\u00eecheur acidul\u00e9e de leur cousine, mais un parfum doux, miell\u00e9, relev\u00e9 d\u2019un zeste de citron.<\/p>\n<p>De mai \u00e0 juillet, la plante s\u2019orne de fleurs bilabi\u00e9es, blanches \u00e9clabouss\u00e9es de rose ou teint\u00e9es de pourpre, \u00e9clats pastel suspendus aux lisi\u00e8res des chemins. Leurs corolles profondes attirent abeilles, papillons et bourdons, infatigables passeurs de pollen.<\/p>\n<p>Compagne des talus et des haies ensoleill\u00e9es, la m\u00e9lisse des bois fut jadis recherch\u00e9e pour ses vertus calmantes et digestives, offrant en tisane l\u2019\u00e9cho apaisant de la for\u00eat. Aujourd\u2019hui, elle s\u2019efface devant sa cousine cultiv\u00e9e, la m\u00e9lisse officinale, mais demeure dans les clairi\u00e8res comme un parfum d\u2019autrefois.<\/p>\n<p>Rustique, elle trouve d\u2019instinct sa place dans les jardins naturels, o\u00f9 sa floraison pastel d\u00e9pose une touche romantique, tel un murmure sylvestre confi\u00e9 au jardinier.<\/p>\n<p>Observer Melittis melissophyllum, c\u2019est apprendre que la beaut\u00e9 na\u00eet de la discr\u00e9tion. Fragile voix des sous-bois, elle rappelle que pr\u00e9server les clairi\u00e8res, c\u2019est garder vivant le souffle secret de la for\u00eat.<\/p>\n<div>\n<p dir=\"ltr\"><div class=\"card\" style=\"width: 350px;\">\r\n<div class=\"card-body\">\r\n<h3 class=\"card-title text-center bg-light\">Fiche Auteur<\/h3>\r\n<a href=\"https:\/\/www.o-p-i.fr\/7alire\/nicolas-duivon\/nicolas-duivon-auteur\/\" target=\"_blank\" rel=\"noopener\">\r\n<img data-recalc-dims=\"1\" decoding=\"async\" class=\"card-img\" src=\"https:\/\/i0.wp.com\/www.o-p-i.fr\/7alire\/wp-content\/uploads\/2025-photo-auteur-nicolas-duivon-scaled-e1765108565599.jpg?ssl=1\" alt=\"Nicolas Duivon\" \/><\/a>\r\n<p class=\"card-text\">Nicolas Duivon<\/p>\r\n<a class=\"btn btn-primary\" href=\"https:\/\/www.o-p-i.fr\/7alire\/nicolas-duivon\/nicolas-duivon-auteur\/\" target=\"_blank\" rel=\"noopener\">Auteur Nicolas Duivon<i class=\"fa-solid fa-arrow-up-right-from-square\"><\/i><\/a>\r\n\r\n<\/div>\r\n<\/div><\/p>\n<p dir=\"ltr\">13 vues<\/p>\n<\/div>\n<\/div>\n","protected":false},"excerpt":{"rendered":"<div class=\"mh-excerpt\">&nbsp; Dans la clart\u00e9 des sous-bois, une vivace discr\u00e8te d\u00e9ploie sa gr\u00e2ce. Melittis melissophyllum, de la famille des lamiac\u00e9es, porte des feuilles dentel\u00e9es proches de la m\u00e9lisse officinale. Froiss\u00e9es, elles livrent non pas la fra\u00eecheur <a class=\"mh-excerpt-more\" href=\"https:\/\/www.o-p-i.fr\/parlonsen\/parlons-en\/editorial\/la-melitte-a-feuilles-de-melisse-souffle-discret-des-clairieres\/\" title=\"La m\u00e9litte \u00e0 feuilles de m\u00e9lisse, souffle discret des clairi\u00e8res.\">[&#8230;]<\/a><\/div>\n","protected":false},"author":9,"featured_media":66719,"comment_status":"open","ping_status":"open","sticky":false,"template":"","format":"standard","meta":{"om_disable_all_campaigns":false,"advanced_seo_description":"","jetpack_seo_html_title":"","jetpack_seo_noindex":false,"_jetpack_memberships_contains_paid_content":false,"footnotes":"","_links_to":"","_links_to_target":""},"categories":[36,6389],"tags":[105,2944],"class_list":{"0":"post-66717","1":"post","2":"type-post","3":"status-publish","4":"format-standard","5":"has-post-thumbnail","7":"category-editorial","8":"category-n235-octobre-2025","9":"tag-nature","10":"tag-pantes-sauvages"},"jetpack_featured_media_url":"https:\/\/i0.wp.com\/www.o-p-i.fr\/parlonsen\/wp-content\/uploads\/2025-10-23-photo-edito-melitte-feuilles-melisse-scaled.jpg?fit=2560%2C2560&ssl=1","views":{"total":13,"cached_at":"","cached_date":1777548731},"jetpack_likes_enabled":true,"jetpack_sharing_enabled":true,"jetpack_shortlink":"https:\/\/wp.me\/pg7Wxj-hm5","jetpack-related-posts":[],"_links":{"self":[{"href":"https:\/\/www.o-p-i.fr\/parlonsen\/wp-json\/wp\/v2\/posts\/66717","targetHints":{"allow":["GET"]}}],"collection":[{"href":"https:\/\/www.o-p-i.fr\/parlonsen\/wp-json\/wp\/v2\/posts"}],"about":[{"href":"https:\/\/www.o-p-i.fr\/parlonsen\/wp-json\/wp\/v2\/types\/post"}],"author":[{"embeddable":true,"href":"https:\/\/www.o-p-i.fr\/parlonsen\/wp-json\/wp\/v2\/users\/9"}],"replies":[{"embeddable":true,"href":"https:\/\/www.o-p-i.fr\/parlonsen\/wp-json\/wp\/v2\/comments?post=66717"}],"version-history":[{"count":0,"href":"https:\/\/www.o-p-i.fr\/parlonsen\/wp-json\/wp\/v2\/posts\/66717\/revisions"}],"wp:featuredmedia":[{"embeddable":true,"href":"https:\/\/www.o-p-i.fr\/parlonsen\/wp-json\/wp\/v2\/media\/66719"}],"wp:attachment":[{"href":"https:\/\/www.o-p-i.fr\/parlonsen\/wp-json\/wp\/v2\/media?parent=66717"}],"wp:term":[{"taxonomy":"category","embeddable":true,"href":"https:\/\/www.o-p-i.fr\/parlonsen\/wp-json\/wp\/v2\/categories?post=66717"},{"taxonomy":"post_tag","embeddable":true,"href":"https:\/\/www.o-p-i.fr\/parlonsen\/wp-json\/wp\/v2\/tags?post=66717"}],"curies":[{"name":"wp","href":"https:\/\/api.w.org\/{rel}","templated":true}]}}