{"id":66723,"date":"2025-10-26T10:01:12","date_gmt":"2025-10-26T09:01:12","guid":{"rendered":"https:\/\/www.o-p-i.fr\/parlonsen\/?p=66723"},"modified":"2025-10-26T10:01:12","modified_gmt":"2025-10-26T09:01:12","slug":"abdm-electro-petanque-03-a-salvagnac-81","status":"publish","type":"post","link":"https:\/\/www.o-p-i.fr\/parlonsen\/localisation\/au-pays-des-tescous\/salvagnac\/abdm-electro-petanque-03-a-salvagnac-81\/","title":{"rendered":"ABDM &#8211; \u00ab\u00a0Electro P\u00e9tanque\u00a0\u00bb #03 &#8230;\u00e0 Salvagnac (81)"},"content":{"rendered":"<p><strong>Dimanche 26 octobre 2025<\/strong> \u00e0 14h, Caf\u00e9 Au bord du Monde.<!--more--><\/p>\n<h3 style=\"text-align: center;\"><img data-recalc-dims=\"1\" loading=\"lazy\" decoding=\"async\" class=\" wp-image-66725 alignright\" src=\"https:\/\/i0.wp.com\/www.o-p-i.fr\/parlonsen\/wp-content\/uploads\/2025-ABDM-electro-petanque-edition-3-.jpg?resize=426%2C223&#038;ssl=1\" alt=\"\" width=\"426\" height=\"223\" srcset=\"https:\/\/i0.wp.com\/www.o-p-i.fr\/parlonsen\/wp-content\/uploads\/2025-ABDM-electro-petanque-edition-3-.jpg?resize=300%2C157&amp;ssl=1 300w, https:\/\/i0.wp.com\/www.o-p-i.fr\/parlonsen\/wp-content\/uploads\/2025-ABDM-electro-petanque-edition-3-.jpg?resize=1024%2C536&amp;ssl=1 1024w, https:\/\/i0.wp.com\/www.o-p-i.fr\/parlonsen\/wp-content\/uploads\/2025-ABDM-electro-petanque-edition-3-.jpg?resize=768%2C402&amp;ssl=1 768w, https:\/\/i0.wp.com\/www.o-p-i.fr\/parlonsen\/wp-content\/uploads\/2025-ABDM-electro-petanque-edition-3-.jpg?w=1200&amp;ssl=1 1200w\" sizes=\"auto, (max-width: 426px) 100vw, 426px\" \/>\u00c9LECTRO P\u00c9TANQUE sur les All\u00e9es&#8230;<\/h3>\n<p>3\u00e8me et derni\u00e8re rencontre \u00c9LECTRO P\u00c9TANQUE de la saison 2025, pour les amateur-trices et licenci\u00e9-es sur les All\u00e9es !<\/p>\n<p>Les All\u00e9es Jean Jaur\u00e8s de Salvagnac sont grandes et belles&#8230; Venez jeter le cochonnet sur le fin gravier.<br \/>\nUn concours pourrait s&rsquo;improviser, avec une bouteille de bulles \u00e0 la cl\u00e9 !<\/p>\n<p>3\u00e8me initiative de voisin-es, organis\u00e9es par Sol\u00e8n &amp; Philou sur les terrain et Kelu \u00e0 la playlist&#8230;.<\/p>\n<p>\u26a0\ufe0f Annulation en cas de pluie <em>(edit : \u00e7a tombe bien, aujourd&rsquo;hui (dimanche) il ne pleut pas !!)<\/em><br \/>\n________<br \/>\nINFOS PRATIQUES<br \/>\n\u25bc Ouvert \u00e0 tous les \u00e2ges<br \/>\n\ud83d\udccd Exterieur, sur les All\u00e9es de Salvagnac, Tarn<br \/>\n\ud83d\udcde Inscription aupr\u00e8s de Sol\u00e8n 07 69 66 40 60<\/p>\n<p>&nbsp;<\/p>\n<p>Lieu:<br \/>\nCaf\u00e9 Au Bord du Monde<br \/>\n12, all\u00e9es Jean Jaur\u00e8s<br \/>\n81630 Salvagnac<\/p>\n<p><em>Information communiqu\u00e9e par Sol\u00e8n<\/em><\/p>\n<p><a href=\"http:\/\/www.o-p-i.fr\/parlonsen\/agenda\/\">Retrouvez tous les \u00e9v\u00e9nements dans l&rsquo;agenda !<\/a><\/p>\n","protected":false},"excerpt":{"rendered":"<div class=\"mh-excerpt\">Dimanche 26 octobre 2025 \u00e0 14h, Caf\u00e9 Au bord du Monde.<\/div>\n","protected":false},"author":9,"featured_media":46799,"comment_status":"open","ping_status":"open","sticky":false,"template":"","format":"standard","meta":{"om_disable_all_campaigns":false,"advanced_seo_description":"","jetpack_seo_html_title":"","jetpack_seo_noindex":false,"_jetpack_memberships_contains_paid_content":false,"footnotes":"","_links_to":"","_links_to_target":""},"categories":[54,25,6376],"tags":[2548,353,3830,6493],"class_list":{"0":"post-66723","1":"post","2":"type-post","3":"status-publish","4":"format-standard","5":"has-post-thumbnail","7":"category-loisirs","8":"category-salvagnac","9":"category-n234-septembre-2025","10":"tag-salvagnac","11":"tag-petanque","12":"tag-cafe-au-bord-du-monde","13":"tag-s4325"},"jetpack_featured_media_url":"https:\/\/i0.wp.com\/www.o-p-i.fr\/parlonsen\/wp-content\/uploads\/Bord-monde.jpg?fit=227%2C226&ssl=1","views":"","jetpack_likes_enabled":true,"jetpack_sharing_enabled":true,"jetpack_shortlink":"https:\/\/wp.me\/pg7Wxj-hmb","jetpack-related-posts":[],"_links":{"self":[{"href":"https:\/\/www.o-p-i.fr\/parlonsen\/wp-json\/wp\/v2\/posts\/66723","targetHints":{"allow":["GET"]}}],"collection":[{"href":"https:\/\/www.o-p-i.fr\/parlonsen\/wp-json\/wp\/v2\/posts"}],"about":[{"href":"https:\/\/www.o-p-i.fr\/parlonsen\/wp-json\/wp\/v2\/types\/post"}],"author":[{"embeddable":true,"href":"https:\/\/www.o-p-i.fr\/parlonsen\/wp-json\/wp\/v2\/users\/9"}],"replies":[{"embeddable":true,"href":"https:\/\/www.o-p-i.fr\/parlonsen\/wp-json\/wp\/v2\/comments?post=66723"}],"version-history":[{"count":0,"href":"https:\/\/www.o-p-i.fr\/parlonsen\/wp-json\/wp\/v2\/posts\/66723\/revisions"}],"wp:featuredmedia":[{"embeddable":true,"href":"https:\/\/www.o-p-i.fr\/parlonsen\/wp-json\/wp\/v2\/media\/46799"}],"wp:attachment":[{"href":"https:\/\/www.o-p-i.fr\/parlonsen\/wp-json\/wp\/v2\/media?parent=66723"}],"wp:term":[{"taxonomy":"category","embeddable":true,"href":"https:\/\/www.o-p-i.fr\/parlonsen\/wp-json\/wp\/v2\/categories?post=66723"},{"taxonomy":"post_tag","embeddable":true,"href":"https:\/\/www.o-p-i.fr\/parlonsen\/wp-json\/wp\/v2\/tags?post=66723"}],"curies":[{"name":"wp","href":"https:\/\/api.w.org\/{rel}","templated":true}]}}