{"id":66735,"date":"2025-10-29T22:14:22","date_gmt":"2025-10-29T21:14:22","guid":{"rendered":"https:\/\/www.o-p-i.fr\/parlonsen\/?p=66735"},"modified":"2025-11-06T13:16:55","modified_gmt":"2025-11-06T12:16:55","slug":"soiree-concert-a-ste-catherine-a-puycelsi-81","status":"publish","type":"post","link":"https:\/\/www.o-p-i.fr\/parlonsen\/parlons-en\/culture\/soiree-concert-a-ste-catherine-a-puycelsi-81\/","title":{"rendered":"Soir\u00e9e-concert \u00e0 Ste Catherine &#8230; \u00e0 Puycelsi (81)"},"content":{"rendered":"<p><strong>Samedi 08 novembre \/ 18h00<\/strong><!--more--><\/p>\n<p><img data-recalc-dims=\"1\" loading=\"lazy\" decoding=\"async\" class=\" wp-image-66737 alignright\" src=\"https:\/\/i0.wp.com\/www.o-p-i.fr\/parlonsen\/wp-content\/uploads\/affiche-8-novembre-2025-ff6608059ec27996ee818c7b945ecdbc.gif?resize=410%2C580&#038;ssl=1\" alt=\"\" width=\"410\" height=\"580\" srcset=\"https:\/\/i0.wp.com\/www.o-p-i.fr\/parlonsen\/wp-content\/uploads\/affiche-8-novembre-2025-ff6608059ec27996ee818c7b945ecdbc.gif?resize=212%2C300&amp;ssl=1 212w, https:\/\/i0.wp.com\/www.o-p-i.fr\/parlonsen\/wp-content\/uploads\/affiche-8-novembre-2025-ff6608059ec27996ee818c7b945ecdbc.gif?resize=724%2C1024&amp;ssl=1 724w, https:\/\/i0.wp.com\/www.o-p-i.fr\/parlonsen\/wp-content\/uploads\/affiche-8-novembre-2025-ff6608059ec27996ee818c7b945ecdbc.gif?resize=768%2C1086&amp;ssl=1 768w, https:\/\/i0.wp.com\/www.o-p-i.fr\/parlonsen\/wp-content\/uploads\/affiche-8-novembre-2025-ff6608059ec27996ee818c7b945ecdbc.gif?resize=1086%2C1536&amp;ssl=1 1086w, https:\/\/i0.wp.com\/www.o-p-i.fr\/parlonsen\/wp-content\/uploads\/affiche-8-novembre-2025-ff6608059ec27996ee818c7b945ecdbc.gif?resize=1448%2C2048&amp;ssl=1 1448w\" sizes=\"auto, (max-width: 410px) 100vw, 410px\" \/>Une soir\u00e9e-concert c&rsquo;est: de la musique et un souper !<\/p>\n<h2>Adresse de l&rsquo;\u00e9v\u00e8nement<\/h2>\n<p>\u00c9glise de Ste Catherine, Chemin de Mandeounes, Lieu Dit Ste Catherine, Puycelsi<\/p>\n<h2>Tarif unique<\/h2>\n<p>libre participation<\/p>\n<h2>Organisateur de l&rsquo;\u00e9v\u00e8nement<\/h2>\n<p>Association Ste Catherine les Gibilis<\/p>\n<h2>Personne \/ Organisation \u00e0 contacter<\/h2>\n<p>Menge Thierry<\/p>\n<h2>Adresse<\/h2>\n<p>12 Chemin de Mandeounes<br \/>\n81140 Puycelsi<\/p>\n<h2>T\u00e9l\u00e9phone<\/h2>\n<p>06 45 18 76 37<\/p>\n<h2>Courriel<\/h2>\n<p><a href=\"mailto:thierry.menge@orange.fr\">thierry.menge@orange.fr<\/a><\/p>\n<p><em>Information transmise par M.Menge, l&rsquo;organisateur de l&rsquo;\u00e9v\u00e8nement<\/em><\/p>\n","protected":false},"excerpt":{"rendered":"<div class=\"mh-excerpt\">Samedi 08 novembre \/ 18h00<\/div>\n","protected":false},"author":9,"featured_media":66737,"comment_status":"open","ping_status":"open","sticky":false,"template":"","format":"standard","meta":{"om_disable_all_campaigns":false,"advanced_seo_description":"","jetpack_seo_html_title":"","jetpack_seo_noindex":false,"_jetpack_memberships_contains_paid_content":false,"footnotes":"","_links_to":"","_links_to_target":""},"categories":[1,6290,6390],"tags":[6280,6495,6504],"class_list":{"0":"post-66735","1":"post","2":"type-post","3":"status-publish","4":"format-standard","5":"has-post-thumbnail","7":"category-culture","8":"category-puycelsi","9":"category-n236-novembre-2025","10":"tag-concert-repas","11":"tag-association-ste-catherine-les-gibilis","12":"tag-s4525"},"jetpack_featured_media_url":"https:\/\/i0.wp.com\/www.o-p-i.fr\/parlonsen\/wp-content\/uploads\/affiche-8-novembre-2025-ff6608059ec27996ee818c7b945ecdbc.gif?fit=1654%2C2339&ssl=1","views":"","jetpack_likes_enabled":true,"jetpack_sharing_enabled":true,"jetpack_shortlink":"https:\/\/wp.me\/pg7Wxj-hmn","jetpack-related-posts":[],"_links":{"self":[{"href":"https:\/\/www.o-p-i.fr\/parlonsen\/wp-json\/wp\/v2\/posts\/66735","targetHints":{"allow":["GET"]}}],"collection":[{"href":"https:\/\/www.o-p-i.fr\/parlonsen\/wp-json\/wp\/v2\/posts"}],"about":[{"href":"https:\/\/www.o-p-i.fr\/parlonsen\/wp-json\/wp\/v2\/types\/post"}],"author":[{"embeddable":true,"href":"https:\/\/www.o-p-i.fr\/parlonsen\/wp-json\/wp\/v2\/users\/9"}],"replies":[{"embeddable":true,"href":"https:\/\/www.o-p-i.fr\/parlonsen\/wp-json\/wp\/v2\/comments?post=66735"}],"version-history":[{"count":1,"href":"https:\/\/www.o-p-i.fr\/parlonsen\/wp-json\/wp\/v2\/posts\/66735\/revisions"}],"predecessor-version":[{"id":66895,"href":"https:\/\/www.o-p-i.fr\/parlonsen\/wp-json\/wp\/v2\/posts\/66735\/revisions\/66895"}],"wp:featuredmedia":[{"embeddable":true,"href":"https:\/\/www.o-p-i.fr\/parlonsen\/wp-json\/wp\/v2\/media\/66737"}],"wp:attachment":[{"href":"https:\/\/www.o-p-i.fr\/parlonsen\/wp-json\/wp\/v2\/media?parent=66735"}],"wp:term":[{"taxonomy":"category","embeddable":true,"href":"https:\/\/www.o-p-i.fr\/parlonsen\/wp-json\/wp\/v2\/categories?post=66735"},{"taxonomy":"post_tag","embeddable":true,"href":"https:\/\/www.o-p-i.fr\/parlonsen\/wp-json\/wp\/v2\/tags?post=66735"}],"curies":[{"name":"wp","href":"https:\/\/api.w.org\/{rel}","templated":true}]}}