{"id":66739,"date":"2025-10-29T22:29:20","date_gmt":"2025-10-29T21:29:20","guid":{"rendered":"https:\/\/www.o-p-i.fr\/parlonsen\/?p=66739"},"modified":"2025-11-06T13:19:27","modified_gmt":"2025-11-06T12:19:27","slug":"salon-du-livre-le-gout-des-mots-a-saint-etienne-de-tulmont-82","status":"publish","type":"post","link":"https:\/\/www.o-p-i.fr\/parlonsen\/parlons-en\/culture\/salon-du-livre-le-gout-des-mots-a-saint-etienne-de-tulmont-82\/","title":{"rendered":"Salon du Livre, le Go\u00fbt des Mots &#8230; \u00e0 SAINT-ETIENNE de TULMONT (82)"},"content":{"rendered":"<p><strong>Dimanche 09 novembre de 10h00 \u00e0 18h00<\/strong><!--more--><\/p>\n<p><img data-recalc-dims=\"1\" loading=\"lazy\" decoding=\"async\" class=\" wp-image-66740 alignright\" src=\"https:\/\/i0.wp.com\/www.o-p-i.fr\/parlonsen\/wp-content\/uploads\/AFFICHE-SALON-DU-LIVRE-2025-174be2cbdda18478122048bb05752261.jpg?resize=402%2C569&#038;ssl=1\" alt=\"\" width=\"402\" height=\"569\" srcset=\"https:\/\/i0.wp.com\/www.o-p-i.fr\/parlonsen\/wp-content\/uploads\/AFFICHE-SALON-DU-LIVRE-2025-174be2cbdda18478122048bb05752261.jpg?resize=212%2C300&amp;ssl=1 212w, https:\/\/i0.wp.com\/www.o-p-i.fr\/parlonsen\/wp-content\/uploads\/AFFICHE-SALON-DU-LIVRE-2025-174be2cbdda18478122048bb05752261.jpg?resize=723%2C1024&amp;ssl=1 723w, https:\/\/i0.wp.com\/www.o-p-i.fr\/parlonsen\/wp-content\/uploads\/AFFICHE-SALON-DU-LIVRE-2025-174be2cbdda18478122048bb05752261.jpg?resize=768%2C1087&amp;ssl=1 768w, https:\/\/i0.wp.com\/www.o-p-i.fr\/parlonsen\/wp-content\/uploads\/AFFICHE-SALON-DU-LIVRE-2025-174be2cbdda18478122048bb05752261.jpg?resize=1085%2C1536&amp;ssl=1 1085w, https:\/\/i0.wp.com\/www.o-p-i.fr\/parlonsen\/wp-content\/uploads\/AFFICHE-SALON-DU-LIVRE-2025-174be2cbdda18478122048bb05752261.jpg?w=1413&amp;ssl=1 1413w\" sizes=\"auto, (max-width: 402px) 100vw, 402px\" \/>1er Salon du Livre organis\u00e9 par les Bords de Tauge. Auteurs en d\u00e9dicace, \u00e9criture collective, atelier de calligraphie, d\u00e9gustation produits locaux. Jeu \u00ab\u00a0la phrase myst\u00e8re\u00a0\u00bb avec la participation des commer\u00e7ants. De nombreux lots \u00e0 gagner. Un livre auteur achet\u00e9 = 1 livre offert.<\/p>\n<h2>Adresse de l&rsquo;\u00e9v\u00e8nement<\/h2>\n<p>Salle des F\u00eates<br \/>\nRue du Stade<br \/>\n82410 SAINT-ETIENNE DE TULMONT<\/p>\n<h2>Tarif unique<\/h2>\n<p>animations gratuites<\/p>\n<h2>Organisateur de l&rsquo;\u00e9n\u00e8vement<\/h2>\n<p>Association LES BORDS DE TAUGE<\/p>\n<h2>Personne \/ Organisation \u00e0 contacter<\/h2>\n<p>Fran\u00e7oise Bachmann<\/p>\n<h2>Adresse<\/h2>\n<p>Mairie &#8211; le Bourg &#8211; 82410 SAINT ETIENNE DE TULMONT<\/p>\n<h2>T\u00e9l\u00e9phone<\/h2>\n<p>06.89.78.55.68.<\/p>\n<h2>Courriel<\/h2>\n<p><a href=\"mailto:lesbordsdetauge@gmail.com\">lesbordsdetauge@gmail.com<\/a><\/p>\n<p><em>Information transmise par Christine CABOT, Charg\u00e9 officiel de la communication de l&rsquo;\u00e9v\u00e8nement<\/em><\/p>\n","protected":false},"excerpt":{"rendered":"<div class=\"mh-excerpt\">Dimanche 09 novembre de 10h00 \u00e0 18h00<\/div>\n","protected":false},"author":9,"featured_media":66740,"comment_status":"open","ping_status":"open","sticky":false,"template":"","format":"standard","meta":{"om_disable_all_campaigns":false,"advanced_seo_description":"","jetpack_seo_html_title":"","jetpack_seo_noindex":false,"_jetpack_memberships_contains_paid_content":false,"footnotes":"","_links_to":"","_links_to_target":""},"categories":[1,6473,6390],"tags":[678,4518,6504],"class_list":{"0":"post-66739","1":"post","2":"type-post","3":"status-publish","4":"format-standard","5":"has-post-thumbnail","7":"category-culture","8":"category-st-etienne-de-tulmont","9":"category-n236-novembre-2025","10":"tag-salon-du-livre","11":"tag-les-bords-de-tauge","12":"tag-s4525"},"jetpack_featured_media_url":"https:\/\/i0.wp.com\/www.o-p-i.fr\/parlonsen\/wp-content\/uploads\/AFFICHE-SALON-DU-LIVRE-2025-174be2cbdda18478122048bb05752261.jpg?fit=1413%2C2000&ssl=1","views":"","jetpack_likes_enabled":true,"jetpack_sharing_enabled":true,"jetpack_shortlink":"https:\/\/wp.me\/pg7Wxj-hmr","jetpack-related-posts":[],"_links":{"self":[{"href":"https:\/\/www.o-p-i.fr\/parlonsen\/wp-json\/wp\/v2\/posts\/66739","targetHints":{"allow":["GET"]}}],"collection":[{"href":"https:\/\/www.o-p-i.fr\/parlonsen\/wp-json\/wp\/v2\/posts"}],"about":[{"href":"https:\/\/www.o-p-i.fr\/parlonsen\/wp-json\/wp\/v2\/types\/post"}],"author":[{"embeddable":true,"href":"https:\/\/www.o-p-i.fr\/parlonsen\/wp-json\/wp\/v2\/users\/9"}],"replies":[{"embeddable":true,"href":"https:\/\/www.o-p-i.fr\/parlonsen\/wp-json\/wp\/v2\/comments?post=66739"}],"version-history":[{"count":1,"href":"https:\/\/www.o-p-i.fr\/parlonsen\/wp-json\/wp\/v2\/posts\/66739\/revisions"}],"predecessor-version":[{"id":66897,"href":"https:\/\/www.o-p-i.fr\/parlonsen\/wp-json\/wp\/v2\/posts\/66739\/revisions\/66897"}],"wp:featuredmedia":[{"embeddable":true,"href":"https:\/\/www.o-p-i.fr\/parlonsen\/wp-json\/wp\/v2\/media\/66740"}],"wp:attachment":[{"href":"https:\/\/www.o-p-i.fr\/parlonsen\/wp-json\/wp\/v2\/media?parent=66739"}],"wp:term":[{"taxonomy":"category","embeddable":true,"href":"https:\/\/www.o-p-i.fr\/parlonsen\/wp-json\/wp\/v2\/categories?post=66739"},{"taxonomy":"post_tag","embeddable":true,"href":"https:\/\/www.o-p-i.fr\/parlonsen\/wp-json\/wp\/v2\/tags?post=66739"}],"curies":[{"name":"wp","href":"https:\/\/api.w.org\/{rel}","templated":true}]}}