{"id":66742,"date":"2025-10-29T23:40:29","date_gmt":"2025-10-29T22:40:29","guid":{"rendered":"https:\/\/www.o-p-i.fr\/parlonsen\/?p=66742"},"modified":"2025-12-03T21:43:50","modified_gmt":"2025-12-03T20:43:50","slug":"marche-de-noel-a-tauriac-81-6","status":"publish","type":"post","link":"https:\/\/www.o-p-i.fr\/parlonsen\/parlons-en\/commerce\/marche-de-noel-a-tauriac-81-6\/","title":{"rendered":"March\u00e9 de No\u00ebl &#8230; \u00e0 Tauriac (81)"},"content":{"rendered":"<p><strong>Dimanche 07 d\u00e9cembre de 10h00 \u00e0 18h00<\/strong><!--more--><\/p>\n<p><img data-recalc-dims=\"1\" loading=\"lazy\" decoding=\"async\" class=\" wp-image-66743 alignright\" src=\"https:\/\/i0.wp.com\/www.o-p-i.fr\/parlonsen\/wp-content\/uploads\/2025-marche-noel-tauriac.jpg?resize=434%2C620&#038;ssl=1\" alt=\"\" width=\"434\" height=\"620\" srcset=\"https:\/\/i0.wp.com\/www.o-p-i.fr\/parlonsen\/wp-content\/uploads\/2025-marche-noel-tauriac.jpg?resize=210%2C300&amp;ssl=1 210w, https:\/\/i0.wp.com\/www.o-p-i.fr\/parlonsen\/wp-content\/uploads\/2025-marche-noel-tauriac.jpg?w=662&amp;ssl=1 662w\" sizes=\"auto, (max-width: 434px) 100vw, 434px\" \/>Le comit\u00e9 des f\u00eates de Tauriac est heureux de vous annoncer leur march\u00e9 de no\u00ebl annuel.<\/p>\n<p>P\u00e8re No\u00ebl. Tours de cal\u00e8ches gratuits toute la journ\u00e9e.atelier p\u00e2tisserie \u00e0 11h sur r\u00e9servation.<\/p>\n<p>Vente d&rsquo;hu\u00eetres et vin \u00e0 d\u00e9guster sur place ou \u00e0 emporter. Restauration rapide sur place.<\/p>\n<p>Vente de sapins sur r\u00e9servation \u00e9pic\u00e9a 150\/200 cm 15 euros.<\/p>\n<p>Norman 100\/150 cm 25 euros.<\/p>\n<p>Cr\u00e9ateurs et produits locaux.<\/p>\n<p>Pour les emplacements et les diff\u00e9rentes r\u00e9servations vous pouvez contacter le 07 88 71 01 89.<\/p>\n<h2>Adresse de l&rsquo;\u00e9v\u00e8nement<\/h2>\n<p>Salle des f\u00eates du village<\/p>\n<h2>Organisateur de l&rsquo;\u00e9v\u00e8nement<\/h2>\n<p>Comit\u00e9 des f\u00eates<\/p>\n<h2>Personne \/ Organisation \u00e0 contacter<\/h2>\n<p>Elodie<\/p>\n<h2>T\u00e9l\u00e9phone<\/h2>\n<p>0788710189<\/p>\n<h2>Courriel<\/h2>\n<p><a href=\"mailto:comitedesfetes.tauriac@gmail.com\">comitedesfetes.tauriac@gmail.com<\/a><\/p>\n<p><em>Information transmise par Elodie, l&rsquo;organisatrice de l&rsquo;\u00e9v\u00e8nement<\/em><\/p>\n","protected":false},"excerpt":{"rendered":"<div class=\"mh-excerpt\">Dimanche 07 d\u00e9cembre de 10h00 \u00e0 18h00<\/div>\n","protected":false},"author":9,"featured_media":66743,"comment_status":"open","ping_status":"open","sticky":false,"template":"","format":"standard","meta":{"om_disable_all_campaigns":false,"advanced_seo_description":"","jetpack_seo_html_title":"","jetpack_seo_noindex":false,"_jetpack_memberships_contains_paid_content":false,"footnotes":"","_links_to":"","_links_to_target":""},"categories":[4,21,6413],"tags":[757,6497,6525],"class_list":{"0":"post-66742","1":"post","2":"type-post","3":"status-publish","4":"format-standard","5":"has-post-thumbnail","7":"category-commerce","8":"category-tauriac","9":"category-n-237-decembre-2025","10":"tag-marche-de-noel","11":"tag-comite-des-fetes-de-tauriac","12":"tag-s4925"},"jetpack_featured_media_url":"https:\/\/i0.wp.com\/www.o-p-i.fr\/parlonsen\/wp-content\/uploads\/2025-marche-noel-tauriac.jpg?fit=662%2C947&ssl=1","views":"","jetpack_likes_enabled":true,"jetpack_sharing_enabled":true,"jetpack_shortlink":"https:\/\/wp.me\/pg7Wxj-hmu","jetpack-related-posts":[],"_links":{"self":[{"href":"https:\/\/www.o-p-i.fr\/parlonsen\/wp-json\/wp\/v2\/posts\/66742","targetHints":{"allow":["GET"]}}],"collection":[{"href":"https:\/\/www.o-p-i.fr\/parlonsen\/wp-json\/wp\/v2\/posts"}],"about":[{"href":"https:\/\/www.o-p-i.fr\/parlonsen\/wp-json\/wp\/v2\/types\/post"}],"author":[{"embeddable":true,"href":"https:\/\/www.o-p-i.fr\/parlonsen\/wp-json\/wp\/v2\/users\/9"}],"replies":[{"embeddable":true,"href":"https:\/\/www.o-p-i.fr\/parlonsen\/wp-json\/wp\/v2\/comments?post=66742"}],"version-history":[{"count":1,"href":"https:\/\/www.o-p-i.fr\/parlonsen\/wp-json\/wp\/v2\/posts\/66742\/revisions"}],"predecessor-version":[{"id":67779,"href":"https:\/\/www.o-p-i.fr\/parlonsen\/wp-json\/wp\/v2\/posts\/66742\/revisions\/67779"}],"wp:featuredmedia":[{"embeddable":true,"href":"https:\/\/www.o-p-i.fr\/parlonsen\/wp-json\/wp\/v2\/media\/66743"}],"wp:attachment":[{"href":"https:\/\/www.o-p-i.fr\/parlonsen\/wp-json\/wp\/v2\/media?parent=66742"}],"wp:term":[{"taxonomy":"category","embeddable":true,"href":"https:\/\/www.o-p-i.fr\/parlonsen\/wp-json\/wp\/v2\/categories?post=66742"},{"taxonomy":"post_tag","embeddable":true,"href":"https:\/\/www.o-p-i.fr\/parlonsen\/wp-json\/wp\/v2\/tags?post=66742"}],"curies":[{"name":"wp","href":"https:\/\/api.w.org\/{rel}","templated":true}]}}