{"id":66766,"date":"2025-10-30T12:58:36","date_gmt":"2025-10-30T11:58:36","guid":{"rendered":"https:\/\/www.o-p-i.fr\/parlonsen\/?p=66766"},"modified":"2025-10-30T23:32:26","modified_gmt":"2025-10-30T22:32:26","slug":"limmortelle-commune-eclat-dor-des-terres-seches","status":"publish","type":"post","link":"https:\/\/www.o-p-i.fr\/parlonsen\/parlons-en\/editorial\/limmortelle-commune-eclat-dor-des-terres-seches\/","title":{"rendered":"L\u2019immortelle commune, \u00e9clat d\u2019or des terres s\u00e8ches."},"content":{"rendered":"<div>\n<p><img data-recalc-dims=\"1\" loading=\"lazy\" decoding=\"async\" class=\" wp-image-66768 alignright\" src=\"https:\/\/i0.wp.com\/www.o-p-i.fr\/parlonsen\/wp-content\/uploads\/2025-10-30-photo-edito-immortelle-commune.jpg?resize=453%2C453&#038;ssl=1\" alt=\"\" width=\"453\" height=\"453\" srcset=\"https:\/\/i0.wp.com\/www.o-p-i.fr\/parlonsen\/wp-content\/uploads\/2025-10-30-photo-edito-immortelle-commune-scaled.jpg?resize=300%2C300&amp;ssl=1 300w, https:\/\/i0.wp.com\/www.o-p-i.fr\/parlonsen\/wp-content\/uploads\/2025-10-30-photo-edito-immortelle-commune-scaled.jpg?resize=1024%2C1024&amp;ssl=1 1024w, https:\/\/i0.wp.com\/www.o-p-i.fr\/parlonsen\/wp-content\/uploads\/2025-10-30-photo-edito-immortelle-commune-scaled.jpg?resize=50%2C50&amp;ssl=1 50w, https:\/\/i0.wp.com\/www.o-p-i.fr\/parlonsen\/wp-content\/uploads\/2025-10-30-photo-edito-immortelle-commune-scaled.jpg?resize=768%2C768&amp;ssl=1 768w, https:\/\/i0.wp.com\/www.o-p-i.fr\/parlonsen\/wp-content\/uploads\/2025-10-30-photo-edito-immortelle-commune-scaled.jpg?resize=1536%2C1536&amp;ssl=1 1536w, https:\/\/i0.wp.com\/www.o-p-i.fr\/parlonsen\/wp-content\/uploads\/2025-10-30-photo-edito-immortelle-commune-scaled.jpg?resize=2048%2C2048&amp;ssl=1 2048w, https:\/\/i0.wp.com\/www.o-p-i.fr\/parlonsen\/wp-content\/uploads\/2025-10-30-photo-edito-immortelle-commune-scaled.jpg?resize=375%2C375&amp;ssl=1 375w\" sizes=\"auto, (max-width: 453px) 100vw, 453px\" \/><\/p>\n<p>L\u2019immortelle commune, Helichrysum stoechas, \u00e9claire les coteaux pierreux de ses capitules dor\u00e9s. Son feuillage argent\u00e9 lib\u00e8re sous l\u2019ardeur du soleil une fragrance chaude et \u00e9pic\u00e9e rappelant le curry. M\u00eame fan\u00e9e elle garde son \u00e9clat, fid\u00e8le \u00e0 son nom d\u2019 \u00ab\u00a0immortelle\u00a0\u00bb.<\/p>\n<p>Fille du soleil, elle s\u2019enracine dans les sols secs et caillouteux, indiff\u00e9rente \u00e0 la soif comme aux vents br\u00fblants. L\u00e0 o\u00f9 la terre para\u00eet st\u00e9rile, elle s\u2019\u00e9l\u00e8ve et offre chaque \u00e9t\u00e9 son or v\u00e9g\u00e9tal aux paysages aust\u00e8res.<\/p>\n<p>En cuisine, quelques feuilles suffisent \u00e0 \u00e9veiller un rago\u00fbt, un curry ou des l\u00e9gumes grill\u00e9s. Elle y d\u00e9pose l\u2019empreinte discr\u00e8te de la garrigue.<\/p>\n<p>Mais c\u2019est surtout par ses vertus m\u00e9dicinales qu\u2019elle rayonne. Son huile essentielle, rare et pr\u00e9cieuse, apaise les bleus, r\u00e9g\u00e9n\u00e8re la peau et soigne les blessures invisibles. Sa cousine, l\u2019immortelle d\u2019Italie, tr\u00e8s pr\u00e9sente en Corse, concentre toutefois les pouvoirs les plus puissants.<\/p>\n<p>Son histoire enfin s\u2019aur\u00e9ole de sacr\u00e9. Dans l\u2019Antiquit\u00e9 on couronnait les dieux de ses fleurs dor\u00e9es, promesse d\u2019\u00e9ternit\u00e9.<\/p>\n<p>Ainsi, l\u2019immortelle, gardienne des terres arides, nous enseigne \u00e0 transformer l\u2019aust\u00e9rit\u00e9 en \u00e9clat et nous rappelle que pr\u00e9server ces paysages fragiles c\u2019est prot\u00e9ger une part d\u2019\u00e9ternit\u00e9.<\/p>\n<div>\n<p dir=\"ltr\"><div class=\"card\" style=\"width: 350px;\">\r\n<div class=\"card-body\">\r\n<h3 class=\"card-title text-center bg-light\">Fiche Auteur<\/h3>\r\n<a href=\"https:\/\/www.o-p-i.fr\/7alire\/nicolas-duivon\/nicolas-duivon-auteur\/\" target=\"_blank\" rel=\"noopener\">\r\n<img data-recalc-dims=\"1\" decoding=\"async\" class=\"card-img\" src=\"https:\/\/i0.wp.com\/www.o-p-i.fr\/7alire\/wp-content\/uploads\/2025-photo-auteur-nicolas-duivon-scaled-e1765108565599.jpg?ssl=1\" alt=\"Nicolas Duivon\" \/><\/a>\r\n<p class=\"card-text\">Nicolas Duivon<\/p>\r\n<a class=\"btn btn-primary\" href=\"https:\/\/www.o-p-i.fr\/7alire\/nicolas-duivon\/nicolas-duivon-auteur\/\" target=\"_blank\" rel=\"noopener\">Auteur Nicolas Duivon<i class=\"fa-solid fa-arrow-up-right-from-square\"><\/i><\/a>\r\n\r\n<\/div>\r\n<\/div><\/p>\n<p dir=\"ltr\">16 vues<\/p>\n<\/div>\n<\/div>\n","protected":false},"excerpt":{"rendered":"<div class=\"mh-excerpt\">L\u2019immortelle commune, Helichrysum stoechas, \u00e9claire les coteaux pierreux de ses capitules dor\u00e9s. Son feuillage argent\u00e9 lib\u00e8re sous l\u2019ardeur du soleil une fragrance chaude et \u00e9pic\u00e9e rappelant le curry. M\u00eame fan\u00e9e elle garde son \u00e9clat, fid\u00e8le <a class=\"mh-excerpt-more\" href=\"https:\/\/www.o-p-i.fr\/parlonsen\/parlons-en\/editorial\/limmortelle-commune-eclat-dor-des-terres-seches\/\" title=\"L\u2019immortelle commune, \u00e9clat d\u2019or des terres s\u00e8ches.\">[&#8230;]<\/a><\/div>\n","protected":false},"author":9,"featured_media":66768,"comment_status":"open","ping_status":"open","sticky":false,"template":"","format":"standard","meta":{"om_disable_all_campaigns":false,"advanced_seo_description":"","jetpack_seo_html_title":"","jetpack_seo_noindex":false,"_jetpack_memberships_contains_paid_content":false,"footnotes":"","_links_to":"","_links_to_target":""},"categories":[36,6389],"tags":[105,2944],"class_list":{"0":"post-66766","1":"post","2":"type-post","3":"status-publish","4":"format-standard","5":"has-post-thumbnail","7":"category-editorial","8":"category-n235-octobre-2025","9":"tag-nature","10":"tag-pantes-sauvages"},"jetpack_featured_media_url":"https:\/\/i0.wp.com\/www.o-p-i.fr\/parlonsen\/wp-content\/uploads\/2025-10-30-photo-edito-immortelle-commune-scaled.jpg?fit=2560%2C2560&ssl=1","views":{"total":16,"cached_at":"","cached_date":1777547147},"jetpack_likes_enabled":true,"jetpack_sharing_enabled":true,"jetpack_shortlink":"https:\/\/wp.me\/pg7Wxj-hmS","jetpack-related-posts":[],"_links":{"self":[{"href":"https:\/\/www.o-p-i.fr\/parlonsen\/wp-json\/wp\/v2\/posts\/66766","targetHints":{"allow":["GET"]}}],"collection":[{"href":"https:\/\/www.o-p-i.fr\/parlonsen\/wp-json\/wp\/v2\/posts"}],"about":[{"href":"https:\/\/www.o-p-i.fr\/parlonsen\/wp-json\/wp\/v2\/types\/post"}],"author":[{"embeddable":true,"href":"https:\/\/www.o-p-i.fr\/parlonsen\/wp-json\/wp\/v2\/users\/9"}],"replies":[{"embeddable":true,"href":"https:\/\/www.o-p-i.fr\/parlonsen\/wp-json\/wp\/v2\/comments?post=66766"}],"version-history":[{"count":0,"href":"https:\/\/www.o-p-i.fr\/parlonsen\/wp-json\/wp\/v2\/posts\/66766\/revisions"}],"wp:featuredmedia":[{"embeddable":true,"href":"https:\/\/www.o-p-i.fr\/parlonsen\/wp-json\/wp\/v2\/media\/66768"}],"wp:attachment":[{"href":"https:\/\/www.o-p-i.fr\/parlonsen\/wp-json\/wp\/v2\/media?parent=66766"}],"wp:term":[{"taxonomy":"category","embeddable":true,"href":"https:\/\/www.o-p-i.fr\/parlonsen\/wp-json\/wp\/v2\/categories?post=66766"},{"taxonomy":"post_tag","embeddable":true,"href":"https:\/\/www.o-p-i.fr\/parlonsen\/wp-json\/wp\/v2\/tags?post=66766"}],"curies":[{"name":"wp","href":"https:\/\/api.w.org\/{rel}","templated":true}]}}