{"id":66783,"date":"2025-11-04T14:45:50","date_gmt":"2025-11-04T13:45:50","guid":{"rendered":"https:\/\/www.o-p-i.fr\/parlonsen\/?p=66783"},"modified":"2025-11-20T09:48:19","modified_gmt":"2025-11-20T08:48:19","slug":"abdm-cmr-cine-debat-on-mange-quoi-des-idees-pour-mieux-se-nourrir-demain-a-salvagnac-81","status":"publish","type":"post","link":"https:\/\/www.o-p-i.fr\/parlonsen\/parlons-en\/agriculture\/abdm-cmr-cine-debat-on-mange-quoi-des-idees-pour-mieux-se-nourrir-demain-a-salvagnac-81\/","title":{"rendered":"ABDM &#8211; CMR &#8211; Cin\u00e9 d\u00e9bat &#8211; \u00ab\u00a0On mange quoi ? Des id\u00e9es pour mieux se nourrir demain\u00a0\u00bb&#8230;\u00e0 Salvagnac (81)"},"content":{"rendered":"<div class=\"gmail-xdj266r gmail-x14z9mp gmail-xat24cr gmail-x1lziwak gmail-x1vvkbs\">\n<div class=\"gmail-xdj266r gmail-x14z9mp gmail-xat24cr gmail-x1lziwak gmail-x1vvkbs\"><b>Vendredi 21 novembre 2025 \/ 20h30<\/b><\/div>\n<\/div>\n<p><!--more--><\/p>\n<div class=\"gmail-xdj266r gmail-x14z9mp gmail-xat24cr gmail-x1lziwak gmail-x1vvkbs\">\n<div class=\"gmail-x14z9mp gmail-xat24cr gmail-x1lziwak gmail-x1vvkbs gmail-xtlvy1s\">\n<p><img data-recalc-dims=\"1\" loading=\"lazy\" decoding=\"async\" class=\" wp-image-66786 alignright\" src=\"https:\/\/i0.wp.com\/www.o-p-i.fr\/parlonsen\/wp-content\/uploads\/2025-ABDM-Cine-debat-Manger-pour-vivre-On-mange-quoi-web.jpg?resize=410%2C410&#038;ssl=1\" alt=\"\" width=\"410\" height=\"410\" srcset=\"https:\/\/i0.wp.com\/www.o-p-i.fr\/parlonsen\/wp-content\/uploads\/2025-ABDM-Cine-debat-Manger-pour-vivre-On-mange-quoi-web.jpg?resize=300%2C300&amp;ssl=1 300w, https:\/\/i0.wp.com\/www.o-p-i.fr\/parlonsen\/wp-content\/uploads\/2025-ABDM-Cine-debat-Manger-pour-vivre-On-mange-quoi-web.jpg?resize=50%2C50&amp;ssl=1 50w, https:\/\/i0.wp.com\/www.o-p-i.fr\/parlonsen\/wp-content\/uploads\/2025-ABDM-Cine-debat-Manger-pour-vivre-On-mange-quoi-web.jpg?resize=768%2C768&amp;ssl=1 768w, https:\/\/i0.wp.com\/www.o-p-i.fr\/parlonsen\/wp-content\/uploads\/2025-ABDM-Cine-debat-Manger-pour-vivre-On-mange-quoi-web.jpg?resize=375%2C375&amp;ssl=1 375w, https:\/\/i0.wp.com\/www.o-p-i.fr\/parlonsen\/wp-content\/uploads\/2025-ABDM-Cine-debat-Manger-pour-vivre-On-mange-quoi-web.jpg?w=877&amp;ssl=1 877w\" sizes=\"auto, (max-width: 410px) 100vw, 410px\" \/>Cin\u00e9-d\u00e9bat avec le film \u00ab\u00a0<b>On mange quoi ? Des id\u00e9es pour mieux se nourrir demain<\/b>\u00ab\u00a0, de Bertrand Delapierre &amp; Sophie Roland<\/p>\n<p>Qu\u2019est-ce qu\u2019on mange ? Cette question nous nous la posons depuis\u2026 depuis toujours en fait.\u00a0Se nourrir, nourrir ses enfants, c\u2019est la premi\u00e8re des priorit\u00e9s. Pendant des si\u00e8cles, nos modes d\u2019alimentation n\u2019ont pas beaucoup \u00e9volu\u00e9. Mais ces 50 derni\u00e8res ann\u00e9es, notre fa\u00e7on de manger a \u00e9t\u00e9 totalement boulevers\u00e9e. Nos repas sont devenus plus vari\u00e9s, plus accessibles, plus rapides. Or cette opulence alimentaire a un prix : \u00e0\u00a0elle seule, l\u2019alimentation repr\u00e9sente un quart de nos \u00e9missions de gaz \u00e0 effet de serre.\u00a0Il est urgent de repenser nos menus pour changer notre empreinte environnementale.<\/p>\n<\/div>\n<div class=\"gmail-x14z9mp gmail-xat24cr gmail-x1lziwak gmail-x1vvkbs gmail-xtlvy1s\">\n<p>Et pour cela, pas la peine de sacrifier le go\u00fbt et de renoncer au plaisir de manger !<\/p>\n<p>Partout en France, Thomas Sotto part \u00e0 la rencontre de celles et ceux qui ont des id\u00e9es parfois toutes simples, parfois extraordinaires, pour continuer \u00e0 nous nourrir en r\u00e9duisant fortement notre impact.\u00a0Familles confront\u00e9es au casse-t\u00eate du menu quotidien, restaurants et chefs qui repensent la port\u00e9e de nos repas, sportifs et sportives, agriculteurs et agricultrices, entreprises industrielles d\u00e9cid\u00e9s \u00e0 combattre les id\u00e9es re\u00e7ues : on peut toutes et tous agir, quel que soit l\u2019endroit o\u00f9 nous vivons, quel que soit notre pouvoir d\u2019achat et surtout, quels que soient nos go\u00fbts !<\/p>\n<p><a href=\"https:\/\/www.alimenterre.org\/on-mange-quoi-des-idees-pour-mieux-se-nourrir-demain\">https:\/\/www.alimenterre.org\/on-mange-quoi-des-idees-pour-mieux-se-nourrir-demain<\/a><\/p>\n<p><span class=\"gmail-x193iq5w gmail-xeuugli gmail-x13faqbe gmail-x1vvkbs gmail-x1xmvt09 gmail-x1lliihq gmail-x1s928wv gmail-xhkezso gmail-x1gmr53x gmail-x1cpjm7i gmail-x1fgarty gmail-x1943h6x gmail-xudqn12 gmail-x3x7a5m gmail-x6prxxf gmail-xvq8zen gmail-xo1l8bm gmail-xzsf02u\" dir=\"auto\">______________________<br class=\"gmail-html-br\" \/>INFOS PRATIQUES<br class=\"gmail-html-br\" \/><\/span> <span class=\"gmail-x193iq5w gmail-xeuugli gmail-x13faqbe gmail-x1vvkbs gmail-x1xmvt09 gmail-x1lliihq gmail-x1s928wv gmail-xhkezso gmail-x1gmr53x gmail-x1cpjm7i gmail-x1fgarty gmail-x1943h6x gmail-xudqn12 gmail-x3x7a5m gmail-x6prxxf gmail-xvq8zen gmail-xo1l8bm gmail-xzsf02u\" dir=\"auto\">Salle l&rsquo;Ecrin, 81630 Salvagnac<\/span> <span class=\"gmail-x193iq5w gmail-xeuugli gmail-x13faqbe gmail-x1vvkbs gmail-x1xmvt09 gmail-x1lliihq gmail-x1s928wv gmail-xhkezso gmail-x1gmr53x gmail-x1cpjm7i gmail-x1fgarty gmail-x1943h6x gmail-xudqn12 gmail-x3x7a5m gmail-x6prxxf gmail-xvq8zen gmail-xo1l8bm gmail-xzsf02u\" dir=\"auto\">, Tarn<br class=\"gmail-html-br\" \/>\u20ac Demande de participation libre pour le droit de diffusion du film !<\/span><br \/>\n<b>Organisateur : EQUIPE CMR SALVAGNAC<\/b><\/p>\n<\/div>\n<\/div>\n","protected":false},"excerpt":{"rendered":"<div class=\"mh-excerpt\">Vendredi 21 novembre 2025 \/ 20h30<\/div>\n","protected":false},"author":9,"featured_media":46799,"comment_status":"open","ping_status":"open","sticky":false,"template":"","format":"standard","meta":{"om_disable_all_campaigns":false,"advanced_seo_description":"","jetpack_seo_html_title":"","jetpack_seo_noindex":false,"_jetpack_memberships_contains_paid_content":false,"footnotes":"","_links_to":"","_links_to_target":""},"categories":[3,25,6390],"tags":[831,3312,3830,6498,6518,2548],"class_list":{"0":"post-66783","1":"post","2":"type-post","3":"status-publish","4":"format-standard","5":"has-post-thumbnail","7":"category-agriculture","8":"category-salvagnac","9":"category-n236-novembre-2025","10":"tag-alimentation","11":"tag-cine-debat","12":"tag-cafe-au-bord-du-monde","13":"tag-cmr","14":"tag-s4725","15":"tag-salvagnac"},"jetpack_featured_media_url":"https:\/\/i0.wp.com\/www.o-p-i.fr\/parlonsen\/wp-content\/uploads\/Bord-monde.jpg?fit=227%2C226&ssl=1","views":"","jetpack_likes_enabled":true,"jetpack_sharing_enabled":true,"jetpack_shortlink":"https:\/\/wp.me\/pg7Wxj-hn9","jetpack-related-posts":[],"_links":{"self":[{"href":"https:\/\/www.o-p-i.fr\/parlonsen\/wp-json\/wp\/v2\/posts\/66783","targetHints":{"allow":["GET"]}}],"collection":[{"href":"https:\/\/www.o-p-i.fr\/parlonsen\/wp-json\/wp\/v2\/posts"}],"about":[{"href":"https:\/\/www.o-p-i.fr\/parlonsen\/wp-json\/wp\/v2\/types\/post"}],"author":[{"embeddable":true,"href":"https:\/\/www.o-p-i.fr\/parlonsen\/wp-json\/wp\/v2\/users\/9"}],"replies":[{"embeddable":true,"href":"https:\/\/www.o-p-i.fr\/parlonsen\/wp-json\/wp\/v2\/comments?post=66783"}],"version-history":[{"count":4,"href":"https:\/\/www.o-p-i.fr\/parlonsen\/wp-json\/wp\/v2\/posts\/66783\/revisions"}],"predecessor-version":[{"id":66791,"href":"https:\/\/www.o-p-i.fr\/parlonsen\/wp-json\/wp\/v2\/posts\/66783\/revisions\/66791"}],"wp:featuredmedia":[{"embeddable":true,"href":"https:\/\/www.o-p-i.fr\/parlonsen\/wp-json\/wp\/v2\/media\/46799"}],"wp:attachment":[{"href":"https:\/\/www.o-p-i.fr\/parlonsen\/wp-json\/wp\/v2\/media?parent=66783"}],"wp:term":[{"taxonomy":"category","embeddable":true,"href":"https:\/\/www.o-p-i.fr\/parlonsen\/wp-json\/wp\/v2\/categories?post=66783"},{"taxonomy":"post_tag","embeddable":true,"href":"https:\/\/www.o-p-i.fr\/parlonsen\/wp-json\/wp\/v2\/tags?post=66783"}],"curies":[{"name":"wp","href":"https:\/\/api.w.org\/{rel}","templated":true}]}}