{"id":66788,"date":"2025-11-04T14:48:39","date_gmt":"2025-11-04T13:48:39","guid":{"rendered":"https:\/\/www.o-p-i.fr\/parlonsen\/?p=66788"},"modified":"2025-11-26T21:58:27","modified_gmt":"2025-11-26T20:58:27","slug":"abdm-cmr-cine-debat-manger-pour-vivre-a-salvagnac-81","status":"publish","type":"post","link":"https:\/\/www.o-p-i.fr\/parlonsen\/parlons-en\/agriculture\/abdm-cmr-cine-debat-manger-pour-vivre-a-salvagnac-81\/","title":{"rendered":"ABDM &#8211; CMR &#8211; Cin\u00e9 d\u00e9bat &#8211; \u00ab\u00a0Manger pour vivre\u00a0\u00bb&#8230;\u00e0 Salvagnac (81)"},"content":{"rendered":"<div class=\"gmail-xdj266r gmail-x14z9mp gmail-xat24cr gmail-x1lziwak gmail-x1vvkbs\">\n<div class=\"gmail-xdj266r gmail-x14z9mp gmail-xat24cr gmail-x1lziwak gmail-x1vvkbs\"><span class=\"gmail-x193iq5w gmail-xeuugli gmail-x13faqbe gmail-x1vvkbs gmail-x1xmvt09 gmail-x1lliihq gmail-x1s928wv gmail-xhkezso gmail-x1gmr53x gmail-x1cpjm7i gmail-x1fgarty gmail-x1943h6x gmail-xudqn12 gmail-x3x7a5m gmail-x6prxxf gmail-xvq8zen gmail-xo1l8bm gmail-xzsf02u\" dir=\"auto\"><b>Jeudi 27 novembre 2025 \/ 20h30<\/b><\/span><\/div>\n<\/div>\n<p><!--more--><\/p>\n<div class=\"gmail-xdj266r gmail-x14z9mp gmail-xat24cr gmail-x1lziwak gmail-x1vvkbs\">\n<div class=\"gmail-x14z9mp gmail-xat24cr gmail-x1lziwak gmail-x1vvkbs gmail-xtlvy1s\">\n<p><img data-recalc-dims=\"1\" loading=\"lazy\" decoding=\"async\" class=\" wp-image-66786 alignright\" src=\"https:\/\/i0.wp.com\/www.o-p-i.fr\/parlonsen\/wp-content\/uploads\/2025-ABDM-Cine-debat-Manger-pour-vivre-On-mange-quoi-web.jpg?resize=410%2C410&#038;ssl=1\" alt=\"\" width=\"410\" height=\"410\" srcset=\"https:\/\/i0.wp.com\/www.o-p-i.fr\/parlonsen\/wp-content\/uploads\/2025-ABDM-Cine-debat-Manger-pour-vivre-On-mange-quoi-web.jpg?resize=300%2C300&amp;ssl=1 300w, https:\/\/i0.wp.com\/www.o-p-i.fr\/parlonsen\/wp-content\/uploads\/2025-ABDM-Cine-debat-Manger-pour-vivre-On-mange-quoi-web.jpg?resize=50%2C50&amp;ssl=1 50w, https:\/\/i0.wp.com\/www.o-p-i.fr\/parlonsen\/wp-content\/uploads\/2025-ABDM-Cine-debat-Manger-pour-vivre-On-mange-quoi-web.jpg?resize=768%2C768&amp;ssl=1 768w, https:\/\/i0.wp.com\/www.o-p-i.fr\/parlonsen\/wp-content\/uploads\/2025-ABDM-Cine-debat-Manger-pour-vivre-On-mange-quoi-web.jpg?resize=375%2C375&amp;ssl=1 375w, https:\/\/i0.wp.com\/www.o-p-i.fr\/parlonsen\/wp-content\/uploads\/2025-ABDM-Cine-debat-Manger-pour-vivre-On-mange-quoi-web.jpg?w=877&amp;ssl=1 877w\" sizes=\"auto, (max-width: 410px) 100vw, 410px\" \/><\/p>\n<div class=\"gmail-x14z9mp gmail-xat24cr gmail-x1lziwak gmail-x1vvkbs gmail-xtlvy1s\">Cin\u00e9-d\u00e9bat, avec le film \u00ab\u00a0<b>Manger pour vivre<\/b>\u00a0\u00bb de Val\u00e9rie Simonet,\u00a0<span class=\"gmail-x193iq5w gmail-xeuugli gmail-x13faqbe gmail-x1vvkbs gmail-x1xmvt09 gmail-x1lliihq gmail-x1s928wv gmail-xhkezso gmail-x1gmr53x gmail-x1cpjm7i gmail-x1fgarty gmail-x1943h6x gmail-xudqn12 gmail-x3x7a5m gmail-x6prxxf gmail-xvq8zen gmail-xo1l8bm gmail-xzsf02u\" dir=\"auto\">sur l\u2019aide alimentaire et la s\u00e9curit\u00e9 sociale de l\u2019alimentation<\/span><\/div>\n<div class=\"gmail-x14z9mp gmail-xat24cr gmail-x1lziwak gmail-x1vvkbs gmail-xtlvy1s\"><\/div>\n<div class=\"gmail-x14z9mp gmail-xat24cr gmail-x1lziwak gmail-x1vvkbs gmail-xtlvy1s\">En 2025 en France, une personne sur dix a des difficult\u00e9s chaque jour pour se nourrir. L&rsquo;aide alimentaire s&rsquo;est install\u00e9e dans le paysage. Malgr\u00e9 toute son humanit\u00e9, elle est d\u00e9bord\u00e9e par le ph\u00e9nom\u00e8ne.<br class=\"gmail-html-br\" \/>Face \u00e0 cette situation, un collectif d\u2019associations de Montpellier a cr\u00e9\u00e9 une Caisse alimentaire commune.<\/div>\n<div class=\"gmail-x14z9mp gmail-xat24cr gmail-x1lziwak gmail-x1vvkbs gmail-xtlvy1s\">Pendant une ann\u00e9e, le film suit la premi\u00e8re \u00e9bauche d&rsquo;une s\u00e9curit\u00e9 sociale de l\u2019alimentation. 400 personnes y cotisent selon leurs moyens et re\u00e7oivent tous la m\u00eame somme pour se nourrir sainement. Surtout, elles reprennent leur vie en main.<br class=\"gmail-html-br\" \/>A travers quatre portraits sensibles, le film propose une r\u00e9flexion sur le droit \u00e0 l\u2019alimentation<\/div>\n<div class=\"gmail-x14z9mp gmail-xat24cr gmail-x1lziwak gmail-x1vvkbs gmail-xtlvy1s\"><\/div>\n<div class=\"gmail-x14z9mp gmail-xat24cr gmail-x1lziwak gmail-x1vvkbs gmail-xtlvy1s\"><a class=\"gmail-x1i10hfl gmail-xjbqb8w gmail-x1ejq31n gmail-x18oe1m7 gmail-x1sy0etr gmail-xstzfhl gmail-x972fbf gmail-x10w94by gmail-x1qhh985 gmail-x14e42zd gmail-x9f619 gmail-x1ypdohk gmail-xt0psk2 gmail-x3ct3a4 gmail-xdj266r gmail-x14z9mp gmail-xat24cr gmail-x1lziwak gmail-xexx8yu gmail-xyri2b gmail-x18d9i69 gmail-x1c1uobl gmail-x16tdsg8 gmail-x1hl2dhg gmail-xggy1nq gmail-x1a2a7pz gmail-xkrqix3 gmail-x1sur9pj gmail-x1fey0fg gmail-x1s688f\" tabindex=\"0\" role=\"link\" href=\"https:\/\/www.alimenterre.org\/manger-pour-vivre?fbclid=IwZXh0bgNhZW0CMTAAAR443wtzRb3LzEATrqhSvL4k7rs4nP2ZLsPxhNLQbnNJQgLETex3khp_ilicqg_aem_jRt-ee6jD0KodTNr4lbBkA\" target=\"_blank\" rel=\"nofollow noopener noreferrer\">https:\/\/www.alimenterre.org\/manger-pour-vivre<\/a><\/div>\n<div class=\"gmail-x14z9mp gmail-xat24cr gmail-x1lziwak gmail-x1vvkbs gmail-xtlvy1s\">______________________<br class=\"gmail-html-br\" \/>INFOS PRATIQUES<br class=\"gmail-html-br\" \/>Caf\u00e9 Au bord du monde, Salvagnac, Tarn<br class=\"gmail-html-br\" \/>\u20ac Demande de participation libre pour le droit de diffusion du film !<\/div>\n<div class=\"gmail-x14z9mp gmail-xat24cr gmail-x1lziwak gmail-x1vvkbs gmail-xtlvy1s\"><span class=\"gmail-x193iq5w gmail-xeuugli gmail-x13faqbe gmail-x1vvkbs gmail-x1xmvt09 gmail-x1lliihq gmail-x1s928wv gmail-xhkezso gmail-x1gmr53x gmail-x1cpjm7i gmail-x1fgarty gmail-x1943h6x gmail-xudqn12 gmail-x3x7a5m gmail-x6prxxf gmail-xvq8zen gmail-xo1l8bm gmail-xzsf02u\" dir=\"auto\"><b>Organisateur : Caf\u00e9 ABDM<\/b><\/span><\/div>\n<\/div>\n<\/div>\n","protected":false},"excerpt":{"rendered":"<div class=\"mh-excerpt\">Jeudi 27 novembre 2025 \/ 20h30<\/div>\n","protected":false},"author":9,"featured_media":46799,"comment_status":"open","ping_status":"open","sticky":false,"template":"","format":"standard","meta":{"om_disable_all_campaigns":false,"advanced_seo_description":"","jetpack_seo_html_title":"","jetpack_seo_noindex":false,"_jetpack_memberships_contains_paid_content":false,"footnotes":"","_links_to":"","_links_to_target":""},"categories":[3,25,6390],"tags":[3830,6498,6523,2548,831,3312],"class_list":{"0":"post-66788","1":"post","2":"type-post","3":"status-publish","4":"format-standard","5":"has-post-thumbnail","7":"category-agriculture","8":"category-salvagnac","9":"category-n236-novembre-2025","10":"tag-cafe-au-bord-du-monde","11":"tag-cmr","12":"tag-s4825","13":"tag-salvagnac","14":"tag-alimentation","15":"tag-cine-debat"},"jetpack_featured_media_url":"https:\/\/i0.wp.com\/www.o-p-i.fr\/parlonsen\/wp-content\/uploads\/Bord-monde.jpg?fit=227%2C226&ssl=1","views":"","jetpack_likes_enabled":true,"jetpack_sharing_enabled":true,"jetpack_shortlink":"https:\/\/wp.me\/pg7Wxj-hne","jetpack-related-posts":[],"_links":{"self":[{"href":"https:\/\/www.o-p-i.fr\/parlonsen\/wp-json\/wp\/v2\/posts\/66788","targetHints":{"allow":["GET"]}}],"collection":[{"href":"https:\/\/www.o-p-i.fr\/parlonsen\/wp-json\/wp\/v2\/posts"}],"about":[{"href":"https:\/\/www.o-p-i.fr\/parlonsen\/wp-json\/wp\/v2\/types\/post"}],"author":[{"embeddable":true,"href":"https:\/\/www.o-p-i.fr\/parlonsen\/wp-json\/wp\/v2\/users\/9"}],"replies":[{"embeddable":true,"href":"https:\/\/www.o-p-i.fr\/parlonsen\/wp-json\/wp\/v2\/comments?post=66788"}],"version-history":[{"count":2,"href":"https:\/\/www.o-p-i.fr\/parlonsen\/wp-json\/wp\/v2\/posts\/66788\/revisions"}],"predecessor-version":[{"id":66790,"href":"https:\/\/www.o-p-i.fr\/parlonsen\/wp-json\/wp\/v2\/posts\/66788\/revisions\/66790"}],"wp:featuredmedia":[{"embeddable":true,"href":"https:\/\/www.o-p-i.fr\/parlonsen\/wp-json\/wp\/v2\/media\/46799"}],"wp:attachment":[{"href":"https:\/\/www.o-p-i.fr\/parlonsen\/wp-json\/wp\/v2\/media?parent=66788"}],"wp:term":[{"taxonomy":"category","embeddable":true,"href":"https:\/\/www.o-p-i.fr\/parlonsen\/wp-json\/wp\/v2\/categories?post=66788"},{"taxonomy":"post_tag","embeddable":true,"href":"https:\/\/www.o-p-i.fr\/parlonsen\/wp-json\/wp\/v2\/tags?post=66788"}],"curies":[{"name":"wp","href":"https:\/\/api.w.org\/{rel}","templated":true}]}}