{"id":66792,"date":"2025-11-04T14:59:05","date_gmt":"2025-11-04T13:59:05","guid":{"rendered":"https:\/\/www.o-p-i.fr\/parlonsen\/?p=66792"},"modified":"2025-12-03T21:42:40","modified_gmt":"2025-12-03T20:42:40","slug":"abdm-cine-courts-les-coups-de-%e2%99%a5-de-sequence-courts-metrage-a-salvagnac-81","status":"publish","type":"post","link":"https:\/\/www.o-p-i.fr\/parlonsen\/parlons-en\/culture\/abdm-cine-courts-les-coups-de-%e2%99%a5-de-sequence-courts-metrage-a-salvagnac-81\/","title":{"rendered":"ABDM &#8211; Cin\u00e9-courts &#8211; LES COUPS DE \u2665 de SEQUENCE courts m\u00e9trage&#8230;&#8230;\u00e0 Salvagnac (81)"},"content":{"rendered":"<div class=\"gmail-xdj266r gmail-x14z9mp gmail-xat24cr gmail-x1lziwak gmail-x1vvkbs\">\n<div class=\"gmail-xdj266r gmail-x14z9mp gmail-xat24cr gmail-x1lziwak gmail-x1vvkbs\"><strong>Vendredi 5 d\u00e9cembre 2025 &#8211; 21h<\/strong><\/div>\n<\/div>\n<p><!--more--><\/p>\n<div class=\"gmail-xdj266r gmail-x14z9mp gmail-xat24cr gmail-x1lziwak gmail-x1vvkbs\">\n<div class=\"gmail-x14z9mp gmail-xat24cr gmail-x1lziwak gmail-x1vvkbs gmail-xtlvy1s\">\n<p><img data-recalc-dims=\"1\" loading=\"lazy\" decoding=\"async\" class=\" wp-image-66794 alignright\" src=\"https:\/\/i0.wp.com\/www.o-p-i.fr\/parlonsen\/wp-content\/uploads\/2025-ABDM-Cine-court-sequence-court-metrage.jpg?resize=421%2C421&#038;ssl=1\" alt=\"\" width=\"421\" height=\"421\" srcset=\"https:\/\/i0.wp.com\/www.o-p-i.fr\/parlonsen\/wp-content\/uploads\/2025-ABDM-Cine-court-sequence-court-metrage.jpg?resize=300%2C300&amp;ssl=1 300w, https:\/\/i0.wp.com\/www.o-p-i.fr\/parlonsen\/wp-content\/uploads\/2025-ABDM-Cine-court-sequence-court-metrage.jpg?resize=50%2C50&amp;ssl=1 50w, https:\/\/i0.wp.com\/www.o-p-i.fr\/parlonsen\/wp-content\/uploads\/2025-ABDM-Cine-court-sequence-court-metrage.jpg?resize=768%2C768&amp;ssl=1 768w, https:\/\/i0.wp.com\/www.o-p-i.fr\/parlonsen\/wp-content\/uploads\/2025-ABDM-Cine-court-sequence-court-metrage.jpg?resize=375%2C375&amp;ssl=1 375w, https:\/\/i0.wp.com\/www.o-p-i.fr\/parlonsen\/wp-content\/uploads\/2025-ABDM-Cine-court-sequence-court-metrage.jpg?w=877&amp;ssl=1 877w\" sizes=\"auto, (max-width: 421px) 100vw, 421px\" \/><\/p>\n<p>Cin\u00e9-courts &#8211; LES COUPS DE \u2665 de SEQUENCE courts m\u00e9trage&#8230;<br \/>\n+ BURGERS<\/p>\n<p>\u00ab\u00a0Courts en saison &#8211; ce sont 4 temps forts dans l\u2019ann\u00e9e qui vous permettent de voir du court sur grand \u00e9cran en m\u00eame temps que le festival \u00e0 Toulouse (du 10 au 14 d\u00e9cembre 2025)<br \/>\nCette ann\u00e9e, voici un condens\u00e9 des films qui nous ont le plus touch\u00e9s en 2024. Des \u0153uvres dr\u00f4les, percutantes, politiques et ornithologiques, port\u00e9es par cinq r\u00e9alisatrices \u00e0 suivre de pr\u00e8s !\u00a0\u00bb<\/p>\n<p><a href=\"https:\/\/www.sequence-court.com\/\" target=\"_blank\" rel=\"noopener\">https:\/\/www.sequence-court.com\/<\/a><br \/>\n_____________________<br \/>\nINFOS PRATIQUES<br \/>\nCaf\u00e9 Au bord du monde, Salvagnac, Tarn<br \/>\nParticipation libre pour les droits de projection<br \/>\nR\u00e9sa pour les burgers 05 63 55 14 52<\/p>\n<\/div>\n<\/div>\n","protected":false},"excerpt":{"rendered":"<div class=\"mh-excerpt\">Vendredi 5 d\u00e9cembre 2025 &#8211; 21h<\/div>\n","protected":false},"author":9,"featured_media":46799,"comment_status":"open","ping_status":"open","sticky":false,"template":"","format":"standard","meta":{"om_disable_all_campaigns":false,"advanced_seo_description":"","jetpack_seo_html_title":"","jetpack_seo_noindex":false,"_jetpack_memberships_contains_paid_content":false,"footnotes":"","_links_to":"","_links_to_target":""},"categories":[1,25,6413],"tags":[2548,3830,3842,6525],"class_list":{"0":"post-66792","1":"post","2":"type-post","3":"status-publish","4":"format-standard","5":"has-post-thumbnail","7":"category-culture","8":"category-salvagnac","9":"category-n-237-decembre-2025","10":"tag-salvagnac","11":"tag-cafe-au-bord-du-monde","12":"tag-cinema-court-metrage","13":"tag-s4925"},"jetpack_featured_media_url":"https:\/\/i0.wp.com\/www.o-p-i.fr\/parlonsen\/wp-content\/uploads\/Bord-monde.jpg?fit=227%2C226&ssl=1","views":"","jetpack_likes_enabled":true,"jetpack_sharing_enabled":true,"jetpack_shortlink":"https:\/\/wp.me\/pg7Wxj-hni","jetpack-related-posts":[],"_links":{"self":[{"href":"https:\/\/www.o-p-i.fr\/parlonsen\/wp-json\/wp\/v2\/posts\/66792","targetHints":{"allow":["GET"]}}],"collection":[{"href":"https:\/\/www.o-p-i.fr\/parlonsen\/wp-json\/wp\/v2\/posts"}],"about":[{"href":"https:\/\/www.o-p-i.fr\/parlonsen\/wp-json\/wp\/v2\/types\/post"}],"author":[{"embeddable":true,"href":"https:\/\/www.o-p-i.fr\/parlonsen\/wp-json\/wp\/v2\/users\/9"}],"replies":[{"embeddable":true,"href":"https:\/\/www.o-p-i.fr\/parlonsen\/wp-json\/wp\/v2\/comments?post=66792"}],"version-history":[{"count":3,"href":"https:\/\/www.o-p-i.fr\/parlonsen\/wp-json\/wp\/v2\/posts\/66792\/revisions"}],"predecessor-version":[{"id":67777,"href":"https:\/\/www.o-p-i.fr\/parlonsen\/wp-json\/wp\/v2\/posts\/66792\/revisions\/67777"}],"wp:featuredmedia":[{"embeddable":true,"href":"https:\/\/www.o-p-i.fr\/parlonsen\/wp-json\/wp\/v2\/media\/46799"}],"wp:attachment":[{"href":"https:\/\/www.o-p-i.fr\/parlonsen\/wp-json\/wp\/v2\/media?parent=66792"}],"wp:term":[{"taxonomy":"category","embeddable":true,"href":"https:\/\/www.o-p-i.fr\/parlonsen\/wp-json\/wp\/v2\/categories?post=66792"},{"taxonomy":"post_tag","embeddable":true,"href":"https:\/\/www.o-p-i.fr\/parlonsen\/wp-json\/wp\/v2\/tags?post=66792"}],"curies":[{"name":"wp","href":"https:\/\/api.w.org\/{rel}","templated":true}]}}