{"id":66812,"date":"2025-11-04T17:17:42","date_gmt":"2025-11-04T16:17:42","guid":{"rendered":"https:\/\/www.o-p-i.fr\/parlonsen\/?p=66812"},"modified":"2025-11-26T21:56:40","modified_gmt":"2025-11-26T20:56:40","slug":"le-banc-sonore-octopus-radio-y-a-pas-que-lapero-a-rabastens-81","status":"publish","type":"post","link":"https:\/\/www.o-p-i.fr\/parlonsen\/parlons-en\/culture\/le-banc-sonore-octopus-radio-y-a-pas-que-lapero-a-rabastens-81\/","title":{"rendered":"Le Banc Sonore &#8211; Octopus Radio : Y a pas que l&rsquo;ap\u00e9ro ! &#8230; \u00e0 Rabastens (81)"},"content":{"rendered":"<h4 class=\"default-heading4\">Vendredi 28 novembre &#8211; 20h00<!--more--><\/h4>\n<div>\n<p><img data-recalc-dims=\"1\" loading=\"lazy\" decoding=\"async\" class=\" wp-image-66814 alignright\" src=\"https:\/\/i0.wp.com\/www.o-p-i.fr\/parlonsen\/wp-content\/uploads\/2025-banc-sonore-emission-radio-en-live.png?resize=451%2C319&#038;ssl=1\" alt=\"\" width=\"451\" height=\"319\" srcset=\"https:\/\/i0.wp.com\/www.o-p-i.fr\/parlonsen\/wp-content\/uploads\/2025-banc-sonore-emission-radio-en-live.png?resize=300%2C212&amp;ssl=1 300w, https:\/\/i0.wp.com\/www.o-p-i.fr\/parlonsen\/wp-content\/uploads\/2025-banc-sonore-emission-radio-en-live.png?resize=1024%2C724&amp;ssl=1 1024w, https:\/\/i0.wp.com\/www.o-p-i.fr\/parlonsen\/wp-content\/uploads\/2025-banc-sonore-emission-radio-en-live.png?resize=768%2C543&amp;ssl=1 768w, https:\/\/i0.wp.com\/www.o-p-i.fr\/parlonsen\/wp-content\/uploads\/2025-banc-sonore-emission-radio-en-live.png?w=1181&amp;ssl=1 1181w\" sizes=\"auto, (max-width: 451px) 100vw, 451px\" \/>La Palestine au c\u0153ur de l&rsquo;\u00e9mission de Radio Octopus en live. Vous \u00eates les bienvenu\u00b7e\u00b7s pour y assister, mais aussi pour participer, poser vos questions, d\u00e9battre, etc.<\/p>\n<\/div>\n<p>Information transmise par le <em>Banc Sonore<\/em><\/p>\n","protected":false},"excerpt":{"rendered":"<div class=\"mh-excerpt\">Vendredi 28 novembre &#8211; 20h00<\/div>\n","protected":false},"author":9,"featured_media":48776,"comment_status":"open","ping_status":"open","sticky":false,"template":"","format":"standard","meta":{"om_disable_all_campaigns":false,"advanced_seo_description":"","jetpack_seo_html_title":"","jetpack_seo_noindex":false,"_jetpack_memberships_contains_paid_content":false,"footnotes":"","_links_to":"","_links_to_target":""},"categories":[1,6411,6390],"tags":[2758,6500,6523],"class_list":{"0":"post-66812","1":"post","2":"type-post","3":"status-publish","4":"format-standard","5":"has-post-thumbnail","7":"category-culture","8":"category-rabastens","9":"category-n236-novembre-2025","10":"tag-le-banc-sonore","11":"tag-emission-radio","12":"tag-s4825"},"jetpack_featured_media_url":"https:\/\/i0.wp.com\/www.o-p-i.fr\/parlonsen\/wp-content\/uploads\/Banc-Sonore-logo.jpg?fit=142%2C145&ssl=1","views":"","jetpack_likes_enabled":true,"jetpack_sharing_enabled":true,"jetpack_shortlink":"https:\/\/wp.me\/pg7Wxj-hnC","jetpack-related-posts":[],"_links":{"self":[{"href":"https:\/\/www.o-p-i.fr\/parlonsen\/wp-json\/wp\/v2\/posts\/66812","targetHints":{"allow":["GET"]}}],"collection":[{"href":"https:\/\/www.o-p-i.fr\/parlonsen\/wp-json\/wp\/v2\/posts"}],"about":[{"href":"https:\/\/www.o-p-i.fr\/parlonsen\/wp-json\/wp\/v2\/types\/post"}],"author":[{"embeddable":true,"href":"https:\/\/www.o-p-i.fr\/parlonsen\/wp-json\/wp\/v2\/users\/9"}],"replies":[{"embeddable":true,"href":"https:\/\/www.o-p-i.fr\/parlonsen\/wp-json\/wp\/v2\/comments?post=66812"}],"version-history":[{"count":2,"href":"https:\/\/www.o-p-i.fr\/parlonsen\/wp-json\/wp\/v2\/posts\/66812\/revisions"}],"predecessor-version":[{"id":66815,"href":"https:\/\/www.o-p-i.fr\/parlonsen\/wp-json\/wp\/v2\/posts\/66812\/revisions\/66815"}],"wp:featuredmedia":[{"embeddable":true,"href":"https:\/\/www.o-p-i.fr\/parlonsen\/wp-json\/wp\/v2\/media\/48776"}],"wp:attachment":[{"href":"https:\/\/www.o-p-i.fr\/parlonsen\/wp-json\/wp\/v2\/media?parent=66812"}],"wp:term":[{"taxonomy":"category","embeddable":true,"href":"https:\/\/www.o-p-i.fr\/parlonsen\/wp-json\/wp\/v2\/categories?post=66812"},{"taxonomy":"post_tag","embeddable":true,"href":"https:\/\/www.o-p-i.fr\/parlonsen\/wp-json\/wp\/v2\/tags?post=66812"}],"curies":[{"name":"wp","href":"https:\/\/api.w.org\/{rel}","templated":true}]}}